{"id":541352,"date":"2025-11-18T00:13:29","date_gmt":"2025-11-18T00:13:29","guid":{"rendered":"https:\/\/www.europesays.com\/fr\/541352\/"},"modified":"2025-11-18T00:13:29","modified_gmt":"2025-11-18T00:13:29","slug":"rennes-un-detenu-sevade-lors-dune-sortie-au-planetarium","status":"publish","type":"post","link":"https:\/\/www.europesays.com\/fr\/541352\/","title":{"rendered":"Rennes : un d\u00e9tenu s&rsquo;\u00e9vade lors d&rsquo;une sortie au plan\u00e9tarium"},"content":{"rendered":"<ul class=\"jsx-862013697 ArticleChapo__List\">\n<li class=\"jsx-862013697 ArticleChapo__List_Item flex\">Un d\u00e9tenu de 37 ans, condamn\u00e9 depuis 2024 pour \u00ab\u00a0divers faits de vols\u00a0\u00bb, s&rsquo;est \u00e9chapp\u00e9 lors d&rsquo;une sortie collective, vendredi.<\/li>\n<li class=\"jsx-862013697 ArticleChapo__List_Item flex\">Il a pris la fuite malgr\u00e9 la vigilance du personnel p\u00e9nitentiaire.<\/li>\n<li class=\"jsx-862013697 ArticleChapo__List_Item flex\">L&rsquo;individu est depuis activement recherch\u00e9.<\/li>\n<\/ul>\n<p data-module=\"article-paragraph\" class=\"jsx-3046738180 Paragraph\">Introuvable depuis trois jours. Un d\u00e9tenu de 37 ans, connu pour des vols, s&rsquo;est \u00e9vad\u00e9 vendredi 14 novembre lors d&rsquo;une sortie collective au plan\u00e9tarium de Rennes (Ille-et-Vilaine), a indiqu\u00e9 une source judiciaire \u00e0 TF1-LCI, confirmant une information d&rsquo;<a href=\"https:\/\/www.ouest-france.fr\/societe\/faits-divers\/un-detenu-de-la-prison-de-rennes-vezin-sevade-pendant-une-sortie-au-planetarium-il-est-recherche-depuis-trois-jours-018e9eb4-c3c1-11f0-8509-2c0807403e46\" target=\"_blank\" rel=\"nofollow noopener\">Ouest-France (nouvelle fen\u00eatre)<\/a>.<\/p>\n<p data-module=\"article-paragraph\" class=\"jsx-3046738180 Paragraph Paragraph__End\">Au total, six d\u00e9tenus participaient \u00e0 cette sortie, mais l&rsquo;un d&rsquo;eux <a href=\"https:\/\/www.tf1info.fr\/justice-faits-divers\/video-tf1-une-serie-de-defaillances-comment-un-detenu-a-t-il-pu-s-evader-dans-un-sac-a-linge-pres-de-lyon-2382670.html\" target=\"_blank\" rel=\"noopener\">a pris la fuite (nouvelle fen\u00eatre)<\/a>, \u00e9chappant \u00e0 la vigilance du personnel p\u00e9nitentiaire. L&rsquo;\u00e9vad\u00e9 a \u00e9t\u00e9 inscrit au Fichier des personnes recherch\u00e9es, un fichier des forces de l&rsquo;ordre visant \u00e0 surveiller et rechercher certains individus. Il reste activement recherch\u00e9, a pr\u00e9cis\u00e9 cette source.<\/p>\n<p><a href=\"https:\/\/www.tf1info.fr\/justice-faits-divers\/paris-un-detenu-profite-d-une-sortie-au-musee-de-l-homme-pour-s-evader-2348098.html\" rel=\"noopener\" class=\"jsx-3308031228 Link flex\" target=\"_blank\"><img decoding=\"async\" src=\"https:\/\/www.europesays.com\/fr\/wp-content\/uploads\/2025\/11\/police-france-illustration-157145-0@1x.jpeg\" alt=\"Fred TANNEAU \/ AFP\" loading=\"lazy\" importance=\"low\" fetchpriority=\"low\" class=\"\" aria-hidden=\"true\"\/><\/p>\n<p class=\"jsx-3657663356 ReadMoreArticle__Title\">Lire aussi<\/p>\n<p class=\"jsx-3657663356\">Paris : un d\u00e9tenu profite d&rsquo;une sortie au mus\u00e9e de l&rsquo;Homme pour s&rsquo;\u00e9vader<\/p>\n<p><\/a><\/p>\n<p data-module=\"article-paragraph\" class=\"jsx-3046738180 Paragraph\">\u00ab\u00a0Il est toujours recherch\u00e9\u00a0\u00bb, a abond\u00e9 aupr\u00e8s de l&rsquo;AFP le procureur de la R\u00e9publique de Rennes, Fr\u00e9d\u00e9ric Teillet, qui a ajout\u00e9 que <a href=\"https:\/\/www.tf1info.fr\/justice-faits-divers\/un-detenu-s-evade-lors-d-un-arret-sur-une-aire-d-autoroute-du-jura-2345473.html\" target=\"_blank\" rel=\"noopener\">son \u00e9vasion (nouvelle fen\u00eatre)<\/a> est survenue \u00ab\u00a0sans violence\u00a0\u00bb. L&rsquo;individu avait \u00e9t\u00e9 condamn\u00e9 en d\u00e9cembre 2024 pour \u00ab\u00a0divers faits de vols\u00a0\u00bb, et devait \u00eatre incarc\u00e9r\u00e9 \u00ab\u00a0jusqu&rsquo;en mars 2027\u00a0\u00bb, a indiqu\u00e9 la m\u00eame source.<\/p>\n<p data-module=\"article-paragraph\" class=\"jsx-3046738180 Paragraph Paragraph__End\">Un incident similaire avait d\u00e9j\u00e0 eu lieu en d\u00e9but d&rsquo;ann\u00e9e : fin janvier, un d\u00e9tenu de 28 ans de la maison d&rsquo;arr\u00eat de Villepinte (Seine-Saint-Denis) s&rsquo;\u00e9tait \u00e9vad\u00e9 \u00e0 la gare du Nord, lors d&rsquo;une permission de sortie au mus\u00e9e de l&rsquo;Homme \u00e0 Paris. Puis en juin, un d\u00e9tenu de la prison de Varces-Alli\u00e8res-et-Risset (Is\u00e8re) s&rsquo;\u00e9tait \u00e9galement \u00e9vad\u00e9 lors d&rsquo;une sortie encadr\u00e9e.\u00a0<\/p>\n<p>M.L. avec le service Police-Justice de TF1-LCI et AFP<\/p>\n","protected":false},"excerpt":{"rendered":"Un d\u00e9tenu de 37 ans, condamn\u00e9 depuis 2024 pour \u00ab\u00a0divers faits de vols\u00a0\u00bb, s&rsquo;est \u00e9chapp\u00e9 lors d&rsquo;une sortie&hellip;\n","protected":false},"author":2,"featured_media":541353,"comment_status":"","ping_status":"","sticky":false,"template":"","format":"standard","meta":{"footnotes":""},"categories":[2821],"tags":[1111,11,1921,829,1777,674,1011,27,1922,303,2954,12,1072,584,25,133,2953],"class_list":{"0":"post-541352","1":"post","2":"type-post","3":"status-publish","4":"format-standard","5":"has-post-thumbnail","7":"category-rennes","8":"tag-actu","9":"tag-actualites","10":"tag-article-video","11":"tag-bretagne","12":"tag-eu","13":"tag-europe","14":"tag-fr","15":"tag-france","16":"tag-info","17":"tag-justice","18":"tag-justice-et-faits-divers","19":"tag-news","20":"tag-police","21":"tag-rennes","22":"tag-republique-francaise","23":"tag-video","24":"tag-video-police"},"share_on_mastodon":{"url":"https:\/\/pubeurope.com\/@fr\/115567815379162939","error":""},"_links":{"self":[{"href":"https:\/\/www.europesays.com\/fr\/wp-json\/wp\/v2\/posts\/541352","targetHints":{"allow":["GET"]}}],"collection":[{"href":"https:\/\/www.europesays.com\/fr\/wp-json\/wp\/v2\/posts"}],"about":[{"href":"https:\/\/www.europesays.com\/fr\/wp-json\/wp\/v2\/types\/post"}],"author":[{"embeddable":true,"href":"https:\/\/www.europesays.com\/fr\/wp-json\/wp\/v2\/users\/2"}],"replies":[{"embeddable":true,"href":"https:\/\/www.europesays.com\/fr\/wp-json\/wp\/v2\/comments?post=541352"}],"version-history":[{"count":0,"href":"https:\/\/www.europesays.com\/fr\/wp-json\/wp\/v2\/posts\/541352\/revisions"}],"wp:featuredmedia":[{"embeddable":true,"href":"https:\/\/www.europesays.com\/fr\/wp-json\/wp\/v2\/media\/541353"}],"wp:attachment":[{"href":"https:\/\/www.europesays.com\/fr\/wp-json\/wp\/v2\/media?parent=541352"}],"wp:term":[{"taxonomy":"category","embeddable":true,"href":"https:\/\/www.europesays.com\/fr\/wp-json\/wp\/v2\/categories?post=541352"},{"taxonomy":"post_tag","embeddable":true,"href":"https:\/\/www.europesays.com\/fr\/wp-json\/wp\/v2\/tags?post=541352"}],"curies":[{"name":"wp","href":"https:\/\/api.w.org\/{rel}","templated":true}]}}