{"id":541354,"date":"2025-11-18T00:14:24","date_gmt":"2025-11-18T00:14:24","guid":{"rendered":"https:\/\/www.europesays.com\/fr\/541354\/"},"modified":"2025-11-18T00:14:24","modified_gmt":"2025-11-18T00:14:24","slug":"vanessa-joson-coach-a-strasbourg-presente-la-soiree-divine-flow","status":"publish","type":"post","link":"https:\/\/www.europesays.com\/fr\/541354\/","title":{"rendered":"Vanessa Joson coach a strasbourg presente la soiree divine flow"},"content":{"rendered":"<p><img loading=\"lazy\" decoding=\"async\" class=\"\" src=\"https:\/\/www.europesays.com\/fr\/wp-content\/uploads\/2025\/11\/eac1602c-8d26-4b97-9c84-4ebbfa01bd7c.jpg\" alt=\"TOP MUSIC\" width=\"1\" height=\"1\"\/><\/p>\n<p class=\"date\">17 novembre 2025 &#8211; 7 min 57 sec<\/p>\n<p>Vanessa Joson coach a strasbourg presente la soiree divine flow<\/p>\n<p data-pm-slice=\"1 1 []\">Chaque jour, <strong>Erwan et Roland<\/strong>\u00a0mettent en lumi\u00e8re ceux qui font briller l&rsquo;Alsace : artistes, sportifs, influenceurs et personnalit\u00e9s inspirantes. Avec des interviews exclusives, <strong>la Top Family <\/strong>est l&rsquo;\u00e9mission incontournable pour d\u00e9couvrir les talents locaux qui fa\u00e7onnent la r\u00e9gion. Restez inform\u00e9 et inspir\u00e9 par les figures qui influencent l&rsquo;Alsace au quotidien !<\/p>\n","protected":false},"excerpt":{"rendered":"17 novembre 2025 &#8211; 7 min 57 sec Vanessa Joson coach a strasbourg presente la soiree divine flow&hellip;\n","protected":false},"author":2,"featured_media":541355,"comment_status":"","ping_status":"","sticky":false,"template":"","format":"standard","meta":{"footnotes":""},"categories":[2820],"tags":[1111,11,2389,1777,674,1011,27,775,2173,12,25,640],"class_list":{"0":"post-541354","1":"post","2":"type-post","3":"status-publish","4":"format-standard","5":"has-post-thumbnail","7":"category-strasbourg","8":"tag-actu","9":"tag-actualites","10":"tag-alsace","11":"tag-eu","12":"tag-europe","13":"tag-fr","14":"tag-france","15":"tag-grand-est","16":"tag-interview","17":"tag-news","18":"tag-republique-francaise","19":"tag-strasbourg"},"share_on_mastodon":{"url":"https:\/\/pubeurope.com\/@fr\/115567819200014878","error":""},"_links":{"self":[{"href":"https:\/\/www.europesays.com\/fr\/wp-json\/wp\/v2\/posts\/541354","targetHints":{"allow":["GET"]}}],"collection":[{"href":"https:\/\/www.europesays.com\/fr\/wp-json\/wp\/v2\/posts"}],"about":[{"href":"https:\/\/www.europesays.com\/fr\/wp-json\/wp\/v2\/types\/post"}],"author":[{"embeddable":true,"href":"https:\/\/www.europesays.com\/fr\/wp-json\/wp\/v2\/users\/2"}],"replies":[{"embeddable":true,"href":"https:\/\/www.europesays.com\/fr\/wp-json\/wp\/v2\/comments?post=541354"}],"version-history":[{"count":0,"href":"https:\/\/www.europesays.com\/fr\/wp-json\/wp\/v2\/posts\/541354\/revisions"}],"wp:featuredmedia":[{"embeddable":true,"href":"https:\/\/www.europesays.com\/fr\/wp-json\/wp\/v2\/media\/541355"}],"wp:attachment":[{"href":"https:\/\/www.europesays.com\/fr\/wp-json\/wp\/v2\/media?parent=541354"}],"wp:term":[{"taxonomy":"category","embeddable":true,"href":"https:\/\/www.europesays.com\/fr\/wp-json\/wp\/v2\/categories?post=541354"},{"taxonomy":"post_tag","embeddable":true,"href":"https:\/\/www.europesays.com\/fr\/wp-json\/wp\/v2\/tags?post=541354"}],"curies":[{"name":"wp","href":"https:\/\/api.w.org\/{rel}","templated":true}]}}