{"id":54137,"date":"2025-04-26T10:21:10","date_gmt":"2025-04-26T10:21:10","guid":{"rendered":"https:\/\/www.europesays.com\/fr\/54137\/"},"modified":"2025-04-26T10:21:10","modified_gmt":"2025-04-26T10:21:10","slug":"les-grandes-rumeurs-de-lhistoire-6-7-quand-laffaire-markovic-a-fait-vaciller-les-epoux-pompidou","status":"publish","type":"post","link":"https:\/\/www.europesays.com\/fr\/54137\/","title":{"rendered":"Les grandes rumeurs de l&rsquo;Histoire (6\/7) : quand l&rsquo;affaire Markovic a fait vaciller les \u00e9poux Pompidou"},"content":{"rendered":"<p>Les V\u00e9rificateurs poursuivent leur s\u00e9rie autour des fausses informations historiques tr\u00e8s r\u00e9pandues.L&rsquo;objectif : r\u00e9tablir la v\u00e9rit\u00e9 en partenariat avec l&rsquo;essayiste Philippe Valode et son ouvrage \u00ab\u00a0Les Grandes rumeurs de l&rsquo;Histoire\u00a0\u00bb.\u00c9pisode n\u00b06 : l&rsquo;affaire Markovic, ou comment un assassinat a \u00e9t\u00e9 instrumentalis\u00e9 \u00e0 la fin des ann\u00e9es 1960 pour tenter de compromettre la carri\u00e8re politique de Georges Pompidou.<a href=\"https:\/\/www.tf1info.fr\/actualite\/les-verificateurs-12325\/\" rel=\"noopener\" class=\"jsx-3118104007 Link jsx-1428418400 jsx-1910851033\" target=\"_blank\"><\/p>\n<p style=\"font-weight:400\" class=\"jsx-1837267516\">Suivez la couverture compl\u00e8te<\/p>\n<p style=\"font-weight:800\" class=\"jsx-1837267516\">L&rsquo;info pass\u00e9e au crible des V\u00e9rificateurs<\/p>\n<p><\/a><\/p>\n<p data-module=\"article-paragraph\" class=\"jsx-362436225 Paragraph\">\u00c0 l&rsquo;automne 1968, Georges Pompidou est un homme plein d&rsquo;ambition. Il a quitt\u00e9 quelques mois plus t\u00f4t Matignon, apr\u00e8s six ans pass\u00e9s au poste de Premier ministre. Si le g\u00e9n\u00e9ral de Gaulle est toujours \u00e0 la t\u00eate de l&rsquo;\u00c9tat, l&rsquo;ex-chef du gouvernement ne cache pas ses ambitions pr\u00e9sidentielles.\u00a0<\/p>\n<p data-module=\"article-paragraph\" class=\"jsx-362436225 Paragraph Paragraph__End\">Son ascension vers les plus hautes marches du pouvoir ne se d\u00e9roule toutefois pas sans accrocs. Le 1er octobre 1968, un corps est d\u00e9couvert sans vie dans une d\u00e9charge des Yvelines, sur la commune d&rsquo;\u00c9lancourt. L&rsquo;autopsie va conclure \u00e0 un assassinat, un sombre fait divers qui ne tardera pas \u00e0 \u00eatre instrumentalis\u00e9 politiquement. La cible ? Georges Pompidou, cibl\u00e9 par l&rsquo;interm\u00e9diaire de son \u00e9pouse Claude.<\/p>\n<p>L&rsquo;affaire Markovic se nourrit de mensonges<\/p>\n<p data-module=\"article-paragraph\" class=\"jsx-362436225 Paragraph\">Retrouv\u00e9 dans la housse d&rsquo;un matelas, le corps de la victime est ligot\u00e9 et b\u00e2illonn\u00e9. Qui est cet homme, encore bien conserv\u00e9, mais au cr\u00e2ne d\u00e9fonc\u00e9 ? L&rsquo;identification se r\u00e9v\u00e8le difficile et seules les empreintes digitales permettent de mettre un nom sur le cadavre. Il s&rsquo;agit de Stevan Markovic : d&rsquo;origine yougoslave, il a rejoint la France dix ans plus t\u00f4t, en 1958, \u00e0 l&rsquo;\u00e2ge de 21 ans. \u00ab\u00a0C&rsquo;est un voleur, un menteur, un bagarreur, un joueur, un corrupteur\u00a0\u00bb, retrace l&rsquo;essayiste sp\u00e9cialis\u00e9 dans les chroniques historiques, Philippe Valode.\u00a0<\/p>\n<p data-module=\"article-paragraph\" class=\"jsx-362436225 Paragraph Paragraph__End\">Dans son livre <a href=\"https:\/\/www.editionsopportun.com\/produit\/262\/9782374136202\/les-grandes-rumeurs-de-l-histoire\" target=\"_blank\" rel=\"nofollow noopener\">Les Grandes rumeurs de l&rsquo;Histoire (nouvelle fen\u00eatre)<\/a>, aux \u00e9ditions Opportun, l&rsquo;auteur glisse que l&rsquo;affaire va d\u00e9border des milieux du grand banditisme, se rapprochant du monde du show-biz. Markovic gravite en effet autour d&rsquo;une personnalit\u00e9 bien connue des Fran\u00e7ais : l&rsquo;acteur Alain Delon, qui avait accept\u00e9 de l&rsquo;engager \u00e0 son service. La star se trouve pendant un temps soup\u00e7onn\u00e9e d&rsquo;\u00eatre impliqu\u00e9e dans cette histoire de r\u00e8glement de compte, mais tandis qu&rsquo;Alain Delon est peu \u00e0 peu mis hors de cause, les enqu\u00eateurs explorent d&rsquo;autres pistes. La police s&rsquo;int\u00e9resse aux activit\u00e9s du d\u00e9funt Yougoslave : parmi les hypoth\u00e8ses figure celle d&rsquo;un chantage au sex-polaro\u00efd, orchestr\u00e9 par Stevan Markovic.<\/p>\n<ul class=\"jsx-658110588 ReadMoreArticle__List flex flex-column\">\n<li class=\"jsx-658110588\"><a href=\"https:\/\/www.tf1info.fr\/politique\/verif-roger-salengro-premier-homme-politique-francais-a-etre-tue-par-les-fausses-informations-2362679.html\" rel=\"noopener\" class=\"jsx-4233824444 Link flex\" target=\"_blank\"><img decoding=\"async\" src=\"https:\/\/www.europesays.com\/fr\/wp-content\/uploads\/2025\/04\/verif-roger-salengro-rumeur-histoire-3830f1-0@1x.jpeg\" alt=\"Portrait pris \u00e0 Paris en mai 1936 de Roger Salengro, ministre de l'Int\u00e9rieur dans le gouvernement de Front populaire dirig\u00e9 par L\u00e9on Blum.\" loading=\"lazy\" importance=\"low\" fetchpriority=\"low\" class=\"\" copyright=\"AFP Archives\"\/>\n<p class=\"jsx-658110588 ReadMoreArticle__Title\">Lire aussi<\/p>\n<p class=\"jsx-658110588\">Les grandes rumeurs de l&rsquo;Histoire (5\/7) : Roger Salengro, premier homme politique fran\u00e7ais \u00e0 \u00eatre tu\u00e9 par les fausses informations  <\/p>\n<p><\/a><\/li>\n<\/ul>\n<p data-module=\"article-paragraph\" class=\"jsx-362436225 Paragraph\">La presse de l&rsquo;\u00e9poque suit de pr\u00e8s l&rsquo;enqu\u00eate. Des rumeurs s&rsquo;intensifient et le bruit court dans Paris que des personnalit\u00e9s pourraient \u00eatre impliqu\u00e9es dans cette myst\u00e9rieuse affaire. Markovic est suspect\u00e9 d&rsquo;avoir fait chanter des c\u00e9l\u00e9brit\u00e9s. Son arme ? \u00a0Les menacer de d\u00e9voiler au grand public photos intimes et compromettantes, r\u00e9alis\u00e9es au cours de parties fines. Parmi les noms qui se mettent \u00e0 fuiter, on retrouve celui de Claude Pompidou, l&rsquo;\u00e9pouse de l&rsquo;ancien Premier ministre.\u00a0<\/p>\n<p data-module=\"article-paragraph\" class=\"jsx-362436225 Paragraph\">Il s&rsquo;agit ici d&rsquo;\u00e9lucubrations sans fondements, mais les bruits de couloirs ne cessent de s&rsquo;intensifier. Un photomontage circule, sur lequel on reconna\u00eet la future premi\u00e8re dame. Un faux, bien s\u00fbr, mais il en faut peu pour alimenter les sp\u00e9culations. Et entretenir une atmosph\u00e8re qui allie d\u00e9fiance et soup\u00e7on. \u00ab\u00a0Le malheureux Georges Pompidou, revenant de vacances, est abasourdi lorsque son conseiller Jean-Luc Laval lui apprend quelle accusation p\u00e8se sur son \u00e9pouse\u00a0\u00bb, relate Philippe Valode. \u00ab\u00a0Sa col\u00e8re\u00a0\u00bb, \u00e0 l&rsquo;\u00e9poque, \u00ab\u00a0n\u2019a alors d\u2019\u00e9gale que son \u00e9c\u0153urement.\u00a0\u00bb<\/p>\n<p data-module=\"article-paragraph\" class=\"jsx-362436225 Paragraph Paragraph__End\">La politique est un milieu cruel. Georges Pompidou s&rsquo;en convainc en d\u00e9couvrant le peu de soutien qui lui est t\u00e9moign\u00e9 par le g\u00e9n\u00e9ral de Gaulle, ainsi que par la mani\u00e8re dont certains tentent d&rsquo;instrumentaliser l&rsquo;affaire pour s&rsquo;attaquer \u00e0 lui politiquement. Amer, il pointe du doigt lors d&rsquo;une visite \u00e0 l&rsquo;\u00c9lys\u00e9e la mobilisation d&rsquo;officines gaullistes contre lui, qui auraient profit\u00e9 de leur proximit\u00e9 avec les services de documentation ext\u00e9rieure et de contre-espionnage. Un feuilleton qui a dur\u00e9 de longs mois, tandis que l&rsquo;enqu\u00eate pi\u00e9tinait. Elle s&rsquo;ach\u00e8vera d&rsquo;ailleurs quelques ann\u00e9es plus tard par un non-lieu, les charges retenues contre le principal suspect n&rsquo;ayant pas \u00e9t\u00e9 jug\u00e9es suffisamment solides par la justice pour attester de sa culpabilit\u00e9.<\/p>\n<p>Les \u00e9pouses des responsables politiques prises pour cible<\/p>\n<p data-module=\"article-paragraph\" class=\"jsx-362436225 Paragraph\">L&rsquo;affaire Markovic illustre \u00e0 merveille la mani\u00e8re dont une rumeur est utilis\u00e9e pour tenter de d\u00e9cr\u00e9dibiliser un individu. A fortiori lorsque celui-ci occupe des fonctions importantes au sein de l&rsquo;\u00c9tat. Pour \u00e9viter de s&rsquo;en prendre de mani\u00e8re frontale \u00e0 l&rsquo;int\u00e9ress\u00e9, ce sont ses proches que l&rsquo;on cible. Un proc\u00e9d\u00e9 assez simple et qui s&rsquo;est r\u00e9p\u00e9t\u00e9 \u00e0 travers l&rsquo;histoire.\u00a0<\/p>\n<p data-module=\"article-paragraph\" class=\"jsx-362436225 Paragraph Paragraph__End\">L&rsquo;exemple le plus r\u00e9cent en date dans le champ politique concerne l&rsquo;actuel chef de l&rsquo;\u00c9tat. Des individus ont en effet assur\u00e9 ces derni\u00e8res ann\u00e9es que Brigitte Macron \u00e9tait une femme transgenre. La th\u00e9orie qui s&rsquo;est r\u00e9pandue en ligne consistait \u00e0 expliquer que Brigitte Macron, n\u00e9e Trogneux, n\u2019aurait en r\u00e9alit\u00e9 jamais exist\u00e9. Son fr\u00e8re Jean-Michel aurait ainsi pris cette identit\u00e9 apr\u00e8s avoir chang\u00e9 de sexe. En septembre 2024, deux femmes \u00e0 l&rsquo;origine de cette th\u00e9orie conspirationniste ont \u00e9t\u00e9 <a href=\"https:\/\/www.tf1info.fr\/justice-faits-divers\/fausses-informations-visant-brigitte-macron-deux-femmes-condamnees-pour-diffamation-2319299.html\" target=\"_blank\" rel=\"noopener\">jug\u00e9es et condamn\u00e9es<\/a> par le tribunal correctionnel de Paris pour diffamation.\u00a0<\/p>\n<p data-module=\"article-paragraph\" class=\"jsx-362436225 Paragraph Paragraph__End\"><strong>La semaine prochaine, retrouvez notre septi\u00e8me et dernier \u00e9pisode des \u00ab\u00a0Grandes rumeurs de l&rsquo;Histoire\u00a0\u00bb, consacr\u00e9 \u00e0 la rumeur d\u2019Orl\u00e9ans et \u00e0 la \u00ab\u00a0traite des blanches\u00a0\u00bb. Et si vous souhaitez que nous parlions d&rsquo;une rumeur historique, \u00e9crivez-nous \u00e0 l&rsquo;adresse lesverificateurs@tf1.fr. Retrouvez-nous \u00e9galement sur X : notre \u00e9quipe y est pr\u00e9sente derri\u00e8re le compte @verif_TF1LCI.<\/strong><\/p>\n<p>Thomas DESZPOT<\/p>\n","protected":false},"excerpt":{"rendered":"Les V\u00e9rificateurs poursuivent leur s\u00e9rie autour des fausses informations historiques tr\u00e8s r\u00e9pandues.L&rsquo;objectif : r\u00e9tablir la v\u00e9rit\u00e9 en partenariat&hellip;\n","protected":false},"author":2,"featured_media":54138,"comment_status":"","ping_status":"","sticky":false,"template":"","format":"standard","meta":{"footnotes":""},"categories":[1359],"tags":[1111,11,5960,1921,986,58,59,842,1011,27,937,1922,303,7541,973,4144,133,4530,14843],"class_list":{"0":"post-54137","1":"post","2":"type-post","3":"status-publish","4":"format-standard","5":"has-post-thumbnail","7":"category-people","8":"tag-actu","9":"tag-actualites","10":"tag-alain-delon","11":"tag-article-video","12":"tag-brigitte-macron","13":"tag-divertissement","14":"tag-entertainment","15":"tag-fake-news","16":"tag-fr","17":"tag-france","18":"tag-histoire","19":"tag-info","20":"tag-justice","21":"tag-linfo-passee-au-crible-des-verificateurs","22":"tag-people","23":"tag-politique-du-gouvernement","24":"tag-video","25":"tag-video-politique","26":"tag-vie-politique-francaise"},"share_on_mastodon":{"url":"https:\/\/pubeurope.com\/@fr\/114403769488527862","error":""},"_links":{"self":[{"href":"https:\/\/www.europesays.com\/fr\/wp-json\/wp\/v2\/posts\/54137","targetHints":{"allow":["GET"]}}],"collection":[{"href":"https:\/\/www.europesays.com\/fr\/wp-json\/wp\/v2\/posts"}],"about":[{"href":"https:\/\/www.europesays.com\/fr\/wp-json\/wp\/v2\/types\/post"}],"author":[{"embeddable":true,"href":"https:\/\/www.europesays.com\/fr\/wp-json\/wp\/v2\/users\/2"}],"replies":[{"embeddable":true,"href":"https:\/\/www.europesays.com\/fr\/wp-json\/wp\/v2\/comments?post=54137"}],"version-history":[{"count":0,"href":"https:\/\/www.europesays.com\/fr\/wp-json\/wp\/v2\/posts\/54137\/revisions"}],"wp:featuredmedia":[{"embeddable":true,"href":"https:\/\/www.europesays.com\/fr\/wp-json\/wp\/v2\/media\/54138"}],"wp:attachment":[{"href":"https:\/\/www.europesays.com\/fr\/wp-json\/wp\/v2\/media?parent=54137"}],"wp:term":[{"taxonomy":"category","embeddable":true,"href":"https:\/\/www.europesays.com\/fr\/wp-json\/wp\/v2\/categories?post=54137"},{"taxonomy":"post_tag","embeddable":true,"href":"https:\/\/www.europesays.com\/fr\/wp-json\/wp\/v2\/tags?post=54137"}],"curies":[{"name":"wp","href":"https:\/\/api.w.org\/{rel}","templated":true}]}}