{"id":541378,"date":"2025-11-18T00:27:14","date_gmt":"2025-11-18T00:27:14","guid":{"rendered":"https:\/\/www.europesays.com\/fr\/541378\/"},"modified":"2025-11-18T00:27:14","modified_gmt":"2025-11-18T00:27:14","slug":"un-festival-pour-la-beaute-du-geste-musical-a-marseille","status":"publish","type":"post","link":"https:\/\/www.europesays.com\/fr\/541378\/","title":{"rendered":"un festival pour la beaut\u00e9 du geste musical \u00e0 Marseille"},"content":{"rendered":"<p>Jest pour \u00ab\u00a0Jamais d\u2019eux sans toit\u00a0\u00bb se veut \u00eatre la vitrine de ce que l\u2019Ami (Aide aux musiques innovatrices) fabrique \u00e0 l\u2019ann\u00e9e. Il peut \u00eatre aussi vu comme \u00ab\u00a0la suite\u00a0\u00bb du festival Mimi qui s\u2019est tu en\u00a02018.<\/p>\n<p>Priv\u00e9 de cet \u00e9v\u00e9nement, l\u2019Ami a pens\u00e9, pendant le confinement, un objet qui pourrait rendre compte de tout ce qui se joue dans ses entrailles, de ses studios \u00e0 La Friche \u00e0 ses passerelles \u00e0 l\u2019international, et particuli\u00e8rement avec le bassin m\u00e9diterran\u00e9en et la ville d\u2019Atlanta aux \u00c9tats-Unis.<\/p>\n<p>La gen\u00e8se de Jest, c\u2019est aussi un programme d\u2019accompagnement \u00e0 disposition de la sc\u00e8ne locale\u00a0: Be On est destin\u00e9 aux jeunes artistes de moins de 35\u00a0ans qui travaillent en solo ou en duo sur de nouveaux projets. Ils sont trois \u00e0 quatre laur\u00e9ats \u00e0 b\u00e9n\u00e9ficier chaque ann\u00e9e de ce dispositif. Dans cette 5e \u00e9dition de Jest, ils jalonnent la programmation qui \u00e9volue dans le vaste champ des musiques actuelles, du jazz \u00e0 la sc\u00e8ne exp\u00e9rimentale, avec audace et invention.<\/p>\n<p>Cr\u00e9ations Be On<\/p>\n<p>Ainsi, dans le cadre des cr\u00e9ations Be On, La For\u00eat de Georgia Creek est une pi\u00e8ce immersive qui travaille sur la dimension organique du son par deux artistes issus du Conservatoire de Marseille. Le 20\u00a0novembre au Th\u00e9\u00e2tre&#8230;<\/p>\n","protected":false},"excerpt":{"rendered":"Jest pour \u00ab\u00a0Jamais d\u2019eux sans toit\u00a0\u00bb se veut \u00eatre la vitrine de ce que l\u2019Ami (Aide aux musiques&hellip;\n","protected":false},"author":2,"featured_media":541379,"comment_status":"","ping_status":"","sticky":false,"template":"","format":"standard","meta":{"footnotes":""},"categories":[2814],"tags":[17,1111,11,2424,251,1777,674,849,1011,27,24671,65951,884,16167,12,471,882,25],"class_list":{"0":"post-541378","1":"post","2":"type-post","3":"status-publish","4":"format-standard","5":"has-post-thumbnail","7":"category-marseille","8":"tag-17","9":"tag-actu","10":"tag-actualites","11":"tag-beaute","12":"tag-culture","13":"tag-eu","14":"tag-europe","15":"tag-festival","16":"tag-fr","17":"tag-france","18":"tag-geste","19":"tag-jest","20":"tag-marseille","21":"tag-musical","22":"tag-news","23":"tag-pour","24":"tag-provence-alpes-cote-dazur","25":"tag-republique-francaise"},"share_on_mastodon":{"url":"https:\/\/pubeurope.com\/@fr\/115567869598365232","error":""},"_links":{"self":[{"href":"https:\/\/www.europesays.com\/fr\/wp-json\/wp\/v2\/posts\/541378","targetHints":{"allow":["GET"]}}],"collection":[{"href":"https:\/\/www.europesays.com\/fr\/wp-json\/wp\/v2\/posts"}],"about":[{"href":"https:\/\/www.europesays.com\/fr\/wp-json\/wp\/v2\/types\/post"}],"author":[{"embeddable":true,"href":"https:\/\/www.europesays.com\/fr\/wp-json\/wp\/v2\/users\/2"}],"replies":[{"embeddable":true,"href":"https:\/\/www.europesays.com\/fr\/wp-json\/wp\/v2\/comments?post=541378"}],"version-history":[{"count":0,"href":"https:\/\/www.europesays.com\/fr\/wp-json\/wp\/v2\/posts\/541378\/revisions"}],"wp:featuredmedia":[{"embeddable":true,"href":"https:\/\/www.europesays.com\/fr\/wp-json\/wp\/v2\/media\/541379"}],"wp:attachment":[{"href":"https:\/\/www.europesays.com\/fr\/wp-json\/wp\/v2\/media?parent=541378"}],"wp:term":[{"taxonomy":"category","embeddable":true,"href":"https:\/\/www.europesays.com\/fr\/wp-json\/wp\/v2\/categories?post=541378"},{"taxonomy":"post_tag","embeddable":true,"href":"https:\/\/www.europesays.com\/fr\/wp-json\/wp\/v2\/tags?post=541378"}],"curies":[{"name":"wp","href":"https:\/\/api.w.org\/{rel}","templated":true}]}}