{"id":54139,"date":"2025-04-26T10:22:14","date_gmt":"2025-04-26T10:22:14","guid":{"rendered":"https:\/\/www.europesays.com\/fr\/54139\/"},"modified":"2025-04-26T10:22:14","modified_gmt":"2025-04-26T10:22:14","slug":"a-giverny-lincroyable-collection-dart-des-nahmad-se-devoile","status":"publish","type":"post","link":"https:\/\/www.europesays.com\/fr\/54139\/","title":{"rendered":"\u00c0 Giverny, l&rsquo;incroyable collection d&rsquo;art des Nahmad se d\u00e9voile"},"content":{"rendered":"<p class=\"editor-content__paragraph\">En ce d\u00e9but de printemps, au 99\u00a0de la rue Claude Monet, Cyrille Sciama exulte. La raison de son enthousiasme\u00a0? <strong>\u00ab\u00a0La collection Nahmad \u2013 De Monet \u00e0 Picasso\u00a0\u00bb<\/strong>, l\u2019exposition pr\u00e9sent\u00e9e au<a href=\"https:\/\/www.beauxarts.com\/lifestyle\/au-musee-des-impressionnismes-a-giverny-leternel-printemps\/\" target=\"_blank\" rel=\"noopener\"><strong> mus\u00e9e des Impressionnismes Giverny<\/strong><\/a>, qu\u2019il dirige. Il est vrai que le parcours propos\u00e9 aligne une belle brochette d\u2019artistes \u00ab\u00a0blue chip\u00a0\u00bb (valeur vedette), pour reprendre un terme utilis\u00e9 dans le monde de la finance\u00a0: <strong><a href=\"https:\/\/www.beauxarts.com\/grand-format\/claude-monet-en-2-minutes\/\" target=\"_blank\" rel=\"noopener\">Monet<\/a><\/strong>, \u00e9videmment, mais aussi <strong><a href=\"https:\/\/www.beauxarts.com\/grand-format\/alfred-sisley-en-2-minutes\/\" target=\"_blank\" rel=\"noopener\">Sisley<\/a>, <a href=\"https:\/\/www.beauxarts.com\/grand-format\/gustave-moreau-en-2-minutes\/\" target=\"_blank\" rel=\"noopener\">Gustave Moreau<\/a>, <a href=\"https:\/\/www.beauxarts.com\/grand-format\/odilon-redon-en-2-minutes\/\" target=\"_blank\" rel=\"noopener\">Odilon Redon<\/a><\/strong>, <a href=\"https:\/\/www.beauxarts.com\/encyclo\/henri-matisse-en-2-minutes\/\" target=\"_blank\" rel=\"noopener\">Matisse<\/a>, <a href=\"https:\/\/www.beauxarts.com\/grand-format\/auguste-renoir-en-2-minutes\/\" target=\"_blank\" rel=\"noopener\">Renoir<\/a>, <a href=\"https:\/\/www.beauxarts.com\/grand-format\/henri-de-toulouse-lautrec-en-2-minutes\/\" target=\"_blank\" rel=\"noopener\">Toulouse-Lautrec<\/a> et, bien entendu, l\u2019incontournable<strong> <a href=\"https:\/\/www.beauxarts.com\/grand-format\/pablo-picasso-en-3-minutes\/\" target=\"_blank\" rel=\"noopener\">Picasso<\/a><\/strong>.<\/p>\n<p class=\"editor-content__paragraph\">\u00ab\u00a0L\u2019histoire de la collection Nahmad, c\u2019est <strong>l\u2019histoire d\u2019une passion<\/strong>, soutient Cyrille Sciama. La famille s\u2019est toujours int\u00e9ress\u00e9e de pr\u00e8s \u00e0 l\u2019actualit\u00e9 artistique, ce qui n\u2019est pas donn\u00e9 \u00e0 tout le monde. Il y a chez eux <strong>une audace assez remarquable<\/strong>, la volont\u00e9 de trouver la pi\u00e8ce la plus rare ou la plus spectaculaire. Certaines \u0153uvres en leur possession ont \u00e9t\u00e9 achet\u00e9es et revendues plusieurs fois.\u00a0\u00bb<\/p>\n<p class=\"editor-content__paragraph\">Les chiffres parlent d\u2019eux-m\u00eames\u00a0: selon les estimations, la collection Nahmad serait compos\u00e9e de quelque <strong>4\u00a0500 \u0153uvres<\/strong> repr\u00e9sentant<strong> une somme avoisinant les 3\u00a0milliards de dollars<\/strong>. Parmi celles-ci, environ <strong>300\u00a0peintures de Picasso<\/strong> dont la valeur atteindrait le milliard \u2013 c\u2019est-\u00e0-dire la plus importante collection priv\u00e9e d\u2019\u0153uvres de l\u2019Espagnol.<\/p>\n<p>\u00c0 17\u00a0ans, il vend son premier Max Ernst<\/p>\n<p>    <img loading=\"lazy\" decoding=\"async\" class=\"image__img\" src=\"https:\/\/www.europesays.com\/fr\/wp-content\/uploads\/2025\/04\/webentretien-david-nahmad-glisses-964x1326.jpg\" alt=\"Ezra (\u00e0 gauche) et David Nahmad (\u00e0 droite) avec leur p\u00e8re Hillel au d\u00e9but des ann\u00e9es 1960 \u00e0 Milan, o\u00f9 la famille s\u2019est install\u00e9e apr\u00e8s avoir fui la Syrie.\" width=\"964\" height=\"1326\"\/><\/p>\n<p>Ezra (\u00e0 gauche) et David Nahmad (\u00e0 droite) avec leur p\u00e8re Hillel au d\u00e9but des ann\u00e9es 1960 \u00e0 Milan, o\u00f9 la famille s\u2019est install\u00e9e apr\u00e8s avoir fui la Syrie.<\/p>\n<p>    i<\/p>\n<p class=\"legende__cartel\">Coll. Nahmad \u2022 \u00a9 Collection Nahmad<\/p>\n<p class=\"editor-content__paragraph\">L\u2019histoire de cette collection telle qu\u2019elle est racont\u00e9e par les Nahmad eux-m\u00eames commence <strong>du c\u00f4t\u00e9 d\u2019Alep<\/strong>, en Syrie, o\u00f9 vivaient le patriarche Hillel Nahmad, banquier juif s\u00e9farade, et sa femme Mathilde Safra. Parmi leurs huit enfants, trois sont bien connus du monde de l\u2019art. <strong>Joseph, dit \u00ab\u00a0Joe\u00a0\u00bb ou \u00ab\u00a0Giuseppe\u00a0\u00bb<\/strong>, est n\u00e9 en 1932, \u00e0 Alep. <strong>Ses fr\u00e8res, Ezra et David<\/strong>, sont venus au monde respectivement en 1945\u00a0et 1947. En 1949, toute la famille a d\u00fb fuir la Syrie pour <strong>Beyrouth<\/strong> apr\u00e8s des violences anti-Juifs, avant de s\u2019installer plus durablement, dans les ann\u00e9es 1960, <strong>\u00e0 Milan<\/strong>.<\/p>\n<p class=\"editor-content__paragraph editor-content__paragraph--is-hidden\">Le premier Nahmad \u00e0 s\u2019int\u00e9resser au monde de l\u2019art est Joe. Homme d\u2019affaires aimant le risque, il <strong>ach\u00e8te \u00e0 tout-va et un peu dans tous les sens<\/strong>, en grande quantit\u00e9. Dans une interview accord\u00e9e <a href=\"https:\/\/www.parismatch.com\/Culture\/Art\/David-Nahmad-Le-fou-de-Picasso-521669\" target=\"_blank\" rel=\"noopener\">\u00e0 Paris Match<\/a> en juillet 2013, son cadet David Nahmad raconte\u00a0: \u00ab\u00a0Il achetait tout. S\u2019il entrait dans une boutique pour acheter une valise, il en sortait avec dix\u00a0! M\u00eame chose pour l\u2019immobilier. Nous nous sommes ainsi retrouv\u00e9s avec des dizaines d\u2019appartements. [\u2026] Joe \u00e9tait <strong>fou d\u2019art<\/strong>. Il <strong>fr\u00e9quentait <a href=\"https:\/\/www.beauxarts.com\/grand-format\/lucio-fontana-en-2-minutes\/\" target=\"_blank\" rel=\"noopener\">Fontana<\/a><\/strong>, [le sculpteur Arnaldo] Pomodoro, [Marino] Marini, <a href=\"https:\/\/www.beauxarts.com\/grand-format\/giorgio-de-chirico-en-2-minutes\/\" target=\"_blank\" rel=\"noopener\">Chirico<\/a>. Il avait une maison sublime \u00e0 Milan, <strong>d\u00e9cor\u00e9e par ses amis artistes.\u00a0\u00bb<\/strong><\/p>\n<p>            <strong>Continuez votre lecture<\/strong><\/p>\n<p>\n                et acc\u00e9dez \u00e0 Beaux Arts Magazine<br \/>et \u00e0 tous les contenus web<br \/><strong>en illimit\u00e9 \u00e0 partir de 5,75\u20ac \/ mois<\/strong>\n            <\/p>\n<p class=\"cta-abonnement__log-in\">\n        D\u00e9j\u00e0 abonn\u00e9 ?        <a data-id=\"aHR0cHM6Ly93d3cuYmVhdXhhcnRzLmNvbS9tb24tY29tcHRlLw==\">Connectez-vous<\/a>\n    <\/p>\n<p>            <img data-vllblanksrc=\"https:\/\/www.beauxarts.com\/grand-format\/les-nahmad-la-saga-de-collectionneurs-qui-valaient-trois-milliards\/1\" data-vllsrc=\"https:\/\/www.europesays.com\/fr\/wp-content\/uploads\/2025\/04\/couv-bam-2025-1-232x300.png\" alt=\"\"\/><img data-vllblanksrc=\"https:\/\/www.beauxarts.com\/grand-format\/les-nahmad-la-saga-de-collectionneurs-qui-valaient-trois-milliards\/1\" data-vllsrc=\"https:\/\/www.europesays.com\/fr\/wp-content\/uploads\/2025\/04\/couv-bam-490-232x300.png\" alt=\"\"\/>        <\/p>\n","protected":false},"excerpt":{"rendered":"En ce d\u00e9but de printemps, au 99\u00a0de la rue Claude Monet, Cyrille Sciama exulte. La raison de son&hellip;\n","protected":false},"author":2,"featured_media":54140,"comment_status":"","ping_status":"","sticky":false,"template":"","format":"standard","meta":{"footnotes":""},"categories":[1358],"tags":[12870,1348,1384,1385,1386,58,59,1011,27,14844],"class_list":{"0":"post-54139","1":"post","2":"type-post","3":"status-publish","4":"format-standard","5":"has-post-thumbnail","7":"category-arts-et-design","8":"tag-art-moderne","9":"tag-arts","10":"tag-arts-and-design","11":"tag-arts-et-design","12":"tag-design","13":"tag-divertissement","14":"tag-entertainment","15":"tag-fr","16":"tag-france","17":"tag-musee-des-impressionnismes-giverny"},"share_on_mastodon":{"url":"https:\/\/pubeurope.com\/@fr\/114403773192166742","error":""},"_links":{"self":[{"href":"https:\/\/www.europesays.com\/fr\/wp-json\/wp\/v2\/posts\/54139","targetHints":{"allow":["GET"]}}],"collection":[{"href":"https:\/\/www.europesays.com\/fr\/wp-json\/wp\/v2\/posts"}],"about":[{"href":"https:\/\/www.europesays.com\/fr\/wp-json\/wp\/v2\/types\/post"}],"author":[{"embeddable":true,"href":"https:\/\/www.europesays.com\/fr\/wp-json\/wp\/v2\/users\/2"}],"replies":[{"embeddable":true,"href":"https:\/\/www.europesays.com\/fr\/wp-json\/wp\/v2\/comments?post=54139"}],"version-history":[{"count":0,"href":"https:\/\/www.europesays.com\/fr\/wp-json\/wp\/v2\/posts\/54139\/revisions"}],"wp:featuredmedia":[{"embeddable":true,"href":"https:\/\/www.europesays.com\/fr\/wp-json\/wp\/v2\/media\/54140"}],"wp:attachment":[{"href":"https:\/\/www.europesays.com\/fr\/wp-json\/wp\/v2\/media?parent=54139"}],"wp:term":[{"taxonomy":"category","embeddable":true,"href":"https:\/\/www.europesays.com\/fr\/wp-json\/wp\/v2\/categories?post=54139"},{"taxonomy":"post_tag","embeddable":true,"href":"https:\/\/www.europesays.com\/fr\/wp-json\/wp\/v2\/tags?post=54139"}],"curies":[{"name":"wp","href":"https:\/\/api.w.org\/{rel}","templated":true}]}}