{"id":541392,"date":"2025-11-18T00:35:17","date_gmt":"2025-11-18T00:35:17","guid":{"rendered":"https:\/\/www.europesays.com\/fr\/541392\/"},"modified":"2025-11-18T00:35:17","modified_gmt":"2025-11-18T00:35:17","slug":"comparee-a-lafghanistan-par-eric-zemmour-vitry-sur-seine-saisit-la-cour-de-cassation-pour-obtenir-justice","status":"publish","type":"post","link":"https:\/\/www.europesays.com\/fr\/541392\/","title":{"rendered":"Compar\u00e9e \u00e0 l\u2019Afghanistan par \u00c9ric Zemmour, Vitry-sur-Seine saisit la Cour de cassation pour obtenir justice"},"content":{"rendered":"<p class=\"paragraph text_align_left lp-f-body-02\">La d\u00e9cision a \u00e9t\u00e9 rendue en toute discr\u00e9tion le mois dernier. <a href=\"https:\/\/www.leparisien.fr\/politique\/eric-zemmour\/\" target=\"_self\" rel=\"noopener\">\u00c9ric Zemmour<\/a>, pol\u00e9miste et ancien candidat \u00e0 la <a href=\"https:\/\/www.leparisien.fr\/elections\/presidentielle\/resultats-election-presidentielle-2022-qui-demmanuel-macron-ou-de-marine-le-pen-sera-elu-24-04-2022-KPDLLK4MFBCRNAJ5NRSKPG4RV4.php\" target=\"_self\" rel=\"noopener\">pr\u00e9sidentielle de 2022<\/a>, a \u00e9t\u00e9 de nouveau relax\u00e9 par la justice face \u00e0 la ville de <a href=\"https:\/\/www.leparisien.fr\/val-de-marne-94\/vitry-sur-seine-94400\/\" target=\"_self\" rel=\"noopener\">Vitry-sur-Seine<\/a> qui lui avait intent\u00e9 un proc\u00e8s pour injure publique. Mais la plus grande ville du Val-de-Marne ne compte pas en rester l\u00e0. Elle annonce au Parisien avoir saisi depuis, la Cour de cassation.<\/p>\n<p class=\"paragraph text_align_left lp-f-body-02\">En f\u00e9vrier 2022, lors d\u2019une interview matinale \u00e0 la radio France Inter, \u00c9ric Zemmour avait assimil\u00e9 plusieurs villes de banlieue en France \u00e0 l\u2019Afghanistan, dont Vitry-sur-Seine.<\/p>\n<p class=\"paragraph text_align_left lp-f-body-02\">\u00ab Roubaix aujourd\u2019hui, c\u2019est l\u2019Afghanistan \u00e0 deux heures de Paris. Et il n\u2019y a pas que Roubaix. Il y a Trappes, <a href=\"https:\/\/www.leparisien.fr\/essonne-91\/viry-chatillon-comparee-a-lafghanistan-la-ville-va-porter-plainte-contre-eric-zemmour-12-02-2022-JKN4ENINF5GSRITZDBASOE2QW4.php\" target=\"_blank\" rel=\"noreferrer noopener\">il y a Viry-Ch\u00e2tillon<\/a>, il y a Vitry, etc. Il y a toutes les banlieues. Aujourd\u2019hui, quand il y a une grosse communaut\u00e9 musulmane, on se retrouve avec l\u2019Afghanistan \u00bb accusait-il \u00e0 l\u2019\u00e9poque.<\/p>\n<p class=\"paragraph text_align_left lp-f-body-02\">Le 16 f\u00e9vrier 2022, une majorit\u00e9 d\u2019\u00e9lus du conseil municipal de Vitry-sur-Seine s\u2019\u00e9taient prononc\u00e9e en faveur d\u2019un d\u00e9p\u00f4t de plainte de la ville pour injure publique. C\u2019\u00e9tait quelques jours apr\u00e8s <a href=\"https:\/\/www.leparisien.fr\/val-de-marne-94\/manifestation-anti-zemmour-a-vitry-sur-seine-a-chaque-fois-cest-pareil-on-crache-sur-nos-villes-de-banlieue-10-02-2022-W3PS5LISNZGPTKBGVRVIQZFW5M.php\" target=\"_blank\" rel=\"noreferrer noopener\">un rassemblement<\/a> organis\u00e9 sur le parvis de la mairie \u00e0 l\u2019appel des \u00e9lus du groupe Vitry rassembl\u00e9s.<\/p>\n<p>\u00ab Des propos qui mettent \u00e0 mal l\u2019image de la ville \u00bb<\/p>\n<p class=\"paragraph text_align_left lp-f-body-02\">Deux ans plus tard, en f\u00e9vrier 2024, le fondateur du parti Reconqu\u00eate qui a recueilli 7,07 % des voix lors du premier tour de la pr\u00e9sidentielle, avait \u00e9t\u00e9 relax\u00e9 par le tribunal correctionnel de Paris. Les juges parisiens avaient consid\u00e9r\u00e9 que ce n\u2019\u00e9tait pas la commune en tant que corps constitu\u00e9 qui \u00e9tait vis\u00e9e, mais ses habitants.<\/p>\n<p class=\"paragraph text_align_left lp-f-body-02\">La m\u00eame d\u00e9cision, pour le m\u00eame motif, avait \u00e9t\u00e9 rendue <a href=\"https:\/\/www.leparisien.fr\/essonne-91\/juge-pour-diffamation-eric-zemmour-relaxe-apres-avoir-compare-viry-chatillon-a-lafghanistan-12-11-2024-RJHBSRKB2BFA5NPXG7M4Q5ERSY.php\" target=\"_blank\" rel=\"noopener\">quelques mois plus tard<\/a> concernant la ville de Viry-Ch\u00e2tillon (Essonne).<\/p>\n<p class=\"paragraph text_align_left lp-f-body-02\">La ville de Vitry-sur-Seine avait d\u00e9cid\u00e9 de faire appel de ce jugement. L\u2019audience a eu lieu le 18 juin dernier. Mais au terme de plusieurs mois de d\u00e9lib\u00e9r\u00e9, la m\u00eame d\u00e9cision est tomb\u00e9e et \u00c9ric Zemmour a \u00e9t\u00e9 relax\u00e9.<\/p>\n<p class=\"paragraph text_align_left lp-f-body-02\">\u00ab Nous ne comprenons pas le motif, nous explique le maire de Vitry, Pierre Bell-Lloch (PCF). Ce sont des propos qui mettent \u00e0 mal l\u2019\u00e9conomie, l\u2019image de la ville \u00bb.<\/p>\n<p class=\"paragraph text_align_left lp-f-body-02\">Raison pour laquelle la municipalit\u00e9 a d\u00e9cid\u00e9 de saisir la Cour de cassation, sa derni\u00e8re voie de recours puisqu\u2019il s\u2019agit de la juridiction judiciaire supr\u00eame. Elle indique \u00eatre en attente de sa d\u00e9cision.<\/p>\n<p class=\"paragraph text_align_left lp-f-body-02\">Contact\u00e9, l\u2019avocat d\u2019\u00c9ric Zemmour n\u2019a pas r\u00e9agi.<\/p>\n","protected":false},"excerpt":{"rendered":"La d\u00e9cision a \u00e9t\u00e9 rendue en toute discr\u00e9tion le mois dernier. \u00c9ric Zemmour, pol\u00e9miste et ancien candidat \u00e0&hellip;\n","protected":false},"author":2,"featured_media":541393,"comment_status":"","ping_status":"","sticky":false,"template":"","format":"standard","meta":{"footnotes":""},"categories":[1888],"tags":[11,1777,674,1011,27,1944,12,626,25,1125],"class_list":{"0":"post-541392","1":"post","2":"type-post","3":"status-publish","4":"format-standard","5":"has-post-thumbnail","7":"category-paris","8":"tag-actualites","9":"tag-eu","10":"tag-europe","11":"tag-fr","12":"tag-france","13":"tag-ma-ville","14":"tag-news","15":"tag-paris","16":"tag-republique-francaise","17":"tag-val-de-marne"},"share_on_mastodon":{"url":"https:\/\/pubeurope.com\/@fr\/115567901063731304","error":""},"_links":{"self":[{"href":"https:\/\/www.europesays.com\/fr\/wp-json\/wp\/v2\/posts\/541392","targetHints":{"allow":["GET"]}}],"collection":[{"href":"https:\/\/www.europesays.com\/fr\/wp-json\/wp\/v2\/posts"}],"about":[{"href":"https:\/\/www.europesays.com\/fr\/wp-json\/wp\/v2\/types\/post"}],"author":[{"embeddable":true,"href":"https:\/\/www.europesays.com\/fr\/wp-json\/wp\/v2\/users\/2"}],"replies":[{"embeddable":true,"href":"https:\/\/www.europesays.com\/fr\/wp-json\/wp\/v2\/comments?post=541392"}],"version-history":[{"count":0,"href":"https:\/\/www.europesays.com\/fr\/wp-json\/wp\/v2\/posts\/541392\/revisions"}],"wp:featuredmedia":[{"embeddable":true,"href":"https:\/\/www.europesays.com\/fr\/wp-json\/wp\/v2\/media\/541393"}],"wp:attachment":[{"href":"https:\/\/www.europesays.com\/fr\/wp-json\/wp\/v2\/media?parent=541392"}],"wp:term":[{"taxonomy":"category","embeddable":true,"href":"https:\/\/www.europesays.com\/fr\/wp-json\/wp\/v2\/categories?post=541392"},{"taxonomy":"post_tag","embeddable":true,"href":"https:\/\/www.europesays.com\/fr\/wp-json\/wp\/v2\/tags?post=541392"}],"curies":[{"name":"wp","href":"https:\/\/api.w.org\/{rel}","templated":true}]}}