{"id":541400,"date":"2025-11-18T00:39:18","date_gmt":"2025-11-18T00:39:18","guid":{"rendered":"https:\/\/www.europesays.com\/fr\/541400\/"},"modified":"2025-11-18T00:39:18","modified_gmt":"2025-11-18T00:39:18","slug":"commerce-accord-avec-les-usa-nous-navons-rien-achete-dit-parmelin","status":"publish","type":"post","link":"https:\/\/www.europesays.com\/fr\/541400\/","title":{"rendered":"Commerce. Accord avec les USA: \u00ab\u00a0Nous n&rsquo;avons rien achet\u00e9\u00a0\u00bb, dit Parmelin"},"content":{"rendered":"<p class=\"paragraph-1-base\">\u00ab\u00a0Les entreprises auraient de toute fa\u00e7on envisag\u00e9 ces investissements. Il n\u2019existe aucune obligation, ni pour elles ni pour la Suisse, de les r\u00e9aliser.\u00a0\u00bb M. Parmelin consid\u00e8re \u00e9galement comme \u00ab\u00a0tout \u00e0 fait r\u00e9aliste\u00a0\u00bb que l&rsquo;\u00e9conomie suisse investisse 200 milliards de francs aux Etats-Unis au cours des cinq prochaines ann\u00e9es.<\/p>\n<p class=\"paragraph-1-base\">\u00ab\u00a0Les chiffres et les intentions viennent des entreprises elles-m\u00eames. Elles ont d\u2019ores et d\u00e9j\u00e0 des projets de construction, dont certains d\u00e9j\u00e0 autoris\u00e9s.\u00a0\u00bb Peut-\u00eatre que les objectifs ne seraient pas atteints \u00ab\u00a0d&rsquo;un ou deux milliards.\u00a0\u00bb \u00ab\u00a0Mais l\u2019ordre de grandeur sera certainement au rendez-vous.\u00a0\u00bb<\/p>\n<p>Il faut poursuivre les n\u00e9gociations<\/p>\n<p class=\"paragraph-1-base\">A la critique selon laquelle le Conseil f\u00e9d\u00e9ral ne dit qu&rsquo;une moiti\u00e9 de la v\u00e9rit\u00e9 sur l&rsquo;accord douanier, M. Parmelin r\u00e9pond que beaucoup de gens n&rsquo;ont tout simplement pas pris la peine de lire la d\u00e9claration commune des deux gouvernements. \u00ab\u00a0Il distingue avec pr\u00e9cision ce qui est juridiquement contraignant et ce qui ne l\u2019est pas. Beaucoup de points qui suscitent aujourd\u2019hui des remous devront, au contraire, d\u00e9sormais \u00eatre n\u00e9goci\u00e9s\u00a0\u00bb.<\/p>\n<p class=\"paragraph-1-base\">La Suisse n&rsquo;est pas oblig\u00e9e de reprendre les normes de s\u00e9curit\u00e9 am\u00e9ricaines pour les voitures, mais le Conseil f\u00e9d\u00e9ral est pr\u00eat \u00e0 discuter de la possibilit\u00e9 de simplifier l&rsquo;homologation des v\u00e9hicules. De telles simplifications ont \u00e9galement \u00e9t\u00e9 demand\u00e9es par des parlementaires suisses dans des interventions.<\/p>\n<p class=\"paragraph-1-base\">Les promesses d&rsquo;importation de produits agricoles am\u00e9ricains ne \u00ab\u00a0menacent en rien\u00a0\u00bb l&rsquo;existence des paysans suisses, poursuit l&rsquo;UDC vaudois, r\u00e9agissant \u00e0 la remarque formul\u00e9e par l&rsquo;Union suisse des paysans qui demande des aides structurelles et \u00e0 l&rsquo;investissement en compensation des importations de viande am\u00e9ricaine.<\/p>\n<p class=\"paragraph-1-base\">D&rsquo;\u00e9ventuels achats d&rsquo;armement ne font pas partie de la d\u00e9claration d&rsquo;intention conclue avec les Etats-Unis: \u00ab\u00a0mais si nous achetons des armes am\u00e9ricaines, il faut \u00e9videmment la munition qui va avec. La vraie question est plut\u00f4t: seront-ils capables de nous les livrer?\u00a0\u00bb<\/p>\n<p>Int\u00e9grer une clause de sortie<\/p>\n<p class=\"paragraph-1-base\">M. Parmelin est \u00e9galement convaincu qu&rsquo;il sera possible de combler le d\u00e9ficit de la balance commerciale des Etats-Unis avec la Suisse d&rsquo;ici 2028. \u00ab\u00a0D\u00e9j\u00e0 maintenant, l&rsquo;or fondu en Suisse a \u00e9t\u00e9 un moteur qui est d\u00e9j\u00e0 en train de s&rsquo;estomper\u00a0\u00bb, dit-il.<\/p>\n<p class=\"paragraph-1-base\">Si la Cour supr\u00eame des Etats-Unis devait d\u00e9clarer les droits de douane de Trump ill\u00e9gaux, son gouvernement \u00ab\u00a0trouvera s\u00fbrement d\u2019autres moyens de maintenir ces droits\u00a0\u00bb, poursuit Guy Parmelin. \u00ab\u00a0L\u2019important est que nous r\u00e9digions maintenant un accord juridiquement contraignant avec une clause de sortie si cela se produit.\u00a0\u00bb<\/p>\n<p class=\"paragraph-1-base after:text-primary after:heading-2-xl after:relative after:top-[2px] after:pl-1 after:!leading-[18px] after:text-primary-300 after:content-[&quot;\u00bb&quot;] dark:after:text-primary-300\">La Suisse et les Etats-Unis sont parvenus \u00e0 un accord la semaine derni\u00e8re: les Etats-Unis r\u00e9duisent leurs droits de douane de 39% \u00e0 15% pour la plupart des produits en provenance de Suisse. La date d&rsquo;entr\u00e9e en vigueur du nouveau tarif douanier n&rsquo;\u00e9tait pas encore claire. \u00ab\u00a0Il faut un peu de temps\u00a0\u00bb, a d\u00e9clar\u00e9 M. Parmelin samedi \u00e0 la radio et \u00e0 la t\u00e9l\u00e9vision suisses. L&rsquo;objectif est que le nouveau tarif douanier soit appliqu\u00e9 le plus rapidement possible.<\/p>\n","protected":false},"excerpt":{"rendered":"\u00ab\u00a0Les entreprises auraient de toute fa\u00e7on envisag\u00e9 ces investissements. Il n\u2019existe aucune obligation, ni pour elles ni pour&hellip;\n","protected":false},"author":2,"featured_media":541401,"comment_status":"","ping_status":"","sticky":false,"template":"","format":"standard","meta":{"footnotes":""},"categories":[1589],"tags":[11,215,4476,981,33,313,73,1866,2173,12,4565,656,3067,252,926,30924,1864,1865,1863,308,11994],"class_list":{"0":"post-541400","1":"post","2":"type-post","3":"status-publish","4":"format-standard","5":"has-post-thumbnail","7":"category-etats-unis","8":"tag-actualites","9":"tag-commerce","10":"tag-construction","11":"tag-douane","12":"tag-economie","13":"tag-entreprises","14":"tag-etats-unis","15":"tag-etats-unis-damerique","16":"tag-interview","17":"tag-news","18":"tag-nouveau","19":"tag-securite","20":"tag-suisse","21":"tag-television","22":"tag-train","23":"tag-udc","24":"tag-united-states","25":"tag-united-states-of-america","26":"tag-us","27":"tag-usa","28":"tag-viande"},"share_on_mastodon":{"url":"https:\/\/pubeurope.com\/@fr\/115567916869528119","error":""},"_links":{"self":[{"href":"https:\/\/www.europesays.com\/fr\/wp-json\/wp\/v2\/posts\/541400","targetHints":{"allow":["GET"]}}],"collection":[{"href":"https:\/\/www.europesays.com\/fr\/wp-json\/wp\/v2\/posts"}],"about":[{"href":"https:\/\/www.europesays.com\/fr\/wp-json\/wp\/v2\/types\/post"}],"author":[{"embeddable":true,"href":"https:\/\/www.europesays.com\/fr\/wp-json\/wp\/v2\/users\/2"}],"replies":[{"embeddable":true,"href":"https:\/\/www.europesays.com\/fr\/wp-json\/wp\/v2\/comments?post=541400"}],"version-history":[{"count":0,"href":"https:\/\/www.europesays.com\/fr\/wp-json\/wp\/v2\/posts\/541400\/revisions"}],"wp:featuredmedia":[{"embeddable":true,"href":"https:\/\/www.europesays.com\/fr\/wp-json\/wp\/v2\/media\/541401"}],"wp:attachment":[{"href":"https:\/\/www.europesays.com\/fr\/wp-json\/wp\/v2\/media?parent=541400"}],"wp:term":[{"taxonomy":"category","embeddable":true,"href":"https:\/\/www.europesays.com\/fr\/wp-json\/wp\/v2\/categories?post=541400"},{"taxonomy":"post_tag","embeddable":true,"href":"https:\/\/www.europesays.com\/fr\/wp-json\/wp\/v2\/tags?post=541400"}],"curies":[{"name":"wp","href":"https:\/\/api.w.org\/{rel}","templated":true}]}}