{"id":541402,"date":"2025-11-18T00:40:34","date_gmt":"2025-11-18T00:40:34","guid":{"rendered":"https:\/\/www.europesays.com\/fr\/541402\/"},"modified":"2025-11-18T00:40:34","modified_gmt":"2025-11-18T00:40:34","slug":"le-royaume-uni-durcit-sa-politique-dasile","status":"publish","type":"post","link":"https:\/\/www.europesays.com\/fr\/541402\/","title":{"rendered":"Le Royaume-Uni durcit sa politique d&rsquo;asile"},"content":{"rendered":"<p><img decoding=\"async\" class=\"watson-snippet__image bg-grey-10 block h-auto w-full \" src=\"https:\/\/www.europesays.com\/fr\/wp-content\/uploads\/2025\/11\/8055566919031989.webp\" fetchpriority=\"high\" width=\"2000\" height=\"1333\" alt=\"Protesters hold placards during a demonstration in Orpington near London, Friday, Aug. 22, 2025 as the dilemma of how to house asylum-seekers in Britain got more challenging for the government after a ...\" data-image-id=\"8055566919031989\"\/><\/p>\n<p>Des manifestants pr\u00e8s de Londres, le vendredi 22 ao\u00fbt 2025.Image: AP<\/p>\n<p>Le gouvernement britannique a pr\u00e9sent\u00e9 lundi une r\u00e9forme sur sa politique d&rsquo;asile et d&rsquo;immigration. Il esp\u00e8re d\u00e9courager les arriv\u00e9es irr\u00e9guli\u00e8res de migrants sur de petits bateaux.<\/p>\n<p>17.11.2025, 20:4617.11.2025, 20:46<\/p>\n<p>Plus de \u00abInternational\u00bb<\/p>\n<p class=\"watson-snippet__text my-6 text-[16px] lg:text-[18px] leading-normal md:w-3\/5\">La grande r\u00e9forme d\u00e9voil\u00e9e ce lundi par le gouvernement travailliste britannique a \u00e9t\u00e9 d\u00e9fendue par la ministre de l&rsquo;Int\u00e9rieur, Shabana Mahmood, comme \u00abla plus ambitieuse\u00bb mise en place au Royaume-Uni. Elle est toutefois critiqu\u00e9e par certains d\u00e9put\u00e9s du Labour et des d\u00e9fenseurs des droits des r\u00e9fugi\u00e9s. <\/p>\n<p class=\"watson-snippet__text my-6 text-[16px] lg:text-[18px] leading-normal md:w-3\/5\"><strong>Son objectif est de durcir la politique d&rsquo;asile et d&rsquo;immigration.<\/strong> Le gouvernement esp\u00e8re ainsi d\u00e9courager les arriv\u00e9es irr\u00e9guli\u00e8res de migrants sur de petits bateaux qu&rsquo;il peine \u00e0 endiguer et qui alimentent la mont\u00e9e de l&rsquo;extr\u00eame droite.<\/p>\n<p class=\"watson-snippet__text my-6 text-[16px] lg:text-[18px] leading-normal md:w-3\/5\"><strong>Voici les principales mesures de cette r\u00e9forme.<\/strong><\/p>\n<p>Statut temporaire pour les r\u00e9fugi\u00e9s<\/p>\n<p class=\"watson-snippet__text my-6 text-[16px] lg:text-[18px] leading-normal md:w-3\/5\">Le statut de r\u00e9fugi\u00e9 va devenir temporaire. <strong>Leur situation sera r\u00e9examin\u00e9e tous les 30 mois.<\/strong> Ceux qui ont fui la menace d&rsquo;un r\u00e9gime pourront \u00eatre renvoy\u00e9s dans leur pays d&rsquo;origine en cas de changement de r\u00e9gime, indique le gouvernement, citant l&rsquo;exemple de la Syrie, o\u00f9 un petit nombre de personnes ont commenc\u00e9 \u00e0 rentrer \u00absur la base du volontariat\u00bb apr\u00e8s la chute du r\u00e9gime de Bachar al-Assad.<\/p>\n<p class=\"watson-snippet__text my-6 text-[16px] lg:text-[18px] leading-normal md:w-3\/5\"><strong>Les r\u00e9fugi\u00e9s devront attendre 20 ans, contre cinq actuellement<\/strong>, pour demander un titre de r\u00e9sidence permanente, une mesure largement inspir\u00e9e du mod\u00e8le danois.<\/p>\n<p class=\"watson-snippet__text my-6 text-[16px] lg:text-[18px] leading-normal md:w-3\/5\">Le gouvernement veut aussi pouvoir renvoyer plus facilement les familles quand \u00abelles viennent d&rsquo;un pays d&rsquo;origine s\u00fbr\u00bb.<\/p>\n<p class=\"watson-snippet__text my-6 text-[16px] lg:text-[18px] leading-normal md:w-3\/5\">Shabana Mahmood esp\u00e8re que ces mesures d\u00e9courageront les arriv\u00e9es par la Manche. Depuis le 1er janvier, <strong>39 292 personnes sont arriv\u00e9es \u00e0 bord de petites embarcations<\/strong>, soit plus qu&rsquo;en 2024, et la quasi-totalit\u00e9 demandent l&rsquo;asile dans la foul\u00e9e.<\/p>\n<p class=\"watson-snippet__text my-6 text-[16px] lg:text-[18px] leading-normal md:w-3\/5\">Les possibilit\u00e9s d&rsquo;appels en cas de refus doivent aussi \u00eatre r\u00e9duites.<\/p>\n<p>Acc\u00e8s aux aides limit\u00e9<\/p>\n<p class=\"watson-snippet__text my-6 text-[16px] lg:text-[18px] leading-normal md:w-3\/5\">Le gouvernement travailliste pr\u00e9voit de supprimer le soutien financier automatique de l&rsquo;Etat aux demandeurs d&rsquo;asile, <strong>allou\u00e9 \u00e0 plus de 106 000 personnes en mars 2025. <\/strong>Actuellement, il leur verse une allocation hebdomadaire et leur fournit un h\u00e9bergement, mais le recours \u2013 co\u00fbteux \u2013 \u00e0 des h\u00f4tels pour loger les demandeurs d&rsquo;asile est tr\u00e8s critiqu\u00e9.<\/p>\n<p class=\"watson-snippet__text my-6 text-[16px] lg:text-[18px] leading-normal md:w-3\/5\">Les aides sociales seront \u00e9galement supprim\u00e9es \u00abpour ceux qui ont le droit de travailler et qui peuvent subvenir \u00e0 leurs besoins\u00bb mais ne le font pas, ou encore pour les personnes condamn\u00e9es.<\/p>\n<p class=\"watson-snippet__text my-6 text-[16px] lg:text-[18px] leading-normal md:w-3\/5\">Le gouvernement n&rsquo;a pas d\u00e9menti une information du tablo\u00efd The Sun, selon laquelle il envisage de puiser dans les ressources (argents, biens) des personnes demandant l&rsquo;asile pour financer leur h\u00e9bergement. <strong>\u00abIl est normal que les personnes poss\u00e9dant des biens contribuent \u00e0 leur prise en charge\u00bb<\/strong>, a d\u00e9clar\u00e9 le secr\u00e9taire d&rsquo;Etat \u00e0 l&rsquo;immigration Alex Norris sur Times radio.<\/p>\n<p>Faciliter les expulsions<\/p>\n<p class=\"watson-snippet__text my-6 text-[16px] lg:text-[18px] leading-normal md:w-3\/5\">Le gouvernement veut modifier l&rsquo;application au Royaume-Uni de la Convention europ\u00e9enne des droits de l&rsquo;homme <strong>pour faciliter les expulsions.<\/strong><\/p>\n<p class=\"watson-snippet__text my-6 text-[16px] lg:text-[18px] leading-normal md:w-3\/5\">Shabana Mahmood compte r\u00e9duire le champ de son article 8 sur le droit au respect de la vie priv\u00e9e et familiale. <strong>Londres entend aussi r\u00e9former la loi sur l&rsquo;esclavage moderne<\/strong>, d\u00e9coulant de l&rsquo;article 3 de la CEDH, pour r\u00e9duire son champ d&rsquo;application devant les tribunaux en mati\u00e8re de demande d&rsquo;asile.<\/p>\n<p class=\"watson-snippet__text my-6 text-[16px] lg:text-[18px] leading-normal md:w-3\/5\"><strong>Les demandes d&rsquo;asile ont augment\u00e9 de 18% en 2024<\/strong>, alors qu&rsquo;elles baissaient de 13% dans l&rsquo;ensemble de l&rsquo;Union europ\u00e9enne sur la m\u00eame p\u00e9riode, selon les chiffres du gouvernement. Plus de 400 000 demandes ont \u00e9t\u00e9 enregistr\u00e9es depuis 2021, contre 150 000 sur la p\u00e9riode 2011-2015.<\/p>\n<p>Menaces sur les visas<\/p>\n<p class=\"watson-snippet__text my-6 text-[16px] lg:text-[18px] leading-normal md:w-3\/5\">Le gouvernement menace de restreindre l&rsquo;octroi de visas \u00e0 l&rsquo;Angola, la Namibie et la RDC, qu&rsquo;il accuse de ne pas coop\u00e9rer suffisamment pour r\u00e9admettre leurs ressortissants en situation irr\u00e9guli\u00e8re.<\/p>\n<p class=\"watson-snippet__text my-6 text-[16px] lg:text-[18px] leading-normal md:w-3\/5\"><strong>\u00abIls ont un mois pour am\u00e9liorer les choses\u00bb<\/strong>, a pr\u00e9venu lundi Alex Norris. Selon Londres, cela concerne \u00abdes milliers\u00bb de personnes en situation irr\u00e9guli\u00e8re actuellement au Royaume-Uni.<\/p>\n<p class=\"watson-snippet__text my-6 text-[16px] lg:text-[18px] leading-normal md:w-3\/5\"><strong>D&rsquo;autres pays pourraient aussi \u00eatre cibl\u00e9s<\/strong>, notamment ceux qui affichent \u00abdes taux \u00e9lev\u00e9s de demandes d&rsquo;asile\u00bb de personnes entr\u00e9es l\u00e9galement au Royaume-Uni.<\/p>\n<p>Une r\u00e9forme critiqu\u00e9e<\/p>\n<p class=\"watson-snippet__text my-6 text-[16px] lg:text-[18px] leading-normal md:w-3\/5\">Les mesures suscitent une vive opposition au sein du Labour et d&rsquo;ONG d&rsquo;aide aux demandeurs d&rsquo;asile. Le d\u00e9put\u00e9 travailliste Tony Vaughan a d\u00e9plor\u00e9 une rh\u00e9torique encourageant une \u00abculture de la division\u00bb, tandis que l&rsquo;association Refugee Council a qualifi\u00e9 ces mesures de \u00abdures et inutiles\u00bb.<\/p>\n<p class=\"watson-snippet__text my-6 text-[16px] lg:text-[18px] leading-normal md:w-3\/5\">Le secr\u00e9taire d&rsquo;Etat Alex Norris a rejet\u00e9 lundi toute \u00abconsid\u00e9ration de politique\u00bb politicienne, alors que certains accusent le Labour, \u00e0 la peine dans les sondages, de vouloir chasser sur les terres du parti anti-immigration Reform UK, largement en t\u00eate des intentions de vote. Son leader Nigel Farage s&rsquo;est f\u00e9licit\u00e9 de ces annonces, affirmant que Shabana Mahmood parlait comme \u00abune sympathisante de Reform\u00bb.<\/p>\n<p class=\"watson-snippet__text my-6 text-[16px] lg:text-[18px] leading-normal md:w-3\/5\">Kemi Badenoch, cheffe de l&rsquo;opposition conservatrice, a estim\u00e9 qu&rsquo;il s&rsquo;agissait d&rsquo;un \u00abpas dans la bonne direction\u00bb, mais que ces mesures n&rsquo;allaient pas encore assez loin. (ag\/ats)<\/p>\n<p>L&rsquo;actu internationale jour et nuit <\/p>\n","protected":false},"excerpt":{"rendered":"Des manifestants pr\u00e8s de Londres, le vendredi 22 ao\u00fbt 2025.Image: AP Le gouvernement britannique a pr\u00e9sent\u00e9 lundi une&hellip;\n","protected":false},"author":2,"featured_media":541403,"comment_status":"","ping_status":"","sticky":false,"template":"","format":"standard","meta":{"footnotes":""},"categories":[1588],"tags":[11,1777,674,12,473,1853,1851,1850,1852],"class_list":{"0":"post-541402","1":"post","2":"type-post","3":"status-publish","4":"format-standard","5":"has-post-thumbnail","7":"category-royaume-uni","8":"tag-actualites","9":"tag-eu","10":"tag-europe","11":"tag-news","12":"tag-royaume-uni","13":"tag-royaume-uni-de-grande-bretagne-et-dirlande-du-nord","14":"tag-uk","15":"tag-united-kingdom","16":"tag-united-kingdom-of-great-britain-and-northern-ireland"},"share_on_mastodon":{"url":"https:\/\/pubeurope.com\/@fr\/115567923000380484","error":""},"_links":{"self":[{"href":"https:\/\/www.europesays.com\/fr\/wp-json\/wp\/v2\/posts\/541402","targetHints":{"allow":["GET"]}}],"collection":[{"href":"https:\/\/www.europesays.com\/fr\/wp-json\/wp\/v2\/posts"}],"about":[{"href":"https:\/\/www.europesays.com\/fr\/wp-json\/wp\/v2\/types\/post"}],"author":[{"embeddable":true,"href":"https:\/\/www.europesays.com\/fr\/wp-json\/wp\/v2\/users\/2"}],"replies":[{"embeddable":true,"href":"https:\/\/www.europesays.com\/fr\/wp-json\/wp\/v2\/comments?post=541402"}],"version-history":[{"count":0,"href":"https:\/\/www.europesays.com\/fr\/wp-json\/wp\/v2\/posts\/541402\/revisions"}],"wp:featuredmedia":[{"embeddable":true,"href":"https:\/\/www.europesays.com\/fr\/wp-json\/wp\/v2\/media\/541403"}],"wp:attachment":[{"href":"https:\/\/www.europesays.com\/fr\/wp-json\/wp\/v2\/media?parent=541402"}],"wp:term":[{"taxonomy":"category","embeddable":true,"href":"https:\/\/www.europesays.com\/fr\/wp-json\/wp\/v2\/categories?post=541402"},{"taxonomy":"post_tag","embeddable":true,"href":"https:\/\/www.europesays.com\/fr\/wp-json\/wp\/v2\/tags?post=541402"}],"curies":[{"name":"wp","href":"https:\/\/api.w.org\/{rel}","templated":true}]}}