{"id":541406,"date":"2025-11-18T00:47:49","date_gmt":"2025-11-18T00:47:49","guid":{"rendered":"https:\/\/www.europesays.com\/fr\/541406\/"},"modified":"2025-11-18T00:47:49","modified_gmt":"2025-11-18T00:47:49","slug":"voitures-electriques-leurope-asphyxiee-par-la-dependance-aux-batteries-chinoises","status":"publish","type":"post","link":"https:\/\/www.europesays.com\/fr\/541406\/","title":{"rendered":"Voitures \u00e9lectriques : l\u2019Europe asphyxi\u00e9e par la d\u00e9pendance aux batteries chinoises"},"content":{"rendered":"<p>L\u2019heure est grave. Derri\u00e8re l\u2019essor des v\u00e9hicules \u00e9lectriques, cens\u00e9s incarner l\u2019avenir d\u00e9carbon\u00e9 du continent, se cache une r\u00e9alit\u00e9 inqui\u00e9tante : la Chine tient l\u2019Europe par la gorge. P\u00e9kin, qui contr\u00f4le l\u2019essentiel du raffinage des minerais critiques et la production des batteries, brandit d\u00e9sormais la menace d\u2019un chantage \u00e0 l\u2019approvisionnement.<\/p>\n<p>Cette domination n\u2019est pas le fruit du hasard. <strong>Depuis plus de quinze ans, la Chine a m\u00e9thodiquement investi dans l\u2019extraction et le raffinage des terres rares, en Afrique, en Am\u00e9rique latine et en Asie<\/strong>, tout en d\u00e9veloppant un appareil industriel colossal, li\u00e9 \u00e0 la <strong>fili\u00e8re industrielle des voitures \u00e9lectriques<\/strong> et autres v\u00e9hicules \u00e0 batterie tels que les PHEV. R\u00e9sultat : <strong>pr\u00e8s de 70 % des batteries produites dans le monde sortent aujourd\u2019hui d\u2019usines chinoises<\/strong>. L\u2019<strong>Europe<\/strong>, qui a tard\u00e9 \u00e0 prendre conscience de l<strong>\u2019importance strat\u00e9gique de ce secteur<\/strong>, se retrouve pi\u00e9g\u00e9e. Les <strong>gigafactories <\/strong>d\u00e9j\u00e0 en service en <strong>Europe<\/strong> d\u00e9pendent encore massivement des importations de composants chinois.<\/p>\n<p><img loading=\"lazy\" decoding=\"async\" class=\"alignnone wp-image-437485 size-medium\" src=\"https:\/\/www.europesays.com\/fr\/wp-content\/uploads\/2025\/11\/voiture-electrique-Gigafactory-ACC-France-785x588.jpeg\" alt=\"voiture \u00e9lectrique batetries gigafactory Automotive Cells Company ACC voitures \u00e9lectriques batteries chinoises Europe\" width=\"785\" height=\"588\"  \/><\/p>\n<p>La situation est particuli\u00e8rement pr\u00e9occupante pour la <strong>France<\/strong>, qui a plac\u00e9 de grands espoirs dans ses projets de <strong>gigafactories<\/strong>. Le consortium <strong>Automotive Cells Company (ACC)<\/strong>, r\u00e9unissant <strong><a href=\"https:\/\/lesvoitures.fr\/fin-thermique-2035-europe-antonio-filosa-stellantis\/\" target=\"_blank\" rel=\"noopener nofollow\">Stellantis<\/a>, <a title=\"Mercedes-Benz\" href=\" https:\/\/lesvoitures.fr\/mercedes\/\">Mercedes-Benz<\/a> et TotalEnergies<\/strong>, repr\u00e9sente cette volont\u00e9 de <strong>b\u00e2tir une fili\u00e8re souveraine<\/strong>. Plusieurs usines sont pr\u00e9vues, sachant qu\u2019une est d\u00e9j\u00e0 fonctionnelle \u00e0 <strong>Douvrin<\/strong> dans le <strong>Pas-de-Calais<\/strong>, cens\u00e9e devenir un symbole de renaissance industrielle. Mais derri\u00e8re cette vitrine, la r\u00e9alit\u00e9 est plus complexe : <strong>ACC reste d\u00e9pendante des terres rares extraites et raffin\u00e9es en Chine, ainsi que de l\u2019expertise technologique chinoise<\/strong> dans la conception et l\u2019industrialisation des batteries. De ce fait, <strong>ACC a, pour le moment, suspendu ses projets de gigafactories en Allemagne et en Italie<\/strong>.<\/p>\n<p>Face aux <strong>batteries chinoises et \u00e0 leurs composants critiques<\/strong>, ce paradoxe est inqui\u00e9tant. Alors que l<strong>\u2019Europe investit des milliards pour relocaliser la production, elle demeure tributaire de savoir-faire et de ressources que P\u00e9kin contr\u00f4le<\/strong>. C\u2019est <strong>toute l\u2019industrie automobile europ\u00e9enne, principalement celle des voitures \u00e9lectriques, qui risque de souffrir encore plus dans les prochains mois<\/strong>, en rappelant que les constructeurs automobiles sont d\u00e9j\u00e0 en souffrance.<\/p>\n<p><strong>\u00c0 l\u2019\u00e9chelle de toute l\u2019Europe, les gigafactories pourraient se transformer en coquilles vides si les flux de mati\u00e8res premi\u00e8res venaient \u00e0 \u00eatre interrompus<\/strong>. Le graphite, le lithium, le cobalt ou le nickel, indispensables \u00e0 la fabrication des cellules, sont pour l\u2019essentiel <strong>raffin\u00e9s en Chine.<\/strong> Sans ces intrants, les lignes de production europ\u00e9ennes ne peuvent tout simplement pas fonctionner.<\/p>\n<p><strong>Au-del\u00e0 des mati\u00e8res premi\u00e8res, c\u2019est aussi l\u2019expertise qui fait d\u00e9faut<\/strong>. <strong>La Chine a accumul\u00e9 une avance consid\u00e9rable<\/strong> dans la ma\u00eetrise des proc\u00e9d\u00e9s industriels, dans l\u2019optimisation des co\u00fbts et dans la mise \u00e0 l\u2019\u00e9chelle des technologies. <strong>Les ing\u00e9nieurs europ\u00e9ens, malgr\u00e9 leur savoir-faire, doivent encore s\u2019appuyer sur des partenariats ou des transferts de comp\u00e9tences venus d\u2019Asie<\/strong>. <strong>ACC<\/strong>, comme d\u2019autres acteurs europ\u00e9ens, se retrouve donc dans une position de <strong>d\u00e9pendance technologique presque totale li\u00e9e \u00e0 la Chine<\/strong>, ce qui fragilise son ambition de souverainet\u00e9.<\/p>\n<p>Cette d\u00e9pendance cr\u00e9e un <strong>pi\u00e8ge strat\u00e9gique<\/strong>. <strong>L\u2019Europe croit b\u00e2tir une fili\u00e8re autonome, mais elle reste prisonni\u00e8re d\u2019une double d\u00e9pendance<\/strong> : celle des terres rares et celle de l\u2019expertise chinoise. <strong>P\u00e9kin peut ainsi exercer une pression \u00e0 la fois \u00e9conomique et <a title=\"politique\" href=\" https:\/\/lesvoitures.fr\/politique\/\">politique<\/a><\/strong>, en conditionnant ses exportations ou en limitant l\u2019acc\u00e8s \u00e0 certaines technologies. Dans un <strong>contexte de tensions g\u00e9opolitiques croissantes<\/strong>, cette vuln\u00e9rabilit\u00e9 devient une <strong>menace directe pour l\u2019avenir industriel du continent<\/strong>.<\/p>\n<p><strong>Bruxelles<\/strong> <strong>tente de r\u00e9agir, en lan\u00e7ant des plans de soutien massif<\/strong> et en encourageant la diversification des approvisionnements. Mais ces efforts se heurtent \u00e0 la r\u00e9alit\u00e9 du temps long : d\u00e9velopper des mines, construire des raffineries, former des ing\u00e9nieurs, tout cela exige des ann\u00e9es. Pendant ce temps, <strong>la Chine continue de renforcer son emprise, verrouillant l\u2019acc\u00e8s aux ressources<\/strong> et consolidant son avance technologique en mati\u00e8re de batteries et, in fine, dans le domaine des <strong>voitures \u00e9lectriques<\/strong>.<\/p>\n<p>Ce qui se joue aujourd\u2019hui d\u00e9passe la simple comp\u00e9titivit\u00e9. C\u2019est la <strong>survie de l\u2019industrie automobile europ\u00e9enne<\/strong>, et avec elle la cr\u00e9dibilit\u00e9 de la transition \u00e9cologique. <strong>Si les gigafactories comme celle d\u2019ACC en France ne parviennent pas \u00e0 s\u00e9curiser leurs approvisionnements et \u00e0 s\u2019affranchir de l\u2019expertise chinoise, elles risquent de devenir des symboles d\u2019impuissance<\/strong> plut\u00f4t que de souverainet\u00e9.<\/p>\n<p>L\u2019heure n\u2019est plus aux demi-mesures. <strong>La d\u00e9pendance \u00e0 la Chine n\u2019est plus un simple risque \u00e9conomique : elle est devenue une menace directe<\/strong> pour la souverainet\u00e9, la s\u00e9curit\u00e9 \u00e9nerg\u00e9tique et l\u2019avenir \u00e9cologique du continent. <strong>Si l\u2019Europe ne sort pas rapidement de ce pi\u00e8ge, elle risque de voir son projet de transition \u00e9nerg\u00e9tique s\u2019effondrer<\/strong>, et avec lui, sa place dans le monde de demain.<\/p>\n<p>Enfin, et c\u2019est loin d\u2019\u00eatre un d\u00e9tail, le <strong>10 d\u00e9cembre prochain, la Commission europ\u00e9enne a pr\u00e9vu de faire des annonces au sujet de l\u2019industrie automobile<\/strong>, notamment sur le sujet de la <strong>clause de revoyure, de mani\u00e8re anticip\u00e9e,<\/strong>\u00a0portant sur l<strong>\u2018interdiction des ventes de voitures thermiques et hybrides, au sein de l\u2019UE, \u00e0 partir de 2035<\/strong>.<\/p>\n<p>La r\u00e9daction<\/p>\n<p><a title=\"Photos\" href=\" https:\/\/lesvoitures.fr\/photos\/\">Photos<\/a> : LesVoitures.com et ACC<\/p>\n","protected":false},"excerpt":{"rendered":"L\u2019heure est grave. Derri\u00e8re l\u2019essor des v\u00e9hicules \u00e9lectriques, cens\u00e9s incarner l\u2019avenir d\u00e9carbon\u00e9 du continent, se cache une r\u00e9alit\u00e9&hellip;\n","protected":false},"author":2,"featured_media":541407,"comment_status":"","ping_status":"","sticky":false,"template":"","format":"standard","meta":{"footnotes":""},"categories":[1586],"tags":[8680,11,65952,309,1777,674,1011,27,12,25,3889],"class_list":{"0":"post-541406","1":"post","2":"type-post","3":"status-publish","4":"format-standard","5":"has-post-thumbnail","7":"category-europe","8":"tag-acc","9":"tag-actualites","10":"tag-batteries-chinoises","11":"tag-chine","12":"tag-eu","13":"tag-europe","14":"tag-fr","15":"tag-france","16":"tag-news","17":"tag-republique-francaise","18":"tag-voitures-electriques"},"share_on_mastodon":{"url":"https:\/\/pubeurope.com\/@fr\/115567953692166194","error":""},"_links":{"self":[{"href":"https:\/\/www.europesays.com\/fr\/wp-json\/wp\/v2\/posts\/541406","targetHints":{"allow":["GET"]}}],"collection":[{"href":"https:\/\/www.europesays.com\/fr\/wp-json\/wp\/v2\/posts"}],"about":[{"href":"https:\/\/www.europesays.com\/fr\/wp-json\/wp\/v2\/types\/post"}],"author":[{"embeddable":true,"href":"https:\/\/www.europesays.com\/fr\/wp-json\/wp\/v2\/users\/2"}],"replies":[{"embeddable":true,"href":"https:\/\/www.europesays.com\/fr\/wp-json\/wp\/v2\/comments?post=541406"}],"version-history":[{"count":0,"href":"https:\/\/www.europesays.com\/fr\/wp-json\/wp\/v2\/posts\/541406\/revisions"}],"wp:featuredmedia":[{"embeddable":true,"href":"https:\/\/www.europesays.com\/fr\/wp-json\/wp\/v2\/media\/541407"}],"wp:attachment":[{"href":"https:\/\/www.europesays.com\/fr\/wp-json\/wp\/v2\/media?parent=541406"}],"wp:term":[{"taxonomy":"category","embeddable":true,"href":"https:\/\/www.europesays.com\/fr\/wp-json\/wp\/v2\/categories?post=541406"},{"taxonomy":"post_tag","embeddable":true,"href":"https:\/\/www.europesays.com\/fr\/wp-json\/wp\/v2\/tags?post=541406"}],"curies":[{"name":"wp","href":"https:\/\/api.w.org\/{rel}","templated":true}]}}