{"id":541415,"date":"2025-11-18T01:00:20","date_gmt":"2025-11-18T01:00:20","guid":{"rendered":"https:\/\/www.europesays.com\/fr\/541415\/"},"modified":"2025-11-18T01:00:20","modified_gmt":"2025-11-18T01:00:20","slug":"pro-d2-le-match-entre-beziers-et-le-rc-vannes-decale","status":"publish","type":"post","link":"https:\/\/www.europesays.com\/fr\/541415\/","title":{"rendered":"Pro D2\u00a0: le match entre B\u00e9ziers et le RC Vannes d\u00e9cal\u00e9"},"content":{"rendered":"<p>La Ligue nationale de rugby a d\u00e9voil\u00e9, ce lundi 17 novembre 2025, la programmation de la 15e journ\u00e9e de Pro D2, qui se d\u00e9roulera le jeudi 18 et vendredi 19 d\u00e9cembre 2025.<\/p>\n<p>Le RC Vannes encore le jeudi<\/p>\n<p class=\"tech\"><strong class=\"tech\">Jeudi 18 d\u00e9cembre :<\/strong> B\u00e9ziers &#8211; RC Vannes, 21 h.<\/p>\n<p class=\"tech\"><strong class=\"tech\">Vendredi 19 d\u00e9cembre : <\/strong>Colomiers &#8211; Valence, 19 h ; Grenoble &#8211; Dax, Stade Montois &#8211; Provence, Agen &#8211; Aurillac, Carcassonne &#8211; Angoul\u00eame, Nevers &#8211; Brive, 19 h 30 ; Biarritz &#8211; Oyonnax, 21 h.<\/p>\n","protected":false},"excerpt":{"rendered":"La Ligue nationale de rugby a d\u00e9voil\u00e9, ce lundi 17 novembre 2025, la programmation de la 15e journ\u00e9e&hellip;\n","protected":false},"author":2,"featured_media":541416,"comment_status":"","ping_status":"","sticky":false,"template":"","format":"standard","meta":{"footnotes":""},"categories":[1416],"tags":[3166,1011,27,3164,479,1468,60,3165],"class_list":{"0":"post-541415","1":"post","2":"type-post","3":"status-publish","4":"format-standard","5":"has-post-thumbnail","7":"category-rugby","8":"tag-en-continu-sports","9":"tag-fr","10":"tag-france","11":"tag-rc-vannes","12":"tag-rugby","13":"tag-rugby-football","14":"tag-sports","15":"tag-vannes"},"share_on_mastodon":{"url":"https:\/\/pubeurope.com\/@fr\/115567999351277890","error":""},"_links":{"self":[{"href":"https:\/\/www.europesays.com\/fr\/wp-json\/wp\/v2\/posts\/541415","targetHints":{"allow":["GET"]}}],"collection":[{"href":"https:\/\/www.europesays.com\/fr\/wp-json\/wp\/v2\/posts"}],"about":[{"href":"https:\/\/www.europesays.com\/fr\/wp-json\/wp\/v2\/types\/post"}],"author":[{"embeddable":true,"href":"https:\/\/www.europesays.com\/fr\/wp-json\/wp\/v2\/users\/2"}],"replies":[{"embeddable":true,"href":"https:\/\/www.europesays.com\/fr\/wp-json\/wp\/v2\/comments?post=541415"}],"version-history":[{"count":0,"href":"https:\/\/www.europesays.com\/fr\/wp-json\/wp\/v2\/posts\/541415\/revisions"}],"wp:featuredmedia":[{"embeddable":true,"href":"https:\/\/www.europesays.com\/fr\/wp-json\/wp\/v2\/media\/541416"}],"wp:attachment":[{"href":"https:\/\/www.europesays.com\/fr\/wp-json\/wp\/v2\/media?parent=541415"}],"wp:term":[{"taxonomy":"category","embeddable":true,"href":"https:\/\/www.europesays.com\/fr\/wp-json\/wp\/v2\/categories?post=541415"},{"taxonomy":"post_tag","embeddable":true,"href":"https:\/\/www.europesays.com\/fr\/wp-json\/wp\/v2\/tags?post=541415"}],"curies":[{"name":"wp","href":"https:\/\/api.w.org\/{rel}","templated":true}]}}