{"id":541423,"date":"2025-11-18T01:08:13","date_gmt":"2025-11-18T01:08:13","guid":{"rendered":"https:\/\/www.europesays.com\/fr\/541423\/"},"modified":"2025-11-18T01:08:13","modified_gmt":"2025-11-18T01:08:13","slug":"ensemble-depuis-37-ans-michael-j-fox-et-tracy-pollan-livrent-le-secret-tres-simple-de-leur-amour","status":"publish","type":"post","link":"https:\/\/www.europesays.com\/fr\/541423\/","title":{"rendered":"Ensemble depuis 37 ans, Michael J. Fox et Tracy Pollan livrent le secret tr\u00e8s simple de leur amour"},"content":{"rendered":"<p>                             Par Lilou Pomart<\/p>\n<p>                Le 17 novembre 2025 \u00e0 23h00<\/p>\n<p>                                    <img decoding=\"async\" src=\"https:\/\/www.europesays.com\/fr\/wp-content\/uploads\/2025\/11\/fb9016ae3871e55ccbbaff065c54d75fabbc69bc2745d7a89f1f5b1057916865.jpg\" alt=\"Cinq signes qui prouvent qu'une histoire d'amour commence bien\" class=\"a11y-hidden\" fetchpriority=\"high\"\/><\/p>\n<p>\n    Mari\u00e9s depuis pr\u00e8s de quatre d\u00e9cennies, Michael J. Fox et Tracy Pollan d\u00e9voilent la philosophie simple, mais redoutablement efficace, qui nourrit leur union\u00a0: une bonne dose de rire quotidien.<\/p>\n<p class=\"fig-paragraph\">Il suffit d\u2019un regard entre Michael J. Fox et son \u00e9pouse Tracy Pollan pour comprendre que certaines histoires d\u2019<a href=\"https:\/\/madame.lefigaro.fr\/tag\/amour\" target=\"_blank\" data-fig-type=\"Keyword\" rel=\"sponsored noopener\" data-gtm-custom-categorie=\"navigation\" data-gtm-custom-action=\"crossclick\" data-gtm-custom-label=\"Contextuel\" data-gtm-event=\"customEventSPE\" data-fig-domain=\"MADAME\">amour<\/a>\u00a0d\u00e9fient le temps. Et pour cause\u00a0: ils cultivent leur bonheur depuis 37 ans. Lorsque leur fils a\u00een\u00e9, Sam, a dit \u00aboui\u00bb \u00e0 sa fianc\u00e9e Molly Milstein d\u00e9but novembre, le couple a partag\u00e9 avec lui le conseil qui, selon eux, soutient toute une vie \u00e0 deux. \u00abTrouver une chose de laquelle rire ensemble chaque jour\u00bb, confiait Tracy Pollan, mi-novembre, au magazine\u00a0<a href=\"https:\/\/people.com\/tracy-pollan-advice-michael-j-fox-gave-son-sam-on-wedding-day-exclusive-11850412\" target=\"_blank\" rel=\"sponsored noopener\" data-gtm-custom-categorie=\"navigation\" data-gtm-custom-action=\"crossclick\" data-gtm-custom-label=\"Contextuel\" data-gtm-event=\"customEventSPE\">People<\/a> . Pas de recette miracle, juste un rituel qui a fa\u00e7onn\u00e9 un mariage \u00e0 l\u2019\u00e9preuve du temps. \u00abOn avance un jour apr\u00e8s l\u2019autre, et \u00e7a marche\u00bb, glisse-t-elle.<\/p>\n<p>Une famille discr\u00e8te&#8230; mais bien dans ses baskets<\/p>\n<p class=\"fig-paragraph\">Le couple est parent de quatre enfants\u00a0: les jumelles Aquinnah et Schuyler, aujourd\u2019hui \u00e2g\u00e9es de 30 ans, et la benjamine Esm\u00e9, 24 ans. Schuyler s\u2019est d\u2019ailleurs mari\u00e9e l\u2019an dernier, faisant de l\u2019union de Sam et Molly le deuxi\u00e8me grand \u00e9v\u00e9nement nuptial du clan. Et malgr\u00e9 la notori\u00e9t\u00e9 du p\u00e8re &#8211; ic\u00f4ne de Retour vers le futur et figure de Hollywood &#8211; les enfants n\u2019ont jamais \u00e9t\u00e9 fascin\u00e9s par la carri\u00e8re de Michael J. Fox. Une demi-surprise pour l\u2019acteur\u00a0: \u00abIls n\u2019ont jamais \u00e9t\u00e9 particuli\u00e8rement curieux \u00e0 propos de ma carri\u00e8re. Chacun suit sa route. Ce sont de tr\u00e8s belles personnes\u00bb, explique-t-il. Sam, lui, travaille d\u00e9sormais dans l\u2019industrie, c\u00f4t\u00e9 production.<\/p>\n<p>                                    <a class=\"fig-a11y-skip a11y-hidden\" href=\"#fig-a11y-skip-main-inarticle\"><br \/>\n        Passer la publicit\u00e9<br \/>\n    <\/a><\/p>\n<p>Un clan uni face au combat de leur p\u00e8re<\/p>\n<p class=\"fig-paragraph\">S\u2019ils ne se pressent pas pour se plonger dans la filmographie familiale, les enfants Fox-Pollan ne manquent jamais un rendez-vous quand il s\u2019agit de soutenir leur p\u00e8re dans son combat contre la maladie de Parkinson. Comme chaque ann\u00e9e, la famille a ainsi particip\u00e9 au gala \u00abA Funny Thing Happened on the Way to Cure Parkinson\u2019s\u00bb, un \u00e9v\u00e8nement humoristique annuel organis\u00e9 \u00e0 New York au profit de la Michael J. Fox Foundation, cr\u00e9\u00e9e en 2000. L\u2019organisation caritative a pour but de sensibiliser le public et de financer la recherche sur la maladie de Parkinson, dont l\u2019acteur a lui-m\u00eame \u00e9t\u00e9 diagnostiqu\u00e9 en 1991. L\u2019\u00e9v\u00e9nement, qui rassemble amis proches et c\u00e9l\u00e9brit\u00e9s, fonctionne comme une grande r\u00e9union. \u00abTous ces gens sont des amis, de la famille. Ils ont toujours \u00e9t\u00e9 l\u00e0 pour moi, ann\u00e9e apr\u00e8s ann\u00e9e\u00bb, souffle Michael J. Fox. Avec plus de 2.5 milliards de dollars d\u00e9j\u00e0 investis en 25 ans, la fondation poursuit un travail colossal que l\u2019acteur consid\u00e8re loin d\u2019\u00eatre termin\u00e9.<\/p>\n<p>Une fin d\u2019ann\u00e9e plac\u00e9e sous le signe de la fiert\u00e9<\/p>\n<p class=\"fig-paragraph\">Et les bonnes nouvelles s\u2019encha\u00eenent pour la famille. Le 2 novembre, Esme a franchi la ligne d\u2019arriv\u00e9e du marathon de New York en courant pour la Fondation \u2013 un exploit symbolique, r\u00e9alis\u00e9 \u00e0 quelques jours de son 24e anniversaire. Michael J. Fox n\u2019a pas r\u00e9sist\u00e9 \u00e0 l\u2019envie de c\u00e9l\u00e9brer ce moment sur les r\u00e9seaux sociaux\u00a0: \u00abEsme\u2026 avant\u2026 et maintenant &#8211; tu l\u2019as fait\u00a0! Tu es incroyable, f\u00e9licitations\u00a0! Ton dood est tr\u00e8s fier, oh oui, et joyeux anniversaire\u00a0!\u00bb<\/p>\n","protected":false},"excerpt":{"rendered":"Par Lilou Pomart Le 17 novembre 2025 \u00e0 23h00 Mari\u00e9s depuis pr\u00e8s de quatre d\u00e9cennies, Michael J. Fox&hellip;\n","protected":false},"author":2,"featured_media":541424,"comment_status":"","ping_status":"","sticky":false,"template":"","format":"standard","meta":{"footnotes":""},"categories":[1359],"tags":[1000,1193,58,59,1011,27,1930,973],"class_list":{"0":"post-541423","1":"post","2":"type-post","3":"status-publish","4":"format-standard","5":"has-post-thumbnail","7":"category-people","8":"tag-celebrites","9":"tag-couple","10":"tag-divertissement","11":"tag-entertainment","12":"tag-fr","13":"tag-france","14":"tag-mariage","15":"tag-people"},"share_on_mastodon":{"url":"https:\/\/pubeurope.com\/@fr\/115568032020775908","error":""},"_links":{"self":[{"href":"https:\/\/www.europesays.com\/fr\/wp-json\/wp\/v2\/posts\/541423","targetHints":{"allow":["GET"]}}],"collection":[{"href":"https:\/\/www.europesays.com\/fr\/wp-json\/wp\/v2\/posts"}],"about":[{"href":"https:\/\/www.europesays.com\/fr\/wp-json\/wp\/v2\/types\/post"}],"author":[{"embeddable":true,"href":"https:\/\/www.europesays.com\/fr\/wp-json\/wp\/v2\/users\/2"}],"replies":[{"embeddable":true,"href":"https:\/\/www.europesays.com\/fr\/wp-json\/wp\/v2\/comments?post=541423"}],"version-history":[{"count":0,"href":"https:\/\/www.europesays.com\/fr\/wp-json\/wp\/v2\/posts\/541423\/revisions"}],"wp:featuredmedia":[{"embeddable":true,"href":"https:\/\/www.europesays.com\/fr\/wp-json\/wp\/v2\/media\/541424"}],"wp:attachment":[{"href":"https:\/\/www.europesays.com\/fr\/wp-json\/wp\/v2\/media?parent=541423"}],"wp:term":[{"taxonomy":"category","embeddable":true,"href":"https:\/\/www.europesays.com\/fr\/wp-json\/wp\/v2\/categories?post=541423"},{"taxonomy":"post_tag","embeddable":true,"href":"https:\/\/www.europesays.com\/fr\/wp-json\/wp\/v2\/tags?post=541423"}],"curies":[{"name":"wp","href":"https:\/\/api.w.org\/{rel}","templated":true}]}}