{"id":541425,"date":"2025-11-18T01:09:14","date_gmt":"2025-11-18T01:09:14","guid":{"rendered":"https:\/\/www.europesays.com\/fr\/541425\/"},"modified":"2025-11-18T01:09:14","modified_gmt":"2025-11-18T01:09:14","slug":"maine-et-loire-avec-ses-murs-geants-brissac-est-le-plus-haut-chateau-de-france","status":"publish","type":"post","link":"https:\/\/www.europesays.com\/fr\/541425\/","title":{"rendered":"Maine-et-Loire : Avec ses murs g\u00e9ants, Brissac est le plus haut ch\u00e2teau de France"},"content":{"rendered":"<p class=\"mb-4 text-lg md:leading-8 break-words\"><strong>G\u00e9ant &#8211; Haut de 50 m\u00e8tres, celui qu\u2019on surnomme le \u00ab Colosse du Val-de-Loire \u00bb cache un int\u00e9rieur intimiste<\/strong><\/p>\n<p class=\"mb-4 text-lg md:leading-8 break-words\">Le ch\u00e2teau de Brissac, situ\u00e9 dans le <a href=\"https:\/\/www.20minutes.fr\/dossier\/maine-et-loire?at_medium=RSS%20feed&amp;at_campaign=ynews&amp;utm_source=yahoo&amp;utm_medium=rss&amp;utm_campaign=news_feed&amp;utm_content=in_article_link\" rel=\"nofollow noopener\" target=\"_blank\" data-ylk=\"slk:Maine-et-Loire;elm:context_link;itc:0;sec:content-canvas\" class=\"link \">Maine-et-Loire<\/a>, s\u2019est impos\u00e9 comme le plus haut ch\u00e2teau de France avec ses 50 m\u00e8tres de hauteur, comme le souligne <a href=\"https:\/\/france3-regions.franceinfo.fr\/centre-val-de-loire\/insolite-avec-ses-7-etages-et-204-pieces-le-colosse-du-val-de-loire-se-distingue-comme-le-plus-haut-chateau-de-france-3243871.html?at_medium=RSS%20feed&amp;at_campaign=ynews&amp;utm_source=yahoo&amp;utm_medium=rss&amp;utm_campaign=news_feed&amp;utm_content=in_article_link\" rel=\"nofollow noopener\" target=\"_blank\" data-ylk=\"slk:France Info;elm:context_link;itc:0;sec:content-canvas\" class=\"link \">France Info<\/a>. \u00c9difi\u00e9 \u00e0 partir du XI\u1d49 si\u00e8cle et longtemps r\u00e9sidence des ducs de Brissac, il est constitu\u00e9 de pas moins de sept \u00e9tages et 204 pi\u00e8ces. Des mensurations XXL qui lui ont valu le surnom de \u00ab Colosse du Val-de-Loire \u00bb.<\/p>\n<p class=\"mb-4 text-lg md:leading-8 break-words\">Mais malgr\u00e9 cette structure tr\u00e8s impressionnante, tout \u00e0 l\u2019int\u00e9rieur a \u00e9t\u00e9 pens\u00e9 pour offrir un effet intimiste et confortable. L\u2019ancien propri\u00e9taire des lieux y a, par exemple, am\u00e9nag\u00e9 la \u00ab Chambre Bleue \u00bb pour offrir un cadre chaleureux \u00e0 ses premiers rendez-vous avec sa future \u00e9pouse.<\/p>\n<p>Un patrimoine anim\u00e9 par ses occupants<\/p>\n<p class=\"mb-4 text-lg md:leading-8 break-words\">Le domaine a \u00e9galement une longue tradition artistique. Le Petit Th\u00e9\u00e2tre, construit au XIX\u1d49 si\u00e8cle par la cantatrice Jeanne Say, \u00e9pouse du marquis de Brissac, t\u00e9moigne de cet h\u00e9ritage. Cette petite salle d\u2019<a href=\"https:\/\/www.20minutes.fr\/arts-stars\/culture\/4174781-20250923-musee-grevin-guillaume-diop-premier-danseur-etoile-noir-opera-paris-double-cire?at_medium=RSS%20feed&amp;at_campaign=ynews&amp;utm_source=yahoo&amp;utm_medium=rss&amp;utm_campaign=news_feed&amp;utm_content=in_article_link\" rel=\"nofollow noopener\" target=\"_blank\" data-ylk=\"slk:op\u00e9ra;elm:context_link;itc:0;sec:content-canvas\" class=\"link \">op\u00e9ra<\/a> accueillait alors artistes et repr\u00e9sentations au c\u0153ur m\u00eame du ch\u00e2teau.<\/p>\n<p class=\"mb-4 text-lg md:leading-8 break-words\">L\u2019esprit artistique perdure entre ces murs avec Larissa de Brissac, ancienne danseuse du <a href=\"https:\/\/www.20minutes.fr\/justice\/4032131-20230411-nice-non-lieu-definitif-directeur-ballet-nice-mediterranee-accuse-harcelement-moral?at_medium=RSS%20feed&amp;at_campaign=ynews&amp;utm_source=yahoo&amp;utm_medium=rss&amp;utm_campaign=news_feed&amp;utm_content=in_article_link\" rel=\"nofollow noopener\" target=\"_blank\" data-ylk=\"slk:ballet;elm:context_link;itc:0;sec:content-canvas\" class=\"link \">ballet<\/a> de l\u2019Op\u00e9ra de Londres, qui r\u00e9side d\u00e9sormais dans le ch\u00e2teau. Comme ses pr\u00e9d\u00e9cesseurs, elle perp\u00e9tue l\u2019histoire culturelle du lieu via des \u00e9v\u00e9nements organis\u00e9s r\u00e9guli\u00e8rement, comme des pi\u00e8ces de th\u00e9\u00e2tre, ou encore des f\u00eates.<\/p>\n<p class=\"mb-4 text-lg md:leading-8 break-words\"><a href=\"https:\/\/www.20minutes.fr\/arts-stars\/culture\/4186039-20251117-maine-loire-murs-geants-brissac-plus-haut-chateau-france?at_medium=RSS%20feed&amp;at_campaign=ynews&amp;utm_source=yahoo&amp;utm_medium=rss&amp;utm_campaign=news_feed&amp;utm_content=read_more_link&quot;\" rel=\"nofollow noopener\" target=\"_blank\" data-ylk=\"slk:Lire la suite sur 20minutes;elm:context_link;itc:0;sec:content-canvas\" class=\"link \">Lire la suite sur 20minutes<\/a><\/p>\n<p>\u00c0 lire aussi :<br \/><a href=\"https:\/\/www.20minutes.fr\/faits_divers\/4182289-20251029-maine-loire-anciens-proprietaires-squattaient-chateau-gendarmes-interviennent?at_medium=RSS%20feed&amp;at_campaign=ynews&amp;utm_source=yahoo&amp;utm_medium=rss&amp;utm_campaign=news_feed&amp;utm_content=related_content_link\" rel=\"nofollow noopener\" target=\"_blank\" data-ylk=\"slk:Maine-et-Loire : Les anciens propri\u00e9taires squattaient leur ch\u00e2teau, les gendarmes interviennent;elm:context_link;itc:0;sec:content-canvas\" class=\"link \">Maine-et-Loire : Les anciens propri\u00e9taires squattaient leur ch\u00e2teau, les gendarmes interviennent<\/a><br \/><a href=\"https:\/\/www.20minutes.fr\/societe\/4185622-20251115-indre-loire-youtubeur-lance-defi-recreer-chateau-territoire-minecraft?at_medium=RSS%20feed&amp;at_campaign=ynews&amp;utm_source=yahoo&amp;utm_medium=rss&amp;utm_campaign=news_feed&amp;utm_content=related_content_link\" rel=\"nofollow noopener\" target=\"_blank\" data-ylk=\"slk:Indre-et-Loire : Un youtubeur lance le d\u00e9fi de recr\u00e9er un ch\u00e2teau du territoire sur Minecraft;elm:context_link;itc:0;sec:content-canvas\" class=\"link \">Indre-et-Loire : Un youtubeur lance le d\u00e9fi de recr\u00e9er un ch\u00e2teau du territoire sur Minecraft<\/a><\/p>\n","protected":false},"excerpt":{"rendered":"G\u00e9ant &#8211; Haut de 50 m\u00e8tres, celui qu\u2019on surnomme le \u00ab Colosse du Val-de-Loire \u00bb cache un int\u00e9rieur&hellip;\n","protected":false},"author":2,"featured_media":541426,"comment_status":"","ping_status":"","sticky":false,"template":"","format":"standard","meta":{"footnotes":""},"categories":[1358],"tags":[1348,1384,1385,65954,1386,58,59,1011,27,65953,13291],"class_list":{"0":"post-541425","1":"post","2":"type-post","3":"status-publish","4":"format-standard","5":"has-post-thumbnail","7":"category-arts-et-design","8":"tag-arts","9":"tag-arts-and-design","10":"tag-arts-et-design","11":"tag-chateau-de-brissac","12":"tag-design","13":"tag-divertissement","14":"tag-entertainment","15":"tag-fr","16":"tag-france","17":"tag-le-chateau","18":"tag-maine-et-loire"},"share_on_mastodon":{"url":"https:\/\/pubeurope.com\/@fr\/115568034606535563","error":""},"_links":{"self":[{"href":"https:\/\/www.europesays.com\/fr\/wp-json\/wp\/v2\/posts\/541425","targetHints":{"allow":["GET"]}}],"collection":[{"href":"https:\/\/www.europesays.com\/fr\/wp-json\/wp\/v2\/posts"}],"about":[{"href":"https:\/\/www.europesays.com\/fr\/wp-json\/wp\/v2\/types\/post"}],"author":[{"embeddable":true,"href":"https:\/\/www.europesays.com\/fr\/wp-json\/wp\/v2\/users\/2"}],"replies":[{"embeddable":true,"href":"https:\/\/www.europesays.com\/fr\/wp-json\/wp\/v2\/comments?post=541425"}],"version-history":[{"count":0,"href":"https:\/\/www.europesays.com\/fr\/wp-json\/wp\/v2\/posts\/541425\/revisions"}],"wp:featuredmedia":[{"embeddable":true,"href":"https:\/\/www.europesays.com\/fr\/wp-json\/wp\/v2\/media\/541426"}],"wp:attachment":[{"href":"https:\/\/www.europesays.com\/fr\/wp-json\/wp\/v2\/media?parent=541425"}],"wp:term":[{"taxonomy":"category","embeddable":true,"href":"https:\/\/www.europesays.com\/fr\/wp-json\/wp\/v2\/categories?post=541425"},{"taxonomy":"post_tag","embeddable":true,"href":"https:\/\/www.europesays.com\/fr\/wp-json\/wp\/v2\/tags?post=541425"}],"curies":[{"name":"wp","href":"https:\/\/api.w.org\/{rel}","templated":true}]}}