{"id":541427,"date":"2025-11-18T01:11:16","date_gmt":"2025-11-18T01:11:16","guid":{"rendered":"https:\/\/www.europesays.com\/fr\/541427\/"},"modified":"2025-11-18T01:11:16","modified_gmt":"2025-11-18T01:11:16","slug":"yann-barthes-taquine-ema-sur-son-abandon-dans-star-academy","status":"publish","type":"post","link":"https:\/\/www.europesays.com\/fr\/541427\/","title":{"rendered":"Yann Barth\u00e8s taquine Ema sur son abandon dans \u00abStar Academy\u00bb"},"content":{"rendered":"<p>    Ema taquin\u00e9e par Yann Barth\u00e8s dans \u00abQuotidien\u00bb.<br \/>\n                Capture \u00e9cran TMC.<\/p>\n<p>\n    La candidate de \u00abLa Star Ac\u2019\u00bb a quitt\u00e9 volontairement le t\u00e9l\u00e9-crochet de TF1 en direct. Elle affirme ce soir ses ambitions musicales dans \u00abQuotidien\u00bb.<\/p>\n<p class=\"fig-paragraph\">\u00abEst-ce que je peux lui laisser ma place\u00a0?\u00bb,\u00a0<a href=\"http:\/\/tvmag.lefigaro.fr\/programme-tv\/tele-realite\/l-incroyable-decision-d-ema-la-surprise-de-lena-situations-ce-qu-il-faut-retenir-du-cinquieme-prime-de-star-academy-20251115\" target=\"_blank\" data-fig-type=\"Article\" rel=\"noopener nofollow\" data-gtm-custom-categorie=\"navigation\" data-gtm-custom-action=\"crossclick\" data-gtm-custom-label=\"Contextuel\" data-gtm-event=\"customEventSPE\" data-fig-domain=\"TVMAG\">a d\u00e9clar\u00e9 <strong>Ema<\/strong><\/a> \u00a0vendredi soir sur le plateau de <strong>\u00abStar Academy\u00bb<\/strong>. La Toulousaine de 25 ans a ainsi abandonn\u00e9 l\u2019aventure et ce lundi 17 novembre, elle est invit\u00e9e dans <strong>\u00abQuotidien\u00bb<\/strong> pour commenter ce coup d\u2019\u00e9clat. Mais c\u2019\u00e9tait sans compter sur les plaisanteries de\u00a0<a href=\"http:\/\/tvmag.lefigaro.fr\/programme-tv\/actu-tele\/on-ne-va-pas-se-faire-donner-des-lecons-par-marine-tondelier-le-coup-de-gueule-de-yann-barthes-et-quotidien-20251114\" target=\"_blank\" data-fig-type=\"Article\" rel=\"noopener nofollow\" data-gtm-custom-categorie=\"navigation\" data-gtm-custom-action=\"crossclick\" data-gtm-custom-label=\"Contextuel\" data-gtm-event=\"customEventSPE\" data-fig-domain=\"TVMAG\"><strong>Yann Barth\u00e8s<\/strong><\/a> .<\/p>\n<p class=\"fig-paragraph\">Les \u00e9l\u00e8ves du ch\u00e2teau de Dammarie-les-Lys sont d\u00e9sormais rod\u00e9s \u00e0 l\u2019exercice. \u00c0 l\u2019issue de chaque prime time, l\u2019un d\u2019entre eux est \u00e9limin\u00e9. Un premier nomin\u00e9 est sauv\u00e9 par le public, puis c\u2019est toute la promotion qui doit trancher sur le sort des deux restants. Ce week-end, le dilemme se jouait entre L\u00e9ane et Ema. Cette derni\u00e8re \u00e9tait sur la sellette depuis trois semaines cons\u00e9cutives.<\/p>\n<p>                                    <a class=\"fig-a11y-skip a11y-hidden\" href=\"#fig-a11y-skip-main-inarticle\"><br \/>\n        Passer la publicit\u00e9<br \/>\n    <\/a><\/p>\n<p class=\"fig-paragraph\">\u00ab J\u2019ai eu deux chances, j\u2019ai \u00e9t\u00e9 sauv\u00e9e deux fois, je sais ce que je pourrai montrer \u00e0 l\u2019ext\u00e9rieur, je ne me fais pas de soucis. Tu m\u00e9rites de rester L\u00e9ane, d\u2019aller en tourn\u00e9e et de faire plein de belles choses\u00a0\u00bb, a expliqu\u00e9 Ema face \u00e0 Nikos Aliagas.<\/p>\n<blockquote class=\"fig-quote&#10;    \">\n<p class=\"fig-quote__text\">C\u2019est mon chemin, donc j\u2019y arriverai.<\/p>\n<p>            Ema dans \u00abQuotidien\u00bb\n    <\/p><\/blockquote>\n<p class=\"fig-paragraph\">\u00abVous pensez que c\u2019est assez deux semaines \u00e0 \u201cLa Star Ac\u2019\u201d pour lancer une carri\u00e8re\u00a0?\u00bb, questionne Yann Barth\u00e8s. Ema perd son sourire et rectifie\u00a0: \u00abC\u2019\u00e9tait un mois\u00bb. Si le pr\u00e9sentateur du talk-show de TMC reconna\u00eet son erreur de calcul, il maintient son propos. \u00abFaire partie des premiers et des premi\u00e8res qui s\u2019en vont, est-ce que vous pensez que c\u2019est assez pour lancer une carri\u00e8re\u00a0?\u00bb, insiste-t-il.<\/p>\n<p class=\"fig-paragraph\">\u00abJ\u2019aurais pu partir au bout d\u2019une journ\u00e9e. L\u2019important c\u2019est la mani\u00e8re dont on rebondit. Il faut avoir la niaque si on veut r\u00e9ussir dans la musique. La musique c\u2019est un milieu qui est hypercompliqu\u00e9 comme le cin\u00e9ma. Il faut juste se battre. J\u2019aurais pu sortir au bout d\u2019une heure d\u2019\u00e9mission, j\u2019aurais eu la m\u00eame d\u00e9termination. Je donnerai tout. Je sais que c\u2019est mon chemin, donc j\u2019y arriverai\u00bb, conclut Ema avec assurance.<\/p>\n","protected":false},"excerpt":{"rendered":"Ema taquin\u00e9e par Yann Barth\u00e8s dans \u00abQuotidien\u00bb. Capture \u00e9cran TMC. La candidate de \u00abLa Star Ac\u2019\u00bb a quitt\u00e9&hellip;\n","protected":false},"author":2,"featured_media":541428,"comment_status":"","ping_status":"","sticky":false,"template":"","format":"standard","meta":{"footnotes":""},"categories":[1356],"tags":[58,59,1011,27,5095,252,1364,1405],"class_list":{"0":"post-541427","1":"post","2":"type-post","3":"status-publish","4":"format-standard","5":"has-post-thumbnail","7":"category-television","8":"tag-divertissement","9":"tag-entertainment","10":"tag-fr","11":"tag-france","12":"tag-star-academy","13":"tag-television","14":"tag-tv","15":"tag-yann-barthes"},"share_on_mastodon":{"url":"https:\/\/pubeurope.com\/@fr\/115568042594938579","error":""},"_links":{"self":[{"href":"https:\/\/www.europesays.com\/fr\/wp-json\/wp\/v2\/posts\/541427","targetHints":{"allow":["GET"]}}],"collection":[{"href":"https:\/\/www.europesays.com\/fr\/wp-json\/wp\/v2\/posts"}],"about":[{"href":"https:\/\/www.europesays.com\/fr\/wp-json\/wp\/v2\/types\/post"}],"author":[{"embeddable":true,"href":"https:\/\/www.europesays.com\/fr\/wp-json\/wp\/v2\/users\/2"}],"replies":[{"embeddable":true,"href":"https:\/\/www.europesays.com\/fr\/wp-json\/wp\/v2\/comments?post=541427"}],"version-history":[{"count":0,"href":"https:\/\/www.europesays.com\/fr\/wp-json\/wp\/v2\/posts\/541427\/revisions"}],"wp:featuredmedia":[{"embeddable":true,"href":"https:\/\/www.europesays.com\/fr\/wp-json\/wp\/v2\/media\/541428"}],"wp:attachment":[{"href":"https:\/\/www.europesays.com\/fr\/wp-json\/wp\/v2\/media?parent=541427"}],"wp:term":[{"taxonomy":"category","embeddable":true,"href":"https:\/\/www.europesays.com\/fr\/wp-json\/wp\/v2\/categories?post=541427"},{"taxonomy":"post_tag","embeddable":true,"href":"https:\/\/www.europesays.com\/fr\/wp-json\/wp\/v2\/tags?post=541427"}],"curies":[{"name":"wp","href":"https:\/\/api.w.org\/{rel}","templated":true}]}}