{"id":541437,"date":"2025-11-18T01:16:20","date_gmt":"2025-11-18T01:16:20","guid":{"rendered":"https:\/\/www.europesays.com\/fr\/541437\/"},"modified":"2025-11-18T01:16:20","modified_gmt":"2025-11-18T01:16:20","slug":"lhumoriste-arlesien-anthony-joubert-violemment-agresse-dans-un-train","status":"publish","type":"post","link":"https:\/\/www.europesays.com\/fr\/541437\/","title":{"rendered":"l\u2019humoriste arl\u00e9sien Anthony Joubert violemment agress\u00e9 dans un train"},"content":{"rendered":"<p>L\u2019humoriste Anthony Joubert n\u2019a plus le c\u0153ur \u00e0 rire. L\u2019Arl\u00e9sien de 41\u00a0ans a \u00e9t\u00e9 agress\u00e9 ce samedi 15\u00a0novembre alors qu\u2019il voyageait \u00e0 bord d\u2019un TER allant vers Ressons-sur-Matz, dans <a href=\"https:\/\/www.laprovence.com\/article\/faits-divers-justice\/2436130637908814\/une-enfant-de-6-ans-tuee-dans-un-accident-de-la-route-dans-loise-deux-autres-enfants-blesses\" target=\"_blank\" rel=\"noopener\">l\u2019Oise<\/a>. Un homme l\u2019a en effet soudainement agress\u00e9. \u00ab\u00a0J\u2019\u00e9tais en train de travailler sur mon portable et d\u2019un coup un mec m\u2019a dit\u00a0: &lsquo;Pourquoi tu me regardes comme \u00e7a\u00a0?&rsquo; Quand j\u2019ai relev\u00e9 les yeux j\u2019ai vu Hulk, un gars les yeux inject\u00e9s de sang qui m\u2019a lanc\u00e9\u00a0: &lsquo;Pourquoi tu aspires mon \u00e2me avec tes yeux\u00a0?'\u00a0\u00bb, se souvient <a href=\"https:\/\/www.laprovence.com\/article\/culture-loisirs\/2758918013239514\/anthony-joubert-revisite-le-diner-de-cons-a-la-sauce-provencale-ce-samedi-a-molleges\" target=\"_blank\" rel=\"noopener\">Anthony Joubert<\/a>. C\u2019est \u00e0 ce moment-l\u00e0 qu\u2019il lui ass\u00e8ne une violente s\u00e9rie de coups de poing sur le visage. \u00ab\u00a0Il se met \u00e0 me mettre une droite que j\u2019arrive \u00e0 parer, mais ma main est d\u00e9j\u00e0 cass\u00e9e, donc il m\u2019a ensuite mis une gauche tr\u00e8s violente. Mon \u0153il a fait un hommage \u00e0 Star Wars, il est pass\u00e9 du c\u00f4t\u00e9 obscur, ironise-t-il, avant d\u2019ajouter avec plus de gravit\u00e9\u00a0: Heureusement il n\u2019avait que ses poings, mais qu\u2019est-ce que \u00e7a aurait \u00e9t\u00e9 s\u2019il avait eu un couteau\u00a0? Je ne serai pas l\u00e0 en train de vous raconter mon histoire.\u00a0\u00bb<\/p>\n<p>\u00ab\u00a0Je pense que c\u2019est un fou\u00a0\u00bb<\/p>\n<p>L\u2019humoriste, qui se dit \u00ab\u00a0d\u00e9figur\u00e9\u00a0\u00bb avec son \u0153il au beurre noir, sera pris en charge par les pompiers et passera cinq heures aux urgences et 2h30 au commissariat. \u00ab\u00a0Je suis s\u00fbr que, m\u00eame s\u2019ils l\u2019interpellent, il restera une demi-heure en garde \u00e0 vue\u00a0\u00bb, s\u2019insurge <a href=\"https:\/\/www.laprovence.com\/article\/faits-divers-justice\/6524791535226114\/anthony-joubert-victime-dune-violente-agression-lhumoriste-roue-de-coups-dans-un-ter-ce-que-lon-sait\" target=\"_blank\" rel=\"noopener\">Anthony Joubert<\/a>.<\/p>\n<p>Mais pas question pour lui d\u2019annuler sa repr\u00e9sentation du soir. Celui qui avait \u00e9t\u00e9 r\u00e9v\u00e9l\u00e9 par l\u2019\u00e9mission \u00ab\u00a0La France a un incroyable talent\u00a0\u00bb a tout de m\u00eame tenu \u00e0 assurer son spectacle, intitul\u00e9 \u00c0 quel moment \u00e7a a merd\u00e9\u00a0?, le soir m\u00eame de son agression, le samedi 15\u00a0novembre. Il a m\u00eame assur\u00e9 une nouvelle date le jour qui suit \u00e0 Aigues-Vives, dans le Gard, le 16\u00a0novembre. \u00ab\u00a0Ils ne voulaient pas que je joue mais il y a des gens qui ont pay\u00e9 pour voir ma gueule. Je me suis dit\u00a0: &lsquo;ils verront ma gueule, m\u00eame si elle est d\u00e9form\u00e9e&rsquo;. J\u2019ai gard\u00e9 l\u2019humour, quand je suis arriv\u00e9 sur sc\u00e8ne j\u2019ai dit\u00a0: &lsquo;Le premier truc qui te tape \u00e0 Compi\u00e8gne, ce n\u2019est pas l\u2019architecture'\u00a0\u00bb, relativise l\u2019Arl\u00e9sien. \u00ab\u00a0L\u2019humour m\u2019a toujours sauv\u00e9, quand mes parents sont morts, quand j\u2019\u00e9tais \u00e0 la rue\u2026 C\u2019est magique de rire de tout.\u00a0\u00bb Un sketch de son agression est d\u2019ailleurs d\u00e9j\u00e0 en cours d\u2019\u00e9criture.<\/p>\n<p>Une plainte a \u00e9t\u00e9 d\u00e9pos\u00e9e<\/p>\n<p>Un homme qui reste malgr\u00e9 tout marqu\u00e9 par l\u2019agression. \u00ab\u00a0Physiquement j\u2019ai encore un peu mal, mais c\u2019est surtout psychologiquement qu\u2019il y a de fortes retomb\u00e9es. Je me sens \u00e0 fleur de peau, je suis traumatis\u00e9.\u00a0\u00bb Anthony Joubert a port\u00e9 plainte mais l\u2019agresseur pr\u00e9sum\u00e9 est toujours en fuite. \u00ab\u00a0La justice ne fait pas son travail. Si j\u2019ai m\u00e9diatis\u00e9 l\u2019affaire c\u2019est pour tous les gens qui se font agresser tous les jours, lance l\u2019humoriste, fataliste. Je pense que c\u2019est un fou donc le mettre en prison ne va rien faire. M\u00eame si on le place dans un h\u00f4pital psychiatrique, il va ressortir\u00a0\u00bb, explique-t-il, \u00ab\u00a0en col\u00e8re\u00a0\u00bb.<\/p>\n<p>Selon le parquet de <a href=\"https:\/\/www.laprovence.com\/article\/societe\/11190874301498\/une-femme-qui-se-rendait-a-sa-chimio-verbalisee-par-la-sncf-pour-avoir-achete-son-billet-trop-tard\" target=\"_blank\" rel=\"noopener\">Compi\u00e8gne<\/a>, cit\u00e9 par <a href=\"https:\/\/www.leparisien.fr\/culture-loisirs\/humour\/sils-linterpellent-il-restera-une-demi-heure-en-garde-a-vue-la-colere-de-lhumoriste-anthony-joubert-agresse-dans-un-ter-16-11-2025-S57S2O72TZAUTPDCL6465SS2DY.php\" target=\"_blank\" rel=\"noopener\">Le Parisien<\/a>, une enqu\u00eate a \u00e9t\u00e9 ouverte du chef de \u00ab\u00a0violences volontaires dans un moyen de transport collectif de voyageurs. Les investigations sont en cours pour identifier l\u2019auteur.\u00a0\u00bb<\/p>\n","protected":false},"excerpt":{"rendered":"L\u2019humoriste Anthony Joubert n\u2019a plus le c\u0153ur \u00e0 rire. L\u2019Arl\u00e9sien de 41\u00a0ans a \u00e9t\u00e9 agress\u00e9 ce samedi 15\u00a0novembre&hellip;\n","protected":false},"author":2,"featured_media":541438,"comment_status":"","ping_status":"","sticky":false,"template":"","format":"standard","meta":{"footnotes":""},"categories":[8],"tags":[17,8058,9460,15635,58,59,274,1011,27,65956,30825,19419,31598],"class_list":{"0":"post-541437","1":"post","2":"type-post","3":"status-publish","4":"format-standard","5":"has-post-thumbnail","7":"category-divertissement","8":"tag-17","9":"tag-agresse","10":"tag-anthony","11":"tag-arlesien","12":"tag-divertissement","13":"tag-entertainment","14":"tag-faits-divers-justice","15":"tag-fr","16":"tag-france","17":"tag-joubert","18":"tag-lhumoriste","19":"tag-traumatise","20":"tag-violemment"},"share_on_mastodon":{"url":"https:\/\/pubeurope.com\/@fr\/115568062284178416","error":""},"_links":{"self":[{"href":"https:\/\/www.europesays.com\/fr\/wp-json\/wp\/v2\/posts\/541437","targetHints":{"allow":["GET"]}}],"collection":[{"href":"https:\/\/www.europesays.com\/fr\/wp-json\/wp\/v2\/posts"}],"about":[{"href":"https:\/\/www.europesays.com\/fr\/wp-json\/wp\/v2\/types\/post"}],"author":[{"embeddable":true,"href":"https:\/\/www.europesays.com\/fr\/wp-json\/wp\/v2\/users\/2"}],"replies":[{"embeddable":true,"href":"https:\/\/www.europesays.com\/fr\/wp-json\/wp\/v2\/comments?post=541437"}],"version-history":[{"count":0,"href":"https:\/\/www.europesays.com\/fr\/wp-json\/wp\/v2\/posts\/541437\/revisions"}],"wp:featuredmedia":[{"embeddable":true,"href":"https:\/\/www.europesays.com\/fr\/wp-json\/wp\/v2\/media\/541438"}],"wp:attachment":[{"href":"https:\/\/www.europesays.com\/fr\/wp-json\/wp\/v2\/media?parent=541437"}],"wp:term":[{"taxonomy":"category","embeddable":true,"href":"https:\/\/www.europesays.com\/fr\/wp-json\/wp\/v2\/categories?post=541437"},{"taxonomy":"post_tag","embeddable":true,"href":"https:\/\/www.europesays.com\/fr\/wp-json\/wp\/v2\/tags?post=541437"}],"curies":[{"name":"wp","href":"https:\/\/api.w.org\/{rel}","templated":true}]}}