{"id":541439,"date":"2025-11-18T01:17:15","date_gmt":"2025-11-18T01:17:15","guid":{"rendered":"https:\/\/www.europesays.com\/fr\/541439\/"},"modified":"2025-11-18T01:17:15","modified_gmt":"2025-11-18T01:17:15","slug":"une-nouvelle-fonctionnalite-voulue-par-la-loi-europeenne","status":"publish","type":"post","link":"https:\/\/www.europesays.com\/fr\/541439\/","title":{"rendered":"Une nouvelle fonctionnalit\u00e9 voulue par la loi europ\u00e9enne"},"content":{"rendered":"<p>Sur le territoire europ\u00e9en, <a href=\"https:\/\/www.20minutes.fr\/dossier\/whatsapp\" class=\"c-link c-link--is-underlined\" target=\"_blank\" rel=\"noopener\">WhatsApp<\/a> va permettre \u00e0 ses utilisateurs de discuter avec d\u2019autres applications de messagerie en ligne. L\u2019objectif de <a href=\"https:\/\/www.20minutes.fr\/high-tech\/meta\/\" class=\"c-link c-link--is-underlined\" target=\"_blank\" rel=\"noopener\">Meta<\/a>, propri\u00e9taire de l\u2019appli, est de mettre en place ce changement pour se conformer au r\u00e8glement sur les march\u00e9s num\u00e9riques (DMA) entr\u00e9 en vigueur en janvier\u00a02024, rapporte <a href=\"https:\/\/www.bfmtv.com\/tech\/whatsapp\/pour-se-conformer-a-une-loi-europeenne-whatsapp-va-permettre-aux-utilisateurs-de-discuter-avec-d-autres-applications-de-messagerie_AV-202511140643.html\" rel=\"nofollow noopener\" target=\"_blank\" class=\"c-link c-link--is-underlined\">BFM TV<\/a> ce vendredi.<\/p>\n<p>Des essais concluants<\/p>\n<p>Gr\u00e2ce \u00e0 une fonction baptis\u00e9e \u00ab\u00a0discussions avec des tiers\u00a0\u00bb, les utilisateurs europ\u00e9ens de <a href=\"https:\/\/www.20minutes.fr\/dossier\/application\" class=\"c-link c-link--is-underlined\" target=\"_blank\" rel=\"noopener\">l\u2019appli<\/a> pourront bient\u00f4t avoir via WhatsApp des conversations avec des interlocuteurs pr\u00e9sents sur d\u2019autres messageries en ligne. Comme l\u2019explique Meta <a href=\"https:\/\/about.fb.com\/news\/2025\/11\/messaging-interoperability-whatsapp-enables-third-party-chats-for-users-in-europe\/\" target=\"_blank\" class=\"c-link c-link--is-underlined\" rel=\"noopener\">sur son site Internet<\/a> ce vendredi, des phases de test ont \u00e9t\u00e9 r\u00e9alis\u00e9es \u00e0 petite \u00e9chelle. Elles permettent d\u00e9sormais de dire que le nouvel outil sera disponible dans les prochains mois.<\/p>\n<p>Dans un premier temps, il ne concernera que les applications Birdychat pour les \u00e9changes professionnels et Haiket pour des communications uniquement par la voix. \u00ab\u00a0Les utilisateurs de WhatsApp en Europe, qui ont choisi l\u2019exp\u00e9rience sur Android et iOS, pourront partager des messages, des images, des messages vocaux, des vid\u00e9os et fichiers\u00a0\u00bb, a indiqu\u00e9 l\u2019entreprise am\u00e9ricaine.<\/p>\n<p>Un travail en coop\u00e9ration<\/p>\n<p>Dans le cadre du d\u00e9veloppement de cette nouveaut\u00e9, le g\u00e9ant du num\u00e9rique a travaill\u00e9 en collaboration avec la Commission europ\u00e9enne pour r\u00e9pondre \u00e0 ses exigences. La fonctionnalit\u00e9 doit \u00eatre accessible \u00e0 tous les habitants du Vieux continent et permettre une utilisation simple faisant clairement la diff\u00e9rence entre la messagerie tierce et l\u2019application.<\/p>\n<\/p>\n<p>\u00ab\u00a0Conform\u00e9ment aux exigences du DMA, les applications de messagerie tierces doivent utiliser le m\u00eame niveau de chiffrement de bout en bout que WhatsApp\u00a0\u00bb, a ajout\u00e9 Meta. Dans les prochaines semaines, les utilisateurs concern\u00e9s verront appara\u00eetre une notification dans la section Param\u00e8tres de l\u2019application qui permettra d\u2019obtenir des explications sur le fonctionnement de cette nouveaut\u00e9.<\/p>\n","protected":false},"excerpt":{"rendered":"Sur le territoire europ\u00e9en, WhatsApp va permettre \u00e0 ses utilisateurs de discuter avec d\u2019autres applications de messagerie en&hellip;\n","protected":false},"author":2,"featured_media":541440,"comment_status":"","ping_status":"","sticky":false,"template":"","format":"standard","meta":{"footnotes":""},"categories":[7],"tags":[1071,2196,1011,27,142,1069,1016,43,40,41,39,42,44,250],"class_list":{"0":"post-541439","1":"post","2":"type-post","3":"status-publish","4":"format-standard","5":"has-post-thumbnail","7":"category-sciences-et-technologies","8":"tag-application-mobile","9":"tag-commission-europeenne","10":"tag-fr","11":"tag-france","12":"tag-high-tech","13":"tag-messagerie","14":"tag-meta","15":"tag-science","16":"tag-science-and-technology","17":"tag-sciences","18":"tag-sciences-et-technologies","19":"tag-technologies","20":"tag-technology","21":"tag-whatsapp"},"share_on_mastodon":{"url":"https:\/\/pubeurope.com\/@fr\/115568066225101143","error":""},"_links":{"self":[{"href":"https:\/\/www.europesays.com\/fr\/wp-json\/wp\/v2\/posts\/541439","targetHints":{"allow":["GET"]}}],"collection":[{"href":"https:\/\/www.europesays.com\/fr\/wp-json\/wp\/v2\/posts"}],"about":[{"href":"https:\/\/www.europesays.com\/fr\/wp-json\/wp\/v2\/types\/post"}],"author":[{"embeddable":true,"href":"https:\/\/www.europesays.com\/fr\/wp-json\/wp\/v2\/users\/2"}],"replies":[{"embeddable":true,"href":"https:\/\/www.europesays.com\/fr\/wp-json\/wp\/v2\/comments?post=541439"}],"version-history":[{"count":0,"href":"https:\/\/www.europesays.com\/fr\/wp-json\/wp\/v2\/posts\/541439\/revisions"}],"wp:featuredmedia":[{"embeddable":true,"href":"https:\/\/www.europesays.com\/fr\/wp-json\/wp\/v2\/media\/541440"}],"wp:attachment":[{"href":"https:\/\/www.europesays.com\/fr\/wp-json\/wp\/v2\/media?parent=541439"}],"wp:term":[{"taxonomy":"category","embeddable":true,"href":"https:\/\/www.europesays.com\/fr\/wp-json\/wp\/v2\/categories?post=541439"},{"taxonomy":"post_tag","embeddable":true,"href":"https:\/\/www.europesays.com\/fr\/wp-json\/wp\/v2\/tags?post=541439"}],"curies":[{"name":"wp","href":"https:\/\/api.w.org\/{rel}","templated":true}]}}