{"id":541441,"date":"2025-11-18T01:18:13","date_gmt":"2025-11-18T01:18:13","guid":{"rendered":"https:\/\/www.europesays.com\/fr\/541441\/"},"modified":"2025-11-18T01:18:13","modified_gmt":"2025-11-18T01:18:13","slug":"pourquoi-les-outre-mer-sont-particulierement-presses-de-remplacer-les-airbags-takata","status":"publish","type":"post","link":"https:\/\/www.europesays.com\/fr\/541441\/","title":{"rendered":"Pourquoi les Outre-mer sont particuli\u00e8rement press\u00e9s de remplacer les airbags Takata"},"content":{"rendered":"<p>        <img decoding=\"async\" loading=\"lazy\" src=\"https:\/\/www.europesays.com\/fr\/wp-content\/uploads\/2025\/11\/0582256_upload-1-q1imiypq0uub-afp-20240730-hl-llcrabe-2476868-v1-highres-francecitroenairbagvitrolle.jpeg\"  width=\"728\" height=\"410\" alt=\"Remplacement d\u2019airbag sur une Citroen DS3\"\/>  <\/p>\n<p>LAURENT LE CRABE \/ Hans Lucas via AFP<\/p>\n<p>Remplacement d\u2019airbag sur une Citroen DS3<\/p>\n<p>      <strong>EN BREF<\/strong> <strong>\u2022 <\/strong>En Guyane et Martinique, 9\u00a0800 v\u00e9hicules utilisent encore des airbags Takata d\u00e9fectueux.<br \/><strong>\u2022 <\/strong>Des unit\u00e9s mobiles sont donc d\u00e9ploy\u00e9es pour remplacer gratuitement ces airbags, avec un plein de carburant offert pour acc\u00e9l\u00e9rer l\u2019op\u00e9ration.<br \/><strong>\u2022 <\/strong>Stellantis, Toyota, Volkswagen et BMW sont sous le coup d\u2019une enqu\u00eate pour leur manque de r\u00e9activit\u00e9 dans cette affaire.                         <\/p>\n<p class=\"asset asset-text\">FRANCE &#8211; Les chiffres sont cons\u00e9quents. 7\u00a0000\u00a0en <a href=\"https:\/\/www.huffingtonpost.fr\/france\/article\/en-guyane-gerald-darmanin-annonce-une-prison-de-haute-securite-ce-que-l-on-sait_250178.html\" target=\"_blank\" rel=\"noopener\">Guyane<\/a>, plus de 2\u00a0800\u00a0en <a href=\"https:\/\/www.huffingtonpost.fr\/france\/video\/gbh-accuse-de-faire-monter-les-prix-aux-antilles-quel-est-ce-groupe-assigne-au-tribunal_245194.html\" target=\"_blank\" rel=\"noopener\">Martinique<\/a>, voici le nombre de v\u00e9hicules qui continuent de rouler avec des <a href=\"https:\/\/www.huffingtonpost.fr\/france\/article\/airbags-takata-ce-moteur-de-recherche-permet-de-savoir-si-votre-voiture-est-concernee-par-le-rappel_251826.html\" target=\"_blank\" rel=\"noopener\">airbags Takata<\/a> dans ces deux d\u00e9partements et r\u00e9gions d\u2019outre-mer (DROM).<\/p>\n<p class=\"asset asset-text\">Ces airbags sont notamment responsables d\u2019explosions mortelles ou provoquent de graves blessures \u00e0 cause d\u2019un gaz, le <a href=\"https:\/\/www.huffingtonpost.fr\/environnement\/article\/explosions-a-beyrouth-comment-le-nitrate-d-ammonium-est-surveille-en-france_168315.html\" target=\"_blank\" rel=\"noopener\">nitrate d\u2019ammonium<\/a>, qui se d\u00e9grade avec le temps. Un risque d\u2019autant plus important dans ces territoires o\u00f9 le climat chaud et humide acc\u00e9l\u00e8re la d\u00e9t\u00e9rioration de ces \u00e9quipements.<\/p>\n<p class=\"asset asset-text\">Alors pour \u00e9viter que des accidents ne surviennent, des unit\u00e9s mobiles ont \u00e9t\u00e9 d\u00e9ploy\u00e9es en <a href=\"https:\/\/la1ere.franceinfo.fr\/guyane\/airbag-takata-en-guyane-prevenir-le-risque-mortel-a-domicile-1643230.html\" target=\"_blank\" rel=\"noopener\" title=\"Nouvelle fen\u00eatre\">Guyane<\/a> et en <a href=\"https:\/\/la1ere.franceinfo.fr\/martinique\/airbags-takata-face-a-l-urgence-de-la-situation-et-la-pression-judiciaire-une-unite-mobile-est-deployee-en-martinique-pour-accelerer-les-remplacements-1643851.html\" target=\"_blank\" rel=\"noopener\" title=\"Nouvelle fen\u00eatre\">Martinique<\/a> pour remplacer les airbags Takata, comme le racontent ces articles d\u2019Outre-mer La 1\u00e8re. L\u2019op\u00e9ration est gratuite et dure g\u00e9n\u00e9ralement moins d\u2019une heure.<\/p>\n<p class=\"asset asset-text\">En Guyane, le groupe citadelle, distributeur automobile, a annonc\u00e9 <a href=\"https:\/\/www.groupecitadelle.com\/wp-content\/uploads\/2021\/10\/Communique-de-presse-Groupe-Citadelle-Takata-GF.pdf\" target=\"_blank\" rel=\"noopener\" title=\"Nouvelle fen\u00eatre\">dans un communiqu\u00e9<\/a> rechercher pr\u00e8s de 1\u00a0400\u00a0v\u00e9hicules pour remplacer les airbags d\u00e9fectueux Takata. En Martinique, c\u2019est le concessionnaire CCIE qui s\u2019occupe du dispositif. Et pour acc\u00e9l\u00e9rer l\u2019op\u00e9ration, du 17\u00a0novembre au 16\u00a0d\u00e9cembre, un plein de carburant sera offert aux automobilistes pour tout remplacement d\u2019airbag Takata, en concession ou via l\u2019unit\u00e9 mobile.<\/p>\n<p>    Toyota, Volkswagen et BMW mis en cause    <\/p>\n<p class=\"asset asset-text\">Lorsque l\u2019airbag d\u00e9faillant se d\u00e9clenche, une explosion puissante survient, pulv\u00e9risant des fragments de m\u00e9tal dans tous les sens \u00e0 la vitesse d\u2019une balle de fusil. Ce type d\u2019accident a provoqu\u00e9 la mort de 18\u00a0personnes en France, dont 16\u00a0dans les outre-mer, d\u2019apr\u00e8s le minist\u00e8re des Transports qui compte \u00e9galement 25 bless\u00e9s.<\/p>\n<p class=\"asset asset-text\">Le parquet de Paris avait ouvert mi-avril une premi\u00e8re information judiciaire, notamment pour mise en danger de la vie d\u2019autrui, apr\u00e8s une plainte de l\u2019association UFC-Que Choisir et de plusieurs propri\u00e9taires de v\u00e9hicules du <a href=\"https:\/\/www.huffingtonpost.fr\/france\/article\/airbags-takata-les-defis-du-rappel-des-citroen-apres-un-nouvel-accident-mortel_251516.html\" target=\"_blank\" rel=\"noopener\">groupe Stellantis<\/a>.<\/p>\n<p class=\"asset asset-text\">Mais ces initiatives en Guyane et Martinique s\u2019inscrivent aussi dans l\u2019actualit\u00e9 judiciaire. Depuis vendredi, Stellantis n\u2019est plus seul dans le viseur. \u00c0 la suite d\u2019une nouvelle plainte d\u2019UFC-Que Choisir, trois autres g\u00e9ants de l\u2019automobile mondiale, Toyota, Volkswagen et BMW font l\u2019objet d\u2019une enqu\u00eate sur leur \u00e9ventuel manque de r\u00e9activit\u00e9 \u00e0 faire remplacer les airbags d\u00e9faillants Takata, causes d\u2019explosions mortelles.<\/p>\n<p class=\"asset asset-text\">\u00c0 terme, les informations judiciaires pourraient concerner d\u2019autres constructeurs, selon des sources concordantes. En France, 1,7\u00a0million de v\u00e9hicules de toutes marques sont concern\u00e9s par un rappel \u00ab\u00a0stop drive\u00a0\u00bb, qui implique de ne plus circuler avant le remplacement gratuit des airbags.<\/p>\n","protected":false},"excerpt":{"rendered":"LAURENT LE CRABE \/ Hans Lucas via AFP Remplacement d\u2019airbag sur une Citroen DS3 EN BREF \u2022 En&hellip;\n","protected":false},"author":2,"featured_media":541442,"comment_status":"","ping_status":"","sticky":false,"template":"","format":"standard","meta":{"footnotes":""},"categories":[6],"tags":[4691,35,33,34,1011,27,4166,4752],"class_list":{"0":"post-541441","1":"post","2":"type-post","3":"status-publish","4":"format-standard","5":"has-post-thumbnail","7":"category-economie","8":"tag-automobilistes","9":"tag-business","10":"tag-economie","11":"tag-economy","12":"tag-fr","13":"tag-france","14":"tag-outre-mer","15":"tag-voiture"},"share_on_mastodon":{"url":"https:\/\/pubeurope.com\/@fr\/115568071083926998","error":""},"_links":{"self":[{"href":"https:\/\/www.europesays.com\/fr\/wp-json\/wp\/v2\/posts\/541441","targetHints":{"allow":["GET"]}}],"collection":[{"href":"https:\/\/www.europesays.com\/fr\/wp-json\/wp\/v2\/posts"}],"about":[{"href":"https:\/\/www.europesays.com\/fr\/wp-json\/wp\/v2\/types\/post"}],"author":[{"embeddable":true,"href":"https:\/\/www.europesays.com\/fr\/wp-json\/wp\/v2\/users\/2"}],"replies":[{"embeddable":true,"href":"https:\/\/www.europesays.com\/fr\/wp-json\/wp\/v2\/comments?post=541441"}],"version-history":[{"count":0,"href":"https:\/\/www.europesays.com\/fr\/wp-json\/wp\/v2\/posts\/541441\/revisions"}],"wp:featuredmedia":[{"embeddable":true,"href":"https:\/\/www.europesays.com\/fr\/wp-json\/wp\/v2\/media\/541442"}],"wp:attachment":[{"href":"https:\/\/www.europesays.com\/fr\/wp-json\/wp\/v2\/media?parent=541441"}],"wp:term":[{"taxonomy":"category","embeddable":true,"href":"https:\/\/www.europesays.com\/fr\/wp-json\/wp\/v2\/categories?post=541441"},{"taxonomy":"post_tag","embeddable":true,"href":"https:\/\/www.europesays.com\/fr\/wp-json\/wp\/v2\/tags?post=541441"}],"curies":[{"name":"wp","href":"https:\/\/api.w.org\/{rel}","templated":true}]}}