{"id":541443,"date":"2025-11-18T01:19:16","date_gmt":"2025-11-18T01:19:16","guid":{"rendered":"https:\/\/www.europesays.com\/fr\/541443\/"},"modified":"2025-11-18T01:19:16","modified_gmt":"2025-11-18T01:19:16","slug":"au-royaume-uni-une-reforme-historique-pour-lutter-contre-limmigration-irreguliere","status":"publish","type":"post","link":"https:\/\/www.europesays.com\/fr\/541443\/","title":{"rendered":"Au Royaume-Uni, une \u00abr\u00e9forme historique\u00bb pour lutter contre l\u2019immigration irr\u00e9guli\u00e8re"},"content":{"rendered":"<p>\n    <strong>D\u00c9CRYPTAGE<\/strong> &#8211; Sous pression avec la mont\u00e9e en puissance du parti Reform UK, le gouvernement travailliste durcit sa politique d\u2019asile, esp\u00e9rant d\u00e9courager les arriv\u00e9es de migrants.<\/p>\n<p class=\"fig-paragraph\">Le plan est pr\u00e9sent\u00e9 comme la plus ambitieuse r\u00e9forme du syst\u00e8me d\u2019asile \u00ab\u00a0\u00e0 l\u2019\u00e9poque moderne\u00a0\u00bb. La ministre de l\u2019Int\u00e9rieur, Shabana Mahmood, a d\u00e9taill\u00e9 ce lundi\u00a0<a href=\"http:\/\/www.lefigaro.fr\/international\/droit-au-travail-libertes-civiles-au-royaume-uni-une-carte-d-identite-pour-lutter-contre-l-immigration-illegale-20250926\" data-fig-type=\"Article\" data-gtm-custom-categorie=\"navigation\" data-gtm-custom-action=\"crossclick\" data-gtm-custom-label=\"Contextuel\" data-gtm-event=\"customEventSPE\" data-fig-domain=\"LEFIGARO\" target=\"_blank\" rel=\"noopener\">le durcissement de la politique britannique sur l\u2019immigration irr\u00e9guli\u00e8re<\/a>.\u00a0Sous forte pression, le gouvernement travailliste\u00a0veut rendre le syst\u00e8me moins \u00ab\u00a0permissif\u00a0\u00bb, afin de d\u00e9courager les travers\u00e9es clandestines de la Manche.<\/p>\n<p class=\"fig-paragraph\">N\u00e9e dans une famille originaire du Pakistan,\u00a0<a href=\"http:\/\/www.lefigaro.fr\/international\/d-origine-pakistanaise-musulmane-et-anti-immigration-qui-est-shabana-mahmood-la-nouvelle-ministre-de-l-interieur-britannique-20250906\" data-fig-type=\"Article\" data-gtm-custom-categorie=\"navigation\" data-gtm-custom-action=\"crossclick\" data-gtm-custom-label=\"Contextuel\" data-gtm-event=\"customEventSPE\" data-fig-domain=\"LEFIGARO\" target=\"_blank\" rel=\"noopener\">Shabana Mahmood<\/a>\u00a0a d\u00e9clar\u00e9 que si \u00ab\u00a0l\u2019immigration fait partie\u00a0\u00bb de sa trajectoire de vie, elle ressent \u00ab\u00a0un devoir moral\u00a0\u00bb d\u2019agir sur un sujet qui \u00ab\u00a0d\u00e9chire notre pays\u00a0\u00bb. \u00abSi nous ne parvenons pas \u00e0 g\u00e9rer cette crise, nous entra\u00eenerons davantage de personnes sur un chemin qui commence par la col\u00e8re et m\u00e8ne \u00e0 la haine\u00bb, a poursuivi la patronne du Home Office devant la Chambre des Communes, fustigeant un syst\u00e8me \u00abhors de contr\u00f4le et injuste\u00bb. Largement inspir\u00e9 du mod\u00e8le danois, l\u2019un des plus strict d\u2019Europe, le nouveau syst\u00e8me \u00ab\u00a0r\u00e9tablira\u2026<\/p>\n<p class=\"fig-premium-paywall__infos\">\n        Cet article est r\u00e9serv\u00e9 aux abonn\u00e9s.        Il vous reste 77% \u00e0 d\u00e9couvrir.\n    <\/p>\n<p>                <img  data- alt=\"Le Figaro\" class=\"fig-img--complete fig-img\"\/><\/p>\n<p class=\"fig-premium-paywall__title\">Black Friday<\/p>\n<p class=\"fig-premium-paywall__subtitle\">-70% sur l&rsquo;abonnement num\u00e9rique<\/p>\n<p class=\"fig-premium-paywall__connect\">\n                D\u00e9j\u00e0 abonn\u00e9\u00a0?                <a class=\"fig-premium-paywall__connect-link\" href=\"https:\/\/connect.lefigaro.fr\/login?client=horizon_web&amp;type=main&amp;redirect_uri=https%3A%2F%2Fwww.lefigaro.fr%2Finternational%2Fau-royaume-uni-une-reforme-historique-pour-lutter-contre-l-immigration-irreguliere-20251117\" data-js-gtm=\"{&quot;customCategorie&quot;: &quot;conversion&quot;, &quot;customAction&quot;: &quot;before_Landing_Connexion_paywall_auto&quot;, &quot;customLabel&quot;: &quot;bGVmaWdhcm8uZnJfXzFmMGMzZDRhLTNjNTMtNjE2Yy1hMzk2LWU5NTU0NTAxOGQxZV9fQXJ0aWNsZQ==_Au Royaume-Uni, une \u00abr\u00e9forme historique\u00bb pour lutter contre l\u2019immigration irr\u00e9guli\u00e8re_599&quot;, &quot;customIDSPE&quot;: &quot;bGVmaWdhcm8uZnJfXzFmMGMzZDRhLTNjNTMtNjE2Yy1hMzk2LWU5NTU0NTAxOGQxZV9fQXJ0aWNsZQ==&quot;, &quot;event&quot;: &quot;customEventSPE&quot;}\" target=\"_blank\" rel=\"noopener\"><br \/>\n                    Connectez-vous<br \/>\n                <\/a>\n            <\/p>\n","protected":false},"excerpt":{"rendered":"D\u00c9CRYPTAGE &#8211; Sous pression avec la mont\u00e9e en puissance du parti Reform UK, le gouvernement travailliste durcit sa&hellip;\n","protected":false},"author":2,"featured_media":541444,"comment_status":"","ping_status":"","sticky":false,"template":"","format":"standard","meta":{"footnotes":""},"categories":[5],"tags":[11,1011,27,6734,14,2581,12,473,28],"class_list":{"0":"post-541443","1":"post","2":"type-post","3":"status-publish","4":"format-standard","5":"has-post-thumbnail","7":"category-international","8":"tag-actualites","9":"tag-fr","10":"tag-france","11":"tag-immigration-clandestine","12":"tag-international","13":"tag-keir-starmer","14":"tag-news","15":"tag-royaume-uni","16":"tag-world"},"share_on_mastodon":{"url":"https:\/\/pubeurope.com\/@fr\/115568074107137620","error":""},"_links":{"self":[{"href":"https:\/\/www.europesays.com\/fr\/wp-json\/wp\/v2\/posts\/541443","targetHints":{"allow":["GET"]}}],"collection":[{"href":"https:\/\/www.europesays.com\/fr\/wp-json\/wp\/v2\/posts"}],"about":[{"href":"https:\/\/www.europesays.com\/fr\/wp-json\/wp\/v2\/types\/post"}],"author":[{"embeddable":true,"href":"https:\/\/www.europesays.com\/fr\/wp-json\/wp\/v2\/users\/2"}],"replies":[{"embeddable":true,"href":"https:\/\/www.europesays.com\/fr\/wp-json\/wp\/v2\/comments?post=541443"}],"version-history":[{"count":0,"href":"https:\/\/www.europesays.com\/fr\/wp-json\/wp\/v2\/posts\/541443\/revisions"}],"wp:featuredmedia":[{"embeddable":true,"href":"https:\/\/www.europesays.com\/fr\/wp-json\/wp\/v2\/media\/541444"}],"wp:attachment":[{"href":"https:\/\/www.europesays.com\/fr\/wp-json\/wp\/v2\/media?parent=541443"}],"wp:term":[{"taxonomy":"category","embeddable":true,"href":"https:\/\/www.europesays.com\/fr\/wp-json\/wp\/v2\/categories?post=541443"},{"taxonomy":"post_tag","embeddable":true,"href":"https:\/\/www.europesays.com\/fr\/wp-json\/wp\/v2\/tags?post=541443"}],"curies":[{"name":"wp","href":"https:\/\/api.w.org\/{rel}","templated":true}]}}