{"id":541451,"date":"2025-11-18T01:23:28","date_gmt":"2025-11-18T01:23:28","guid":{"rendered":"https:\/\/www.europesays.com\/fr\/541451\/"},"modified":"2025-11-18T01:23:28","modified_gmt":"2025-11-18T01:23:28","slug":"municipales-2026-a-saint-etienne-regis-juanico-rassemble-a-gauche","status":"publish","type":"post","link":"https:\/\/www.europesays.com\/fr\/541451\/","title":{"rendered":"Municipales 2026 \u00e0 Saint-Etienne. R\u00e9gis Juanico rassemble \u00e0 gauche"},"content":{"rendered":"<p><img loading=\"lazy\" decoding=\"async\" alt=\"\u00a9 Denis Meynard - Les militants communistes et \u00e9cologistes ainsi que ceux de  Saint\u00e9 Populaire ont arr\u00eat\u00e9 leur strat\u00e9gie pour les municipales 2026 \u00e0 Saint-Etienne.\" data-zoom-src=\"https:\/\/www.europesays.com\/fr\/wp-content\/uploads\/2025\/11\/initial-juanico-municipales-2026-saint-etienne.jpg\" data-zoomable=\"\" height=\"702\" src=\"https:\/\/www.europesays.com\/fr\/wp-content\/uploads\/2025\/11\/initial-juanico-municipales-2026-saint-etienne.jpg\" width=\"1248\"\/>  <\/p>\n<p class=\"article-desc\">\u00a9 Denis Meynard &#8211; Les militants communistes et \u00e9cologistes ainsi que ceux de Saint\u00e9 Populaire ont arr\u00eat\u00e9 leur strat\u00e9gie pour les municipales 2026 \u00e0 Saint-Etienne. <\/p>\n<p>R\u00e9gis Juanico f\u00e9d\u00e8re \u00e0 gauche en vue des prochaines<strong> \u00e9lections municipales en mars 2026<\/strong> \u00e0 <strong>Saint-\u00c9tienne<\/strong>. Olivier Longeon et Julie Tokhi, chefs de file Les \u00c9cologistes pour les \u00e9lections ont annonc\u00e9 vendredi 14 novembre rallier la liste conduite par le candidat socialiste. Les adh\u00e9rents du parti ont vot\u00e9 \u00e0<strong> 75 % en ce sens<\/strong>. <\/p>\n<p>\u00c9cologistes et communistes derri\u00e8re R\u00e9gis Juanico pour une liste commune aux municipales 2026 <\/p>\n<p>\u00ab\u00a0Ce vote clair et responsable confirme la volont\u00e9 du mouvement \u00e9cologiste de s\u2019inscrire d\u00e8s maintenant dans une dynamique collective pour offrir un avenir politique cr\u00e9dible et victorieux \u00e0 Saint-\u00c9tienne pour tourner d\u00e9finitivement la page de Ga\u00ebl Perdriau et son \u00e9quipe\u00a0\u00bb, d\u00e9clarent dans un communiqu\u00e9 les chefs de file.<\/p>\n<p>De leur c\u00f4t\u00e9, \u00ab\u00a0les communistes de Saint-\u00c9tienne ont vot\u00e9 et choisi \u00e0 75,86 % des votants de participer \u00e0 une liste conduite par R\u00e9gis Juanico\u00a0\u00bb, a annonc\u00e9 le 12 novembre le secr\u00e9taire de la section st\u00e9phanoise, Yves Russier. <\/p>\n<p>Ils ont \u00ab\u00a0pris la d\u00e9cision de rejoindre la dynamique de rassemblement que nous portons en vue des \u00e9lections municipales de mars 2026\u00a0\u00bb, a r\u00e9agi la liste <a href=\"https:\/\/mesinfos.fr\/42000-saint-etienne\/municipales-2026-le-socialiste-regis-juanico-chef-de-file-de-la-gauche-a-saint-etienne-230378.html\" rel=\"noopener\" target=\"_blank\">Saint-\u00c9tienne Demain<\/a>, pr\u00e9cisant r\u00e9unir d\u00e9sormais \u00ab\u00a0le Parti socialiste, le Parti communiste, Place publique, G\u00e9n\u00e9ration.s, Les Radicaux de gauche, ainsi que de nombreux citoyennes et citoyens engag\u00e9s hors partis\u00a0\u00bb.<\/p>\n<p> Pas d\u2019alliance pour le collectif Saint\u00e9 Populaire <\/p>\n<p>De son c\u00f4t\u00e9, <a href=\"https:\/\/mesinfos.fr\/42000-saint-etienne\/elections-municipales-sainte-populaire-veut-se-structurer-en-vue-de-2026-204155.html\" rel=\"noopener\" target=\"_blank\">le collectif Saint\u00e9 Populaire<\/a> tenait le 13 novembre sa 5e assembl\u00e9e populaire, afin de choisir d\u2019\u00e9ventuelles alliances pour l\u2019\u00e9lection municipale de mars 2026. Parmi les quatre sc\u00e9narios propos\u00e9s, celui pr\u00e9f\u00e9r\u00e9 par les deux tiers des 149 votants consiste \u00e0 \u00ab\u00a0ne pas pr\u00e9senter de liste, en proposant des candidats sur les listes de gauche en pr\u00e9sence\u00a0\u00bb.<\/p>\n","protected":false},"excerpt":{"rendered":"\u00a9 Denis Meynard &#8211; Les militants communistes et \u00e9cologistes ainsi que ceux de Saint\u00e9 Populaire ont arr\u00eat\u00e9 leur&hellip;\n","protected":false},"author":2,"featured_media":541452,"comment_status":"","ping_status":"","sticky":false,"template":"","format":"standard","meta":{"footnotes":""},"categories":[9653],"tags":[1111,11,2430,1777,674,1011,27,3434,12,25,4001,37919,15880],"class_list":{"0":"post-541451","1":"post","2":"type-post","3":"status-publish","4":"format-standard","5":"has-post-thumbnail","7":"category-saint-etienne","8":"tag-actu","9":"tag-actualites","10":"tag-auvergne-rhone-alpes","11":"tag-eu","12":"tag-europe","13":"tag-fr","14":"tag-france","15":"tag-municipales-2026","16":"tag-news","17":"tag-republique-francaise","18":"tag-saint-etienne","19":"tag-u00c9lections","20":"tag-ville-de-saint-etienne"},"share_on_mastodon":{"url":"https:\/\/pubeurope.com\/@fr\/115568090699064694","error":""},"_links":{"self":[{"href":"https:\/\/www.europesays.com\/fr\/wp-json\/wp\/v2\/posts\/541451","targetHints":{"allow":["GET"]}}],"collection":[{"href":"https:\/\/www.europesays.com\/fr\/wp-json\/wp\/v2\/posts"}],"about":[{"href":"https:\/\/www.europesays.com\/fr\/wp-json\/wp\/v2\/types\/post"}],"author":[{"embeddable":true,"href":"https:\/\/www.europesays.com\/fr\/wp-json\/wp\/v2\/users\/2"}],"replies":[{"embeddable":true,"href":"https:\/\/www.europesays.com\/fr\/wp-json\/wp\/v2\/comments?post=541451"}],"version-history":[{"count":0,"href":"https:\/\/www.europesays.com\/fr\/wp-json\/wp\/v2\/posts\/541451\/revisions"}],"wp:featuredmedia":[{"embeddable":true,"href":"https:\/\/www.europesays.com\/fr\/wp-json\/wp\/v2\/media\/541452"}],"wp:attachment":[{"href":"https:\/\/www.europesays.com\/fr\/wp-json\/wp\/v2\/media?parent=541451"}],"wp:term":[{"taxonomy":"category","embeddable":true,"href":"https:\/\/www.europesays.com\/fr\/wp-json\/wp\/v2\/categories?post=541451"},{"taxonomy":"post_tag","embeddable":true,"href":"https:\/\/www.europesays.com\/fr\/wp-json\/wp\/v2\/tags?post=541451"}],"curies":[{"name":"wp","href":"https:\/\/api.w.org\/{rel}","templated":true}]}}