{"id":541453,"date":"2025-11-18T01:24:30","date_gmt":"2025-11-18T01:24:30","guid":{"rendered":"https:\/\/www.europesays.com\/fr\/541453\/"},"modified":"2025-11-18T01:24:30","modified_gmt":"2025-11-18T01:24:30","slug":"un-tarot-pour-la-maison-denfants","status":"publish","type":"post","link":"https:\/\/www.europesays.com\/fr\/541453\/","title":{"rendered":"Un tarot pour la Maison d\u2019enfants"},"content":{"rendered":"<p>R\u00e9uni jeudi au Grett Hotel, le Kiwanis Club Nancy\u202fOpalinska, pr\u00e9sid\u00e9 par Dominique\u202fPouille, a \u00e9voqu\u00e9 ses r\u00e9centes actions, comme la sortie \u00e0 la Foire Grasse de Lun\u00e9ville offerte \u00e0 quarante enfants de Jarville et de l\u2019Escale.<\/p>\n<p>Prochaine \u00e9tape\u00a0: un apr\u00e8s-midi cin\u00e9ma.<\/p>\n<p>Pour financer ces initiatives, le club organise un tournoi de tarot, le dimanche 30\u00a0novembre, de 14\u00a0h \u00e0 18\u00a0h, au Ch\u00e2teau du Charmois.<\/p>\n<p>Les trois meilleurs scores seront r\u00e9compens\u00e9s.<\/p>\n<p>L\u2019int\u00e9gralit\u00e9 des b\u00e9n\u00e9fices sera revers\u00e9e \u00e0 la Maison d\u2019Enfants de Vand\u0153uvre.<\/p>\n<p class=\"note\">Inscription, 10\u00a0\u20ac\u00a0; sur r\u00e9servation, t\u00e9l.\u00a006\u00a075\u00a083\u00a028\u00a010.<\/p>\n","protected":false},"excerpt":{"rendered":"R\u00e9uni jeudi au Grett Hotel, le Kiwanis Club Nancy\u202fOpalinska, pr\u00e9sid\u00e9 par Dominique\u202fPouille, a \u00e9voqu\u00e9 ses r\u00e9centes actions, comme&hellip;\n","protected":false},"author":2,"featured_media":541454,"comment_status":"","ping_status":"","sticky":false,"template":"","format":"standard","meta":{"footnotes":""},"categories":[9635],"tags":[1111,11,1687,1704,1777,674,1011,27,775,6364,1702,12,25,5711],"class_list":{"0":"post-541453","1":"post","2":"type-post","3":"status-publish","4":"format-standard","5":"has-post-thumbnail","7":"category-nancy","8":"tag-actu","9":"tag-actualites","10":"tag-culture-loisirs","11":"tag-edition-nancy-et-agglomeration","12":"tag-eu","13":"tag-europe","14":"tag-fr","15":"tag-france","16":"tag-grand-est","17":"tag-metropole-du-grand-nancy-54b1","18":"tag-nancy","19":"tag-news","20":"tag-republique-francaise","21":"tag-vandoeuvre-les-nancy"},"share_on_mastodon":{"url":"https:\/\/pubeurope.com\/@fr\/115568093683837262","error":""},"_links":{"self":[{"href":"https:\/\/www.europesays.com\/fr\/wp-json\/wp\/v2\/posts\/541453","targetHints":{"allow":["GET"]}}],"collection":[{"href":"https:\/\/www.europesays.com\/fr\/wp-json\/wp\/v2\/posts"}],"about":[{"href":"https:\/\/www.europesays.com\/fr\/wp-json\/wp\/v2\/types\/post"}],"author":[{"embeddable":true,"href":"https:\/\/www.europesays.com\/fr\/wp-json\/wp\/v2\/users\/2"}],"replies":[{"embeddable":true,"href":"https:\/\/www.europesays.com\/fr\/wp-json\/wp\/v2\/comments?post=541453"}],"version-history":[{"count":0,"href":"https:\/\/www.europesays.com\/fr\/wp-json\/wp\/v2\/posts\/541453\/revisions"}],"wp:featuredmedia":[{"embeddable":true,"href":"https:\/\/www.europesays.com\/fr\/wp-json\/wp\/v2\/media\/541454"}],"wp:attachment":[{"href":"https:\/\/www.europesays.com\/fr\/wp-json\/wp\/v2\/media?parent=541453"}],"wp:term":[{"taxonomy":"category","embeddable":true,"href":"https:\/\/www.europesays.com\/fr\/wp-json\/wp\/v2\/categories?post=541453"},{"taxonomy":"post_tag","embeddable":true,"href":"https:\/\/www.europesays.com\/fr\/wp-json\/wp\/v2\/tags?post=541453"}],"curies":[{"name":"wp","href":"https:\/\/api.w.org\/{rel}","templated":true}]}}