{"id":541456,"date":"2025-11-18T01:28:18","date_gmt":"2025-11-18T01:28:18","guid":{"rendered":"https:\/\/www.europesays.com\/fr\/541456\/"},"modified":"2025-11-18T01:28:18","modified_gmt":"2025-11-18T01:28:18","slug":"budget-2026-lexecutif-suspecte-de-jouer-la-montre","status":"publish","type":"post","link":"https:\/\/www.europesays.com\/fr\/541456\/","title":{"rendered":"Budget 2026 : l\u2019ex\u00e9cutif suspect\u00e9 de jouer la montre"},"content":{"rendered":"<p>\u00c0 petite vitesse. Apr\u00e8s un week-end de pause impos\u00e9 par le gouvernement, les d\u00e9put\u00e9s poursuivent, cette semaine, l\u2019examen du <a href=\"https:\/\/www.ouest-france.fr\/economie\/budget-collectivites-etat\/\" target=\"_self\" rel=\"noopener\">projet de loi de finances<\/a>, sans vraiment savoir s\u2019ils pourront aller au bout du texte dans les d\u00e9lais impartis. Un vote solennel est toujours programm\u00e9 le 24\u00a0novembre \u00e0 16\u00a0h. Pour la pure forme \u00e0 ce stade des d\u00e9bats.<\/p>\n<p>\u00ab\u00a0Passer en force\u00a0\u00bb<\/p>\n<p>Dans un h\u00e9micycle clairsem\u00e9, quelques \u00e9changes muscl\u00e9s ont rythm\u00e9 la s\u00e9ance de ce lundi entre La France insoumise et la ministre des Comptes publics. Du classique, pas davantage. Mathilde Panot a ainsi accus\u00e9 Am\u00e9lie de\u00a0Montchalin de vouloir ralentir les discussions pour qu\u2019au bout du bout l\u2019ex\u00e9cutif utilise des ordonnances <strong>\u00ab\u00a0et passe en force.\u00a0\u00bb<\/strong><\/p>\n<p>Un argument repris, un peu plus tard, par le rapporteur g\u00e9n\u00e9ral du budget, le LR Philippe Juvin. Au terme de plusieurs scrutins publics demand\u00e9s par la pr\u00e9sidente de s\u00e9ance, l\u2019\u00e9lu des Hauts-de-Seine s\u2019est demand\u00e9 si ces votes \u00e9lectroniques (au lieu de les faire \u00e0 la main) s\u2019imposaient pour de simples amendements r\u00e9dactionnels.<strong> \u00ab\u00a0Sauf \u00e0 vouloir ralentir les d\u00e9bats.\u00a0\u00bb<\/strong><\/p>\n<p>\u00ab\u00a0Je ne serais pas ici de 9\u00a0h \u00e0 minuit\u00a0\u00bb<\/p>\n<p>Autant d\u2019interpellations qui ont eu le don d\u2019\u00e9nerver la ministre, \u00e9galement critiqu\u00e9e par Matthias Renault (Rassemblement national, Somme), accusant le gouvernement <strong>\u00ab\u00a0de faire le tri\u00a0\u00bb<\/strong> dans les diff\u00e9rents votes et amendements transmis au S\u00e9nat.<\/p>\n<p><strong>\u00ab\u00a0Je n\u2019ai jamais ralenti les discussions. Je certifie qu\u2019il n\u2019y a aucune r\u00e9daction d\u2019ordonnances \u00e0 Bercy. Je ne serais pas ici de 9\u00a0h \u00e0 minuit, depuis trois semaines, pour finir dans les ordonnances. Nous voulons un compromis, pas pour revenir \u00e0 notre copie initiale\u00a0\u00bb, <\/strong>assure Am\u00e9lie de\u00a0Montchalin. Sans r\u00e9ussir \u00e0 convaincre l\u2019ensemble des parlementaires.<\/p>\n<p>\u00a0<\/p>\n<p>\u00a0<\/p>\n","protected":false},"excerpt":{"rendered":"\u00c0 petite vitesse. Apr\u00e8s un week-end de pause impos\u00e9 par le gouvernement, les d\u00e9put\u00e9s poursuivent, cette semaine, l\u2019examen&hellip;\n","protected":false},"author":2,"featured_media":541457,"comment_status":"","ping_status":"","sticky":false,"template":"","format":"standard","meta":{"footnotes":""},"categories":[9619],"tags":[5734,1111,11,1003,1777,674,58320,1011,27,5236,15422,12,882,25,16185,2310],"class_list":{"0":"post-541456","1":"post","2":"type-post","3":"status-publish","4":"format-standard","5":"has-post-thumbnail","7":"category-toulon","8":"tag-5734","9":"tag-actu","10":"tag-actualites","11":"tag-budget","12":"tag-eu","13":"tag-europe","14":"tag-executif","15":"tag-fr","16":"tag-france","17":"tag-jouer","18":"tag-montre","19":"tag-news","20":"tag-provence-alpes-cote-dazur","21":"tag-republique-francaise","22":"tag-suspecte","23":"tag-toulon"},"share_on_mastodon":{"url":"https:\/\/pubeurope.com\/@fr\/115568109405558193","error":""},"_links":{"self":[{"href":"https:\/\/www.europesays.com\/fr\/wp-json\/wp\/v2\/posts\/541456","targetHints":{"allow":["GET"]}}],"collection":[{"href":"https:\/\/www.europesays.com\/fr\/wp-json\/wp\/v2\/posts"}],"about":[{"href":"https:\/\/www.europesays.com\/fr\/wp-json\/wp\/v2\/types\/post"}],"author":[{"embeddable":true,"href":"https:\/\/www.europesays.com\/fr\/wp-json\/wp\/v2\/users\/2"}],"replies":[{"embeddable":true,"href":"https:\/\/www.europesays.com\/fr\/wp-json\/wp\/v2\/comments?post=541456"}],"version-history":[{"count":0,"href":"https:\/\/www.europesays.com\/fr\/wp-json\/wp\/v2\/posts\/541456\/revisions"}],"wp:featuredmedia":[{"embeddable":true,"href":"https:\/\/www.europesays.com\/fr\/wp-json\/wp\/v2\/media\/541457"}],"wp:attachment":[{"href":"https:\/\/www.europesays.com\/fr\/wp-json\/wp\/v2\/media?parent=541456"}],"wp:term":[{"taxonomy":"category","embeddable":true,"href":"https:\/\/www.europesays.com\/fr\/wp-json\/wp\/v2\/categories?post=541456"},{"taxonomy":"post_tag","embeddable":true,"href":"https:\/\/www.europesays.com\/fr\/wp-json\/wp\/v2\/tags?post=541456"}],"curies":[{"name":"wp","href":"https:\/\/api.w.org\/{rel}","templated":true}]}}