{"id":541462,"date":"2025-11-18T01:32:19","date_gmt":"2025-11-18T01:32:19","guid":{"rendered":"https:\/\/www.europesays.com\/fr\/541462\/"},"modified":"2025-11-18T01:32:19","modified_gmt":"2025-11-18T01:32:19","slug":"clement-bassin-elu-joueur-du-mois-doctobre-de-national","status":"publish","type":"post","link":"https:\/\/www.europesays.com\/fr\/541462\/","title":{"rendered":"Cl\u00e9ment Bassin \u00e9lu joueur du mois d\u2019octobre de National"},"content":{"rendered":"<p data-start=\"0\" data-end=\"505\">D\u00e9cid\u00e9ment, tout r\u00e9ussit \u00e0 Rouen en ce d\u00e9but de saison en National : le club normand est leader avec 4 points d&rsquo;avance sur son dauphin dijonnais. Outre les performances collectives, les Rouennais sont \u00e9galement r\u00e9compens\u00e9s individuellement. C\u2019est le cas de Cl\u00e9ment Bassin, performant dans son r\u00f4le de piston gauche, au point d\u2019\u00eatre \u00e9lu meilleur joueur du mois d\u2019octobre. Un nouveau poste pour le capitaine des Diables Rouges, qui \u00e9voluait depuis plusieurs ann\u00e9es dans l\u2019axe gauche d\u2019une d\u00e9fense \u00e0 trois.<\/p>\n<blockquote class=\"twitter-tweet\">\n<p dir=\"ltr\" lang=\"fr\">Cl\u00e9ment Bassin a \u00e9t\u00e9 \u00e9lu joueur du mois d\u2019octobre de National ! \ud83d\udcaa<\/p>\n<p>Auteur de bonnes prestations et d\u00e9cisif \u00e0 plusieurs reprises pendant ce mois, notre capitaine succ\u00e8de \u00e0 Idrissa Seydi, sacr\u00e9 en septembre \ud83e\udd70<\/p>\n<p>F\u00e9licitations Cl\u00e9ment ! \ud83d\udd34\u26aa<a href=\"https:\/\/twitter.com\/hashtag\/TeamFCR?src=hash&amp;ref_src=twsrc%5Etfw\" target=\"_blank\" rel=\"noopener\">#TeamFCR<\/a> <a href=\"https:\/\/twitter.com\/hashtag\/Rouen?src=hash&amp;ref_src=twsrc%5Etfw\" target=\"_blank\" rel=\"noopener\">#Rouen<\/a> <a href=\"https:\/\/twitter.com\/hashtag\/Normandie?src=hash&amp;ref_src=twsrc%5Etfw\" target=\"_blank\" rel=\"noopener\">#Normandie<\/a> <a href=\"https:\/\/twitter.com\/hashtag\/FCR1899?src=hash&amp;ref_src=twsrc%5Etfw\" target=\"_blank\" rel=\"noopener\">#FCR1899<\/a> <a href=\"https:\/\/t.co\/A1qwZyTxwZ\">pic.twitter.com\/A1qwZyTxwZ<\/a><\/p>\n<p>\u2014 FC Rouen 1899 (@fcr1899) <a href=\"https:\/\/twitter.com\/fcr1899\/status\/1990434905935765974?ref_src=twsrc%5Etfw\" target=\"_blank\" rel=\"noopener\">November 17, 2025<\/a><\/p>\n<\/blockquote>\n<p data-start=\"770\" data-end=\"1290\" data-is-last-node=\"\" data-is-only-node=\"\">Depuis le d\u00e9but du championnat, le joueur de 31 ans encha\u00eene douze matches en tant que titulaire, avec trois buts, dont un en octobre contre Caen (1-1, 11\u1d49 journ\u00e9e), et deux passes d\u00e9cisives. Un bilan qui a conduit la FFF \u00e0 le nominer joueur du mois d\u2019octobre 2025 aux c\u00f4t\u00e9s de Gomel (Sochaux), Lembezat (Dijon) et Tell (Concarneau). Finalement, Bassin a recueilli le plus de suffrages des suiveurs du National votant sur le site de la F\u00e9d\u00e9ration, succ\u00e9dant ainsi \u00e0 son co\u00e9quipier Idrissa Seydi, r\u00e9compens\u00e9 en septembre.<\/p>\n<p>Partagez cette info avec vos amis et vos proches en cliquant ici<br \/>Rouen : Cl\u00e9ment Bassin \u00e9lu joueur du mois d\u2019octobre de National<\/p>\n<p>Cl\u00e9ment Bassin, capitaine et lat\u00e9ral gauche du FC Rouen, a \u00e9t\u00e9 \u00e9lu meilleur joueur du mois d\u2019octobre en National. Auteur de 3 buts et 2 passes d\u00e9cisives en 12 matchs, il succ\u00e8de \u00e0 Idrissa Seydi et confirme son r\u00f4le cl\u00e9 dans la superbe saison normande.<\/p>\n<p> <img decoding=\"async\" width=\"76\" height=\"76\" loading=\"lazy\" src=\"https:\/\/static.wui.fr\/images_v3\/avatar-footnational.png\" alt=\"Clement Fradique\"\/><script async src=\"https:\/\/platform.twitter.com\/widgets.js\" charset=\"utf-8\"><\/script><\/p>\n","protected":false},"excerpt":{"rendered":"D\u00e9cid\u00e9ment, tout r\u00e9ussit \u00e0 Rouen en ce d\u00e9but de saison en National : le club normand est leader&hellip;\n","protected":false},"author":2,"featured_media":541463,"comment_status":"","ping_status":"","sticky":false,"template":"","format":"standard","meta":{"footnotes":""},"categories":[9587],"tags":[1111,11,1777,674,1011,27,59645,12,5161,25,9590],"class_list":{"0":"post-541462","1":"post","2":"type-post","3":"status-publish","4":"format-standard","5":"has-post-thumbnail","7":"category-rouen","8":"tag-actu","9":"tag-actualites","10":"tag-eu","11":"tag-europe","12":"tag-fr","13":"tag-france","14":"tag-national-actus","15":"tag-news","16":"tag-normandie","17":"tag-republique-francaise","18":"tag-rouen"},"share_on_mastodon":{"url":"https:\/\/pubeurope.com\/@fr\/115568125659876884","error":""},"_links":{"self":[{"href":"https:\/\/www.europesays.com\/fr\/wp-json\/wp\/v2\/posts\/541462","targetHints":{"allow":["GET"]}}],"collection":[{"href":"https:\/\/www.europesays.com\/fr\/wp-json\/wp\/v2\/posts"}],"about":[{"href":"https:\/\/www.europesays.com\/fr\/wp-json\/wp\/v2\/types\/post"}],"author":[{"embeddable":true,"href":"https:\/\/www.europesays.com\/fr\/wp-json\/wp\/v2\/users\/2"}],"replies":[{"embeddable":true,"href":"https:\/\/www.europesays.com\/fr\/wp-json\/wp\/v2\/comments?post=541462"}],"version-history":[{"count":0,"href":"https:\/\/www.europesays.com\/fr\/wp-json\/wp\/v2\/posts\/541462\/revisions"}],"wp:featuredmedia":[{"embeddable":true,"href":"https:\/\/www.europesays.com\/fr\/wp-json\/wp\/v2\/media\/541463"}],"wp:attachment":[{"href":"https:\/\/www.europesays.com\/fr\/wp-json\/wp\/v2\/media?parent=541462"}],"wp:term":[{"taxonomy":"category","embeddable":true,"href":"https:\/\/www.europesays.com\/fr\/wp-json\/wp\/v2\/categories?post=541462"},{"taxonomy":"post_tag","embeddable":true,"href":"https:\/\/www.europesays.com\/fr\/wp-json\/wp\/v2\/tags?post=541462"}],"curies":[{"name":"wp","href":"https:\/\/api.w.org\/{rel}","templated":true}]}}