{"id":541466,"date":"2025-11-18T01:36:31","date_gmt":"2025-11-18T01:36:31","guid":{"rendered":"https:\/\/www.europesays.com\/fr\/541466\/"},"modified":"2025-11-18T01:36:31","modified_gmt":"2025-11-18T01:36:31","slug":"un-incendie-se-declare-dans-ce-lycee-pres-de-rennes-plus-de-1-200-eleves-evacues","status":"publish","type":"post","link":"https:\/\/www.europesays.com\/fr\/541466\/","title":{"rendered":"Un incendie se d\u00e9clare dans ce lyc\u00e9e pr\u00e8s de Rennes\u00a0: plus de 1\u00a0200 \u00e9l\u00e8ves \u00e9vacu\u00e9s"},"content":{"rendered":"<p>Un incendie s\u2019est d\u00e9clar\u00e9 vers 11 h 30 sur le toit terrasse du restaurant scolaire du lyc\u00e9e Simone-Veil \u00e0 Liffr\u00e9, au nord de Rennes ce lundi 17 novembre\ufeff. En pleine pr\u00e9paration des repas \u00e0 l\u2019int\u00e9rieur du b\u00e2timent, les professionnels de la restauration ont d\u00fb \u00e9vacuer les lieux en urgence.<\/p>\n<p>Un gros d\u00e9ploiement de secours<\/p>\n<p>Les 1 200 \u00e9l\u00e8ves et les personnels \u00e9ducatifs ont \u00e9t\u00e9 confin\u00e9s \u00e0 l\u2019int\u00e9rieur du lyc\u00e9e le temps de l\u2019intervention des pompiers comme <a href=\"https:\/\/www.ouest-france.fr\/societe\/faits-divers\/un-incendie-se-declare-dans-le-self-dun-lycee-en-ille-et-vilaine-1-200-eleves-confines-57b5a53c-c3ab-11f0-8509-2c0807403e46\" target=\"_blank\" rel=\"noopener\">indiqu\u00e9 par Ouest-France<\/a>. D\u2019importants moyens, dont 51 sapeurs-pompiers au plus fort de l\u2019intervention et deux lances \u00e0 eau, ont \u00e9t\u00e9 d\u00e9ploy\u00e9s sur place pour ma\u00eetriser le sinistre. Heureusement, aucun bless\u00e9 n\u2019est \u00e0 d\u00e9plorer.<\/p>\n<p>Vers 14 h 30, l\u2019incendie \u00e9tait ma\u00eetris\u00e9 mais les soldats du feu \u00e9taient encore sur place pour \u00e9teindre les derniers foyers encore actifs dans la toiture. L\u2019intervention des pompiers s\u2019est termin\u00e9e \u00e0 16 h 30. Entre-temps, les \u00e9l\u00e8ves avaient \u00e9t\u00e9 autoris\u00e9s \u00e0 rentrer chez eux. Le lyc\u00e9e ayant d\u00e9cid\u00e9 de fermer ses portes pour le reste de la journ\u00e9e.<\/p>\n<p>Le lyc\u00e9e ferme ses portes<\/p>\n<p>Selon nos informations, l\u2019incendie se serait d\u00e9clar\u00e9 au niveau d\u2019un local de 40 m2 abritant le centre de traitement d\u2019air sur le toit du restaurant scolaire. Le d\u00e9part de feu pourrait \u00eatre li\u00e9 \u00e0 des travaux en cours sur la toiture. Une enqu\u00eate a \u00e9t\u00e9 ouverte pour d\u00e9terminer les causes exactes du sinistre.<\/p>\n<p>Le lyc\u00e9e pourra-t-il rouvrir demain ? \u00ab Il est encore trop t\u00f4t pour l\u2019affirmer avec certitude \u00bb, pr\u00e9cise Guillaume B\u00e9gu\u00e9, le maire de Liffr\u00e9. \u00ab Les salles de classe sont bien \u00e9videmment accessibles, mais si les \u00e9l\u00e8ves ne peuvent pas acc\u00e9der au restaurant scolaire, c\u2019est plus compliqu\u00e9 \u00bb.<\/p>\n","protected":false},"excerpt":{"rendered":"Un incendie s\u2019est d\u00e9clar\u00e9 vers 11 h 30 sur le toit terrasse du restaurant scolaire du lyc\u00e9e Simone-Veil&hellip;\n","protected":false},"author":2,"featured_media":541467,"comment_status":"","ping_status":"","sticky":false,"template":"","format":"standard","meta":{"footnotes":""},"categories":[2821],"tags":[1111,11,829,765,1777,674,118,3383,1011,27,848,5383,12,584,25],"class_list":{"0":"post-541466","1":"post","2":"type-post","3":"status-publish","4":"format-standard","5":"has-post-thumbnail","7":"category-rennes","8":"tag-actu","9":"tag-actualites","10":"tag-bretagne","11":"tag-en-continu","12":"tag-eu","13":"tag-europe","14":"tag-faits-divers","15":"tag-faits-divers-a-rennes","16":"tag-fr","17":"tag-france","18":"tag-ille-et-vilaine","19":"tag-incendies","20":"tag-news","21":"tag-rennes","22":"tag-republique-francaise"},"share_on_mastodon":{"url":"https:\/\/pubeurope.com\/@fr\/115568140959691962","error":""},"_links":{"self":[{"href":"https:\/\/www.europesays.com\/fr\/wp-json\/wp\/v2\/posts\/541466","targetHints":{"allow":["GET"]}}],"collection":[{"href":"https:\/\/www.europesays.com\/fr\/wp-json\/wp\/v2\/posts"}],"about":[{"href":"https:\/\/www.europesays.com\/fr\/wp-json\/wp\/v2\/types\/post"}],"author":[{"embeddable":true,"href":"https:\/\/www.europesays.com\/fr\/wp-json\/wp\/v2\/users\/2"}],"replies":[{"embeddable":true,"href":"https:\/\/www.europesays.com\/fr\/wp-json\/wp\/v2\/comments?post=541466"}],"version-history":[{"count":0,"href":"https:\/\/www.europesays.com\/fr\/wp-json\/wp\/v2\/posts\/541466\/revisions"}],"wp:featuredmedia":[{"embeddable":true,"href":"https:\/\/www.europesays.com\/fr\/wp-json\/wp\/v2\/media\/541467"}],"wp:attachment":[{"href":"https:\/\/www.europesays.com\/fr\/wp-json\/wp\/v2\/media?parent=541466"}],"wp:term":[{"taxonomy":"category","embeddable":true,"href":"https:\/\/www.europesays.com\/fr\/wp-json\/wp\/v2\/categories?post=541466"},{"taxonomy":"post_tag","embeddable":true,"href":"https:\/\/www.europesays.com\/fr\/wp-json\/wp\/v2\/tags?post=541466"}],"curies":[{"name":"wp","href":"https:\/\/api.w.org\/{rel}","templated":true}]}}