{"id":541468,"date":"2025-11-18T01:37:39","date_gmt":"2025-11-18T01:37:39","guid":{"rendered":"https:\/\/www.europesays.com\/fr\/541468\/"},"modified":"2025-11-18T01:37:39","modified_gmt":"2025-11-18T01:37:39","slug":"un-detenu-se-fait-la-belle-lors-dune-sortie-au-planetarium","status":"publish","type":"post","link":"https:\/\/www.europesays.com\/fr\/541468\/","title":{"rendered":"Un d\u00e9tenu se fait la belle lors d\u2019une sortie au plan\u00e9tarium"},"content":{"rendered":"<p>Combien de temps tiendra-t-il en cavale\u00a0? Un d\u00e9tenu a profit\u00e9 d\u2019une sortie collective au plan\u00e9tarium de <a href=\"https:\/\/www.20minutes.fr\/rennes\/\" target=\"_blank\" class=\"c-link c-link--is-underlined\" rel=\"noopener\">Rennes<\/a> pour s\u2019\u00e9vader vendredi apr\u00e8s-midi, a-t-on appris lundi de sources concordantes.<\/p>\n<p>Le <a href=\"https:\/\/www.20minutes.fr\/dossier\/detenus\" target=\"_blank\" class=\"c-link c-link--is-underlined\" rel=\"noopener\">d\u00e9tenu<\/a>, incarc\u00e9r\u00e9 au centre p\u00e9nitentiaire de Rennes-V\u00e9zin, participait \u00e0 une sortie au plan\u00e9tarium avec d\u2019autres prisonniers quand il a \u00e9chapp\u00e9 \u00e0 la vigilance des personnes charg\u00e9es de les encadrer, a pr\u00e9cis\u00e9 la direction interr\u00e9gionale des services p\u00e9nitentiaires de Rennes, confirmant une information de Ouest-France.<\/p>\n<p>Evasion \u00ab\u00a0sans violence\u00a0\u00bb<\/p>\n<p>L\u2019\u00e9vasion de cet homme de 37 ans, condamn\u00e9 depuis d\u00e9cembre\u00a02024 pour \u00ab\u00a0divers faits de vols\u00a0\u00bb, est survenue \u00ab\u00a0sans violence\u00a0\u00bb, a indiqu\u00e9 \u00e0 l\u2019AFP le procureur de la R\u00e9publique de Rennes, Fr\u00e9d\u00e9ric Teillet. L\u2019homme devait \u00eatre incarc\u00e9r\u00e9 \u00ab\u00a0jusqu\u2019en mars\u00a02027\u00a0\u00bb. \u00ab\u00a0Il est toujours recherch\u00e9\u00a0\u00bb, a ajout\u00e9 Fr\u00e9d\u00e9ric Teillet.<\/p>\n<\/p>\n<p>Fin janvier, un d\u00e9tenu de 28 ans de la maison d\u2019arr\u00eat de Villepinte (<a href=\"https:\/\/www.20minutes.fr\/societe\/seine-saint-denis\/\" target=\"_blank\" class=\"c-link c-link--is-underlined\" rel=\"noopener\">Seine-Saint-Denis<\/a>) avait <a href=\"https:\/\/www.20minutes.fr\/faits_divers\/4136515-20250131-paris-detenu-profite-sortie-musee-evader-gare-nord\" target=\"_blank\" class=\"c-link c-link--is-underlined\" rel=\"noopener\">pris la fuite \u00e0 la gare du Nord<\/a> au cours d\u2019une permission de sortie au mus\u00e9e de l\u2019Homme \u00e0 Paris.<\/p>\n","protected":false},"excerpt":{"rendered":"Combien de temps tiendra-t-il en cavale\u00a0? Un d\u00e9tenu a profit\u00e9 d\u2019une sortie collective au plan\u00e9tarium de Rennes pour&hellip;\n","protected":false},"author":2,"featured_media":541469,"comment_status":"","ping_status":"","sticky":false,"template":"","format":"standard","meta":{"footnotes":""},"categories":[2821],"tags":[1111,47,11,829,17316,1777,674,3727,118,1011,27,848,12,806,584,25],"class_list":{"0":"post-541468","1":"post","2":"type-post","3":"status-publish","4":"format-standard","5":"has-post-thumbnail","7":"category-rennes","8":"tag-actu","9":"tag-actualite","10":"tag-actualites","11":"tag-bretagne","12":"tag-detenus","13":"tag-eu","14":"tag-europe","15":"tag-evasion","16":"tag-faits-divers","17":"tag-fr","18":"tag-france","19":"tag-ille-et-vilaine","20":"tag-news","21":"tag-prison","22":"tag-rennes","23":"tag-republique-francaise"},"share_on_mastodon":{"url":"https:\/\/pubeurope.com\/@fr\/115568144944967411","error":""},"_links":{"self":[{"href":"https:\/\/www.europesays.com\/fr\/wp-json\/wp\/v2\/posts\/541468","targetHints":{"allow":["GET"]}}],"collection":[{"href":"https:\/\/www.europesays.com\/fr\/wp-json\/wp\/v2\/posts"}],"about":[{"href":"https:\/\/www.europesays.com\/fr\/wp-json\/wp\/v2\/types\/post"}],"author":[{"embeddable":true,"href":"https:\/\/www.europesays.com\/fr\/wp-json\/wp\/v2\/users\/2"}],"replies":[{"embeddable":true,"href":"https:\/\/www.europesays.com\/fr\/wp-json\/wp\/v2\/comments?post=541468"}],"version-history":[{"count":0,"href":"https:\/\/www.europesays.com\/fr\/wp-json\/wp\/v2\/posts\/541468\/revisions"}],"wp:featuredmedia":[{"embeddable":true,"href":"https:\/\/www.europesays.com\/fr\/wp-json\/wp\/v2\/media\/541469"}],"wp:attachment":[{"href":"https:\/\/www.europesays.com\/fr\/wp-json\/wp\/v2\/media?parent=541468"}],"wp:term":[{"taxonomy":"category","embeddable":true,"href":"https:\/\/www.europesays.com\/fr\/wp-json\/wp\/v2\/categories?post=541468"},{"taxonomy":"post_tag","embeddable":true,"href":"https:\/\/www.europesays.com\/fr\/wp-json\/wp\/v2\/tags?post=541468"}],"curies":[{"name":"wp","href":"https:\/\/api.w.org\/{rel}","templated":true}]}}