{"id":541487,"date":"2025-11-18T01:47:12","date_gmt":"2025-11-18T01:47:12","guid":{"rendered":"https:\/\/www.europesays.com\/fr\/541487\/"},"modified":"2025-11-18T01:47:12","modified_gmt":"2025-11-18T01:47:12","slug":"toulouse-conte-musical-vendredi-28-novembre","status":"publish","type":"post","link":"https:\/\/www.europesays.com\/fr\/541487\/","title":{"rendered":"TOULOUSE : Conte musical, vendredi 28 novembre"},"content":{"rendered":"<p style=\"text-align: left;\"><strong>La programmation culturelle du D\u00e9partement.<\/strong><\/p>\n<p style=\"text-align: left;\">De nombreux temps forts culturels ont lieu chaque ann\u00e9e dans tout le d\u00e9partement gr\u00e2ce \u00e0 une programmation d\u00e9partementale vari\u00e9e. La culture y est port\u00e9e au plus pr\u00e8s des habitants, des artistes phares aux jeunes talents, des arts visuels aux concerts en plein air, en passant par les actions autour de la m\u00e9moire et du patrimoine.<\/p>\n<p style=\"text-align: left;\">Conte musical \u2013 CRI Axe Sud<\/p>\n<p style=\"text-align: left;\">Conte musical jou\u00e9, cont\u00e9 et illustr\u00e9 par les professeurs du Conservatoire \u00e0 Rayonnement Intercommunal Axe Sud.<\/p>\n<p style=\"text-align: left;\">Pinocchio est l\u2019histoire d\u2019une marionnette en bois cr\u00e9\u00e9e par un menuisier nomm\u00e9 Geppetto, qui aspire \u00e0 devenir un v\u00e9ritable gar\u00e7on. \u00c0 travers ses aventures, Pinocchio fait face \u00e0 de nombreuses \u00e9preuves et rencontres qui lui enseignent l\u2019importance de l\u2019honn\u00eatet\u00e9, de l\u2019amour et des choix responsables.<\/p>\n<p style=\"text-align: left;\"><a href=\"https:\/\/www.haute-garonne.fr\/service\/la-programmation-culturelle-du-departement\" rel=\"nofollow noopener\" target=\"_blank\">EN SAVOIR PLUS<\/a><\/p>\n<p style=\"text-align: left;\"><strong>SOURCE : Conseil d\u00e9partemental de la Haute-Garonne.<\/strong><\/p>\n","protected":false},"excerpt":{"rendered":"La programmation culturelle du D\u00e9partement. De nombreux temps forts culturels ont lieu chaque ann\u00e9e dans tout le d\u00e9partement&hellip;\n","protected":false},"author":2,"featured_media":541488,"comment_status":"","ping_status":"","sticky":false,"template":"","format":"standard","meta":{"footnotes":""},"categories":[2816],"tags":[1111,11,1777,674,1011,27,12,2680,25,2312],"class_list":{"0":"post-541487","1":"post","2":"type-post","3":"status-publish","4":"format-standard","5":"has-post-thumbnail","7":"category-toulouse","8":"tag-actu","9":"tag-actualites","10":"tag-eu","11":"tag-europe","12":"tag-fr","13":"tag-france","14":"tag-news","15":"tag-occitanie","16":"tag-republique-francaise","17":"tag-toulouse"},"share_on_mastodon":{"url":"https:\/\/pubeurope.com\/@fr\/115568184080378347","error":""},"_links":{"self":[{"href":"https:\/\/www.europesays.com\/fr\/wp-json\/wp\/v2\/posts\/541487","targetHints":{"allow":["GET"]}}],"collection":[{"href":"https:\/\/www.europesays.com\/fr\/wp-json\/wp\/v2\/posts"}],"about":[{"href":"https:\/\/www.europesays.com\/fr\/wp-json\/wp\/v2\/types\/post"}],"author":[{"embeddable":true,"href":"https:\/\/www.europesays.com\/fr\/wp-json\/wp\/v2\/users\/2"}],"replies":[{"embeddable":true,"href":"https:\/\/www.europesays.com\/fr\/wp-json\/wp\/v2\/comments?post=541487"}],"version-history":[{"count":0,"href":"https:\/\/www.europesays.com\/fr\/wp-json\/wp\/v2\/posts\/541487\/revisions"}],"wp:featuredmedia":[{"embeddable":true,"href":"https:\/\/www.europesays.com\/fr\/wp-json\/wp\/v2\/media\/541488"}],"wp:attachment":[{"href":"https:\/\/www.europesays.com\/fr\/wp-json\/wp\/v2\/media?parent=541487"}],"wp:term":[{"taxonomy":"category","embeddable":true,"href":"https:\/\/www.europesays.com\/fr\/wp-json\/wp\/v2\/categories?post=541487"},{"taxonomy":"post_tag","embeddable":true,"href":"https:\/\/www.europesays.com\/fr\/wp-json\/wp\/v2\/tags?post=541487"}],"curies":[{"name":"wp","href":"https:\/\/api.w.org\/{rel}","templated":true}]}}