{"id":541489,"date":"2025-11-18T01:49:17","date_gmt":"2025-11-18T01:49:17","guid":{"rendered":"https:\/\/www.europesays.com\/fr\/541489\/"},"modified":"2025-11-18T01:49:17","modified_gmt":"2025-11-18T01:49:17","slug":"coupe-lffp-j3-le-resume-video-de-la-victoire-du-rc-lens-a-lille","status":"publish","type":"post","link":"https:\/\/www.europesays.com\/fr\/541489\/","title":{"rendered":"[Coupe LFFP-J3] Le r\u00e9sum\u00e9 vid\u00e9o de la victoire du RC Lens \u00e0 Lille"},"content":{"rendered":"<p data-start=\"26\" data-end=\"393\" data-is-last-node=\"\" data-is-only-node=\"\"><strong>Ce week-end, l\u2019Arkema Premi\u00e8re Ligue faisait rel\u00e2che pour laisser la place \u00e0 la troisi\u00e8me journ\u00e9e de la Coupe LFFP. D\u00e9j\u00e0 qualifi\u00e9e pour le tour suivant, l\u2019\u00e9quipe f\u00e9minine du Racing Club de Lens \u00e9tait en d\u00e9placement dans le Nord, \u00e0 Lille. Gr\u00e2ce \u00e0 un doubl\u00e9 de Kaina El Koumir, les joueuses de Sarah M\u2019Barek l\u2019ont emport\u00e9 0-2 et terminent la phase de poules invaincues.<\/strong><\/p>\n<p>Fiche technique<\/p>\n<p>Lille \u2013 RC Lens : 0-2 (0-1)<\/p>\n<p><strong>Buteuses :<\/strong> El Koumir (7e et 75e) pour Lens<br \/><strong>Avertissements :<\/strong> J\u00e9z\u00e9quel (19e) pour Lens. Lelarge (17e) et Belhout-Achi (72e) pour Lille<br \/><strong>Lille :<\/strong> Beitz, Delcroix, Belhout-Achi, Rucker, Delaby, Lelarge (c), Dufourmont (Piette 62e), Policnik (Zang 70e), Conesa, Hlushchenko (Dhalluin 83e), Haugou.<br \/><strong>RC Lens :<\/strong> Anderson, Guellati, J\u00e9z\u00e9quel (Lejeune 57e), Smaali, Revelli, David (c, Pierre-Louis 73e), Pinot (Proniez 34e), El Koumir, M\u00e9reau (Bertrand 73e), Vagre.<\/p><\/p>\n","protected":false},"excerpt":{"rendered":"Ce week-end, l\u2019Arkema Premi\u00e8re Ligue faisait rel\u00e2che pour laisser la place \u00e0 la troisi\u00e8me journ\u00e9e de la Coupe&hellip;\n","protected":false},"author":2,"featured_media":541490,"comment_status":"","ping_status":"","sticky":false,"template":"","format":"standard","meta":{"footnotes":""},"categories":[2815],"tags":[1111,11,1777,674,1011,27,811,1307,12,25],"class_list":{"0":"post-541489","1":"post","2":"type-post","3":"status-publish","4":"format-standard","5":"has-post-thumbnail","7":"category-lille","8":"tag-actu","9":"tag-actualites","10":"tag-eu","11":"tag-europe","12":"tag-fr","13":"tag-france","14":"tag-hauts-de-france","15":"tag-lille","16":"tag-news","17":"tag-republique-francaise"},"share_on_mastodon":{"url":"https:\/\/pubeurope.com\/@fr\/115568191999393482","error":""},"_links":{"self":[{"href":"https:\/\/www.europesays.com\/fr\/wp-json\/wp\/v2\/posts\/541489","targetHints":{"allow":["GET"]}}],"collection":[{"href":"https:\/\/www.europesays.com\/fr\/wp-json\/wp\/v2\/posts"}],"about":[{"href":"https:\/\/www.europesays.com\/fr\/wp-json\/wp\/v2\/types\/post"}],"author":[{"embeddable":true,"href":"https:\/\/www.europesays.com\/fr\/wp-json\/wp\/v2\/users\/2"}],"replies":[{"embeddable":true,"href":"https:\/\/www.europesays.com\/fr\/wp-json\/wp\/v2\/comments?post=541489"}],"version-history":[{"count":0,"href":"https:\/\/www.europesays.com\/fr\/wp-json\/wp\/v2\/posts\/541489\/revisions"}],"wp:featuredmedia":[{"embeddable":true,"href":"https:\/\/www.europesays.com\/fr\/wp-json\/wp\/v2\/media\/541490"}],"wp:attachment":[{"href":"https:\/\/www.europesays.com\/fr\/wp-json\/wp\/v2\/media?parent=541489"}],"wp:term":[{"taxonomy":"category","embeddable":true,"href":"https:\/\/www.europesays.com\/fr\/wp-json\/wp\/v2\/categories?post=541489"},{"taxonomy":"post_tag","embeddable":true,"href":"https:\/\/www.europesays.com\/fr\/wp-json\/wp\/v2\/tags?post=541489"}],"curies":[{"name":"wp","href":"https:\/\/api.w.org\/{rel}","templated":true}]}}