{"id":541495,"date":"2025-11-18T01:52:25","date_gmt":"2025-11-18T01:52:25","guid":{"rendered":"https:\/\/www.europesays.com\/fr\/541495\/"},"modified":"2025-11-18T01:52:25","modified_gmt":"2025-11-18T01:52:25","slug":"la-place-des-martyrs-de-la-resistance-a-ete-inauguree","status":"publish","type":"post","link":"https:\/\/www.europesays.com\/fr\/541495\/","title":{"rendered":"La place des Martyrs de la R\u00e9sistance a \u00e9t\u00e9 inaugur\u00e9e"},"content":{"rendered":"<p><img width=\"487\" height=\"299\" src=\"https:\/\/www.europesays.com\/fr\/wp-content\/uploads\/2025\/11\/place-martyrs-resistance4.jpg\" class=\"attachment-post-thumbnail size-post-thumbnail wp-post-image\" alt=\"\" decoding=\"async\" fetchpriority=\"high\" \/><\/p>\n<p>La place des martyrs de la R\u00e9sistance (SdH\/LPI)<\/p>\n<p><strong>La r\u00e9novation de la place des Martyrs de la R\u00e9sistance, inaugur\u00e9e jeudi, a consist\u00e9 en un am\u00e9nagement sobre pour en faire un v\u00e9ritable espace public v\u00e9g\u00e9talis\u00e9, \u00e0 m\u00eame d\u2019accueillir plusieurs usages.<\/strong><\/p>\n<p>La place des Martyrs de la R\u00e9sistance r\u00e9nov\u00e9e a \u00e9t\u00e9 inaugur\u00e9e jeudi, dans le 3e arrondissement de Lyon. Situ\u00e9 \u00e0 l\u2019angle de la rue Garibaldi et de la rue Paul Bert, cet espace public a \u00e9t\u00e9 r\u00e9am\u00e9nag\u00e9 dans le cadre du projet Lyon Part-Dieu afin de devenir un v\u00e9ritable \u00eelot de fraicheur et de d\u00e9tente pour les habitants, les salari\u00e9s et usagers du quartier. En lieu et place d\u2019un parking, on trouve d\u00e9sormais un parc ainsi que des aires de jeux et de sports. La place a \u00e9t\u00e9 con\u00e7ue par l\u2019Atelier Jacqueline Osty &amp; Associ\u00e9s. Une \u0153uvre de l\u2019urbaniste plasticienne Val\u00e9rie Simoncelli s\u2019int\u00e8gre \u00e9galement dans l\u2019ensemble.<\/p>\n<p>La place accueillait jusqu\u2019en 2022 un parking de stationnement automobile et la cour de l\u2019\u00e9cole L\u00e9on Jouhaux. Le sud de la place accueille la cour de r\u00e9cr\u00e9ation de l\u2019\u00e9cole \u00e0 la suite de l\u2019agrandissement de l\u2019\u00e9cole en 2021. Apr\u00e8s des phases de concertation avec les habitants et des phases d\u2019urbanisme transitoire pour venir tester des usages (pr\u00e9figuration v\u00e9g\u00e9tale, mobiliers notamment de pique-nique), les travaux de r\u00e9am\u00e9nagement se sont achev\u00e9s \u00e0 l\u2019automne 2025. Cette nouvelle place est d\u00e9sormais organis\u00e9e en 3 espaces avec chacun leurs usages sp\u00e9cifiques : un parvis min\u00e9ral au nord face \u00e0 l\u2019H\u00f4tel de M\u00e9tropole, un lieu de pause fortement v\u00e9g\u00e9talis\u00e9 au centre, pr\u00e9serv\u00e9 des flux avec du mobilier de d\u00e9tente et de loisirs, et enfin un parvis ludique au sud, entre l\u2019\u00e9cole L\u00e9on Jouhaux et sa cour. Sur le front des espaces v\u00e9g\u00e9talis\u00e9s, 7 nouveaux arbres ont \u00e9t\u00e9 plant\u00e9s, tandis que 1.087 arbustes et 6.000 vivaces compl\u00e8tent la palette v\u00e9g\u00e9tale d\u00e9j\u00e0 existante. La place a ainsi gagn\u00e9 42% d\u2019espaces v\u00e9g\u00e9talis\u00e9s, note la M\u00e9tropole. <\/p>\n<p><img decoding=\"async\" src=\"https:\/\/www.europesays.com\/fr\/wp-content\/uploads\/2025\/04\/abonnezvouslarge.jpg\" alt=\"\" \/><\/p>\n<p>Pour lire la totalit\u00e9 de l&rsquo;article,<strong> <a href=\"http:\/\/www.lyonpoleimmo.com\/membership-options-page\/\" target=\"_blank\" rel=\"noopener\">abonnez-vous<\/a> <\/strong>ou <a href=\"http:\/\/www.lyonpoleimmo.com\/senregistrer\/\" target=\"_blank\" rel=\"noopener\"><strong>identifiez-vous<\/strong><\/a> <\/p>\n<p><strong>Si vous avez appr\u00e9ci\u00e9 cet article, s&rsquo;il vous plait, prenez le temps de <a href=\"#comments\">laisser un commentaire<\/a> ou de <a href=\"http:\/\/www.lyonpoleimmo.com\/feed\/\" target=\"_blank\" rel=\"noopener\">souscrire au flux<\/a> afin de recevoir les futurs articles directement dans votre lecteur de flux.<br \/>\n    <\/strong><\/p>\n<p>\t<a href=\"http:\/\/www.lyonpoleimmo.com\/2025\/11\/16\/92933\/le-projet-peyssilieu-a-meyzieu-obtient-un-avis-favorable-de-la-cnac\/\" rel=\"bookmark noopener\" title=\"Lien Permanent vers Le projet Peyssilieu \u00e0 Meyzieu obtient un avis favorable de la CNAC\" target=\"_blank\">Le projet Peyssilieu \u00e0 Meyzieu obtient un avis favorable de la CNAC<\/a><\/p>\n<p>\t<a href=\"http:\/\/www.lyonpoleimmo.com\/2025\/11\/16\/92933\/le-projet-peyssilieu-a-meyzieu-obtient-un-avis-favorable-de-la-cnac\/\" rel=\"bookmark noopener\" title=\"Lien Permanent vers Le projet Peyssilieu \u00e0 Meyzieu obtient un avis favorable de la CNAC\" target=\"_blank\"><\/p>\n<p>La M\u00e9tropole de Lyon a salu\u00e9 cette d\u00e9cision<\/p>\n<p><\/a><\/p>\n<p>\t<a href=\"http:\/\/www.lyonpoleimmo.com\/2025\/10\/30\/92760\/une-future-passerelle-a-horizon-2030-entre-la-saulaie-et-gerland\/\" rel=\"bookmark noopener\" title=\"Lien Permanent vers Une future passerelle \u00e0 horizon 2030 entre La Saulaie et Gerland\" target=\"_blank\">Une future passerelle \u00e0 horizon 2030 entre La Saulaie et Gerland<\/a><\/p>\n<p>\t<a href=\"http:\/\/www.lyonpoleimmo.com\/2025\/10\/30\/92760\/une-future-passerelle-a-horizon-2030-entre-la-saulaie-et-gerland\/\" rel=\"bookmark noopener\" title=\"Lien Permanent vers Une future passerelle \u00e0 horizon 2030 entre La Saulaie et Gerland\" target=\"_blank\"><\/p>\n<p><img decoding=\"async\" src=\"https:\/\/www.europesays.com\/fr\/wp-content\/uploads\/2025\/11\/passerelle-Saulaie-Gerland3.jpg\" alt=\"null\" \/>La M\u00e9tropole de Lyon a pr\u00e9sent\u00e9 en cours de semaine derni\u00e8re la future passerelle entre Gerland et La Saulaie.<\/p>\n<p><\/a><\/p>\n<p>\t<a href=\"http:\/\/www.lyonpoleimmo.com\/2025\/10\/23\/92676\/le-reamenagement-de-la-place-edgar-quinet-est-enclenche\/\" rel=\"bookmark noopener\" title=\"Lien Permanent vers Le r\u00e9am\u00e9nagement de la Place Edgar Quinet est enclench\u00e9\" target=\"_blank\">Le r\u00e9am\u00e9nagement de la Place Edgar Quinet est enclench\u00e9<\/a><\/p>\n<p>\t<a href=\"http:\/\/www.lyonpoleimmo.com\/2025\/10\/23\/92676\/le-reamenagement-de-la-place-edgar-quinet-est-enclenche\/\" rel=\"bookmark noopener\" title=\"Lien Permanent vers Le r\u00e9am\u00e9nagement de la Place Edgar Quinet est enclench\u00e9\" target=\"_blank\"><\/p>\n<p><img decoding=\"async\" src=\"https:\/\/www.europesays.com\/fr\/wp-content\/uploads\/2025\/11\/place-Edgar-Quinet-1.jpg\" alt=\"null\" \/>La M\u00e9tropole et la Ville de Lyon organisaient mercredi une visite de cet espace public qui va conna\u00eetre une profonde transformation dans les prochains mois.<\/p>\n<p><\/a><\/p>\n<p>\t<a href=\"http:\/\/www.lyonpoleimmo.com\/2025\/10\/18\/92562\/on-nest-pas-dans-une-logique-de-betonisation-a-outrance\/\" rel=\"bookmark noopener\" title=\"Lien Permanent vers \u00abOn n\u2019est pas dans une logique de b\u00e9tonisation \u00e0 outrance\u00bb\" target=\"_blank\">\u00abOn n\u2019est pas dans une logique de b\u00e9tonisation \u00e0 outrance\u00bb<\/a><\/p>\n<p>\t<a href=\"http:\/\/www.lyonpoleimmo.com\/2025\/10\/18\/92562\/on-nest-pas-dans-une-logique-de-betonisation-a-outrance\/\" rel=\"bookmark noopener\" title=\"Lien Permanent vers \u00abOn n\u2019est pas dans une logique de b\u00e9tonisation \u00e0 outrance\u00bb\" target=\"_blank\"><\/p>\n<p><img decoding=\"async\" src=\"https:\/\/www.europesays.com\/fr\/wp-content\/uploads\/2025\/10\/JeremieBreaud-1.jpg\" alt=\"null\" \/>J\u00e9r\u00e9mie Br\u00e9aud est maire de Bron et conseiller d\u00e9l\u00e9gu\u00e9 aux grands \u00e9v\u00e8nements de la R\u00e9gion Auvergne-Rh\u00f4ne-Alpes. Nous \u00e9voquons avec lui les diff\u00e9rents grands projets de la ville de Bron, comme la place de la Libert\u00e9, Terraillon, ou encore le renouvellement urbain de Parilly, mais aussi les sujets de tension avec la M\u00e9tropole comme la Voie Lyonnaise 12 ou le r\u00e9am\u00e9nagement de la route de Genas.<\/p>\n<p><\/a><\/p>\n<p>\t<a href=\"http:\/\/www.lyonpoleimmo.com\/2025\/10\/15\/92540\/villeurbanne-inauguration-du-jardin-lina-cretet\/\" rel=\"bookmark noopener\" title=\"Lien Permanent vers Villeurbanne : inauguration du jardin Lina-Cretet\" target=\"_blank\">Villeurbanne : inauguration du jardin Lina-Cretet<\/a><\/p>\n<p>\t<a href=\"http:\/\/www.lyonpoleimmo.com\/2025\/10\/15\/92540\/villeurbanne-inauguration-du-jardin-lina-cretet\/\" rel=\"bookmark noopener\" title=\"Lien Permanent vers Villeurbanne : inauguration du jardin Lina-Cretet\" target=\"_blank\"><\/p>\n<p><img decoding=\"async\" src=\"https:\/\/www.europesays.com\/fr\/wp-content\/uploads\/2025\/11\/jardin-letet.jpg\" alt=\"null\" \/>Le jardin Lina-Cretet, un nouvel espace de nature au c\u0153ur du quartier Mansard, a \u00e9t\u00e9 inaugur\u00e9 ce mercredi.<\/p>\n<p><\/a><\/p>\n<p>\t<a href=\"http:\/\/www.lyonpoleimmo.com\/2025\/10\/12\/92466\/292-km%c2%b2-despaces-enaf-consommes-en-aura-entre-2011-et-2020\/\" rel=\"bookmark noopener\" title=\"Lien Permanent vers 292 km\u00b2 d\u2019espaces ENAF consomm\u00e9s en AURA entre 2011 et 2020\" target=\"_blank\">292 km\u00b2 d\u2019espaces ENAF consomm\u00e9s en AURA entre 2011 et 2020<\/a><\/p>\n<p>\t<a href=\"http:\/\/www.lyonpoleimmo.com\/2025\/10\/12\/92466\/292-km%c2%b2-despaces-enaf-consommes-en-aura-entre-2011-et-2020\/\" rel=\"bookmark noopener\" title=\"Lien Permanent vers 292 km\u00b2 d\u2019espaces ENAF consomm\u00e9s en AURA entre 2011 et 2020\" target=\"_blank\"><\/p>\n<p>Selon l\u2019INSEE, la consommation d\u2019espaces naturels, agricoles ou forestiers en Auvergne-Rh\u00f4ne-Alpes sur la p\u00e9riode repr\u00e9sente 292 km\u00b2 sur un territoire d\u2019un peu moins de 70.000 km\u00b2. L\u2019habitat y contribue aux deux tiers.<\/p>\n<p><\/a><\/p>\n<p>\t<a href=\"http:\/\/www.lyonpoleimmo.com\/2025\/09\/30\/92346\/nouvelles-etapes-franchies-pour-3-projets-urbains\/\" rel=\"bookmark noopener\" title=\"Lien Permanent vers Nouvelles \u00e9tapes franchies pour 3 projets urbains\" target=\"_blank\">Nouvelles \u00e9tapes franchies pour 3 projets urbains<\/a><\/p>\n<p>\t<a href=\"http:\/\/www.lyonpoleimmo.com\/2025\/09\/30\/92346\/nouvelles-etapes-franchies-pour-3-projets-urbains\/\" rel=\"bookmark noopener\" title=\"Lien Permanent vers Nouvelles \u00e9tapes franchies pour 3 projets urbains\" target=\"_blank\"><\/p>\n<p><img decoding=\"async\" src=\"https:\/\/www.europesays.com\/fr\/wp-content\/uploads\/2025\/06\/MetropolevueGaribaldi2.jpg\" alt=\"null\" \/>Plusieurs avanc\u00e9es ont \u00e9t\u00e9 vot\u00e9es, lors du conseil m\u00e9tropolitain, pour des op\u00e9rations portant sur trois quartiers situ\u00e9s sur les communes de Francheville, la Mulati\u00e8re et Rillieux-la-Pape.<\/p>\n<p><\/a><\/p>\n<p>\t<a href=\"http:\/\/www.lyonpoleimmo.com\/2025\/09\/28\/92297\/la-nouvelle-vie-de-la-place-beraudier\/\" rel=\"bookmark noopener\" title=\"Lien Permanent vers La nouvelle vie de la place B\u00e9raudier\" target=\"_blank\">La nouvelle vie de la place B\u00e9raudier<\/a><\/p>\n<p>\t<a href=\"http:\/\/www.lyonpoleimmo.com\/2025\/09\/28\/92297\/la-nouvelle-vie-de-la-place-beraudier\/\" rel=\"bookmark noopener\" title=\"Lien Permanent vers La nouvelle vie de la place B\u00e9raudier\" target=\"_blank\"><\/p>\n<p>Apr\u00e8s plus d\u2019un d\u00e9cennie de travaux, l\u2019espace public reconfigur\u00e9 a \u00e9t\u00e9 inaugur\u00e9 lundi dernier par les \u00e9lus, le pr\u00e9fet, et les \u00e9quipes de ma\u00eetrise d\u2019ouvrage et de ma\u00eetrise d\u2019\u0153uvre.<\/p>\n<p><\/a><\/p>\n<p>\t<a href=\"http:\/\/www.lyonpoleimmo.com\/2025\/09\/15\/92154\/275-logements-de-la-cite-tony-garnier-ont-ete-rehabilites\/\" rel=\"bookmark noopener\" title=\"Lien Permanent vers 275 logements de la cit\u00e9 Tony Garnier ont \u00e9t\u00e9 r\u00e9habilit\u00e9s\" target=\"_blank\">275 logements de la cit\u00e9 Tony Garnier ont \u00e9t\u00e9 r\u00e9habilit\u00e9s<\/a><\/p>\n<p>\t<a href=\"http:\/\/www.lyonpoleimmo.com\/2025\/09\/15\/92154\/275-logements-de-la-cite-tony-garnier-ont-ete-rehabilites\/\" rel=\"bookmark noopener\" title=\"Lien Permanent vers 275 logements de la cit\u00e9 Tony Garnier ont \u00e9t\u00e9 r\u00e9habilit\u00e9s\" target=\"_blank\"><\/p>\n<p><img decoding=\"async\" src=\"https:\/\/www.europesays.com\/fr\/wp-content\/uploads\/2025\/09\/Cite-Tony-Garnier.jpg\" \/>GrandLyon Habitat organisait vendredi une visite de la Cit\u00e9 Tony Garnier, dans le 8e arrondissement de Lyon, en pr\u00e9sence d\u2019\u00e9lus de la Ville et de la M\u00e9tropole, et de la sous-pr\u00e9f\u00e8te charg\u00e9e de la politique de la ville.<\/p>\n<p><\/a><\/p>\n<p>\t<a href=\"http:\/\/www.lyonpoleimmo.com\/2025\/09\/15\/92161\/une-reunion-dinformation-ce-mardi-sur-le-projet-du-parc-gisele-halimi\/\" rel=\"bookmark noopener\" title=\"Lien Permanent vers Une r\u00e9union d\u2019information ce mardi sur le projet du parc Gis\u00e8le-Halimi\" target=\"_blank\">Une r\u00e9union d\u2019information ce mardi sur le projet du parc Gis\u00e8le-Halimi<\/a><\/p>\n<p>\t<a href=\"http:\/\/www.lyonpoleimmo.com\/2025\/09\/15\/92161\/une-reunion-dinformation-ce-mardi-sur-le-projet-du-parc-gisele-halimi\/\" rel=\"bookmark noopener\" title=\"Lien Permanent vers Une r\u00e9union d\u2019information ce mardi sur le projet du parc Gis\u00e8le-Halimi\" target=\"_blank\"><\/p>\n<p>Cette r\u00e9union, qui portera sur ce nouveau parc qui s\u2019\u00e9tendra sur plus de 2 hectares, aura lieu \u00e0 19 heures au groupe scolaire Niki-de-Saint-Phalle.<\/p>\n<p><\/a><\/p>\n<p>\t<a href=\"http:\/\/www.lyonpoleimmo.com\/2025\/09\/10\/92088\/lunam-demande-ecoute-et-stabilite-au-nouveau-premier-ministre\/\" rel=\"bookmark noopener\" title=\"Lien Permanent vers L\u2019UNAM demande \u00e9coute et stabilit\u00e9 au nouveau Premier ministre\" target=\"_blank\">L\u2019UNAM demande \u00e9coute et stabilit\u00e9 au nouveau Premier ministre<\/a><\/p>\n<p>\t<a href=\"http:\/\/www.lyonpoleimmo.com\/2025\/09\/10\/92088\/lunam-demande-ecoute-et-stabilite-au-nouveau-premier-ministre\/\" rel=\"bookmark noopener\" title=\"Lien Permanent vers L\u2019UNAM demande \u00e9coute et stabilit\u00e9 au nouveau Premier ministre\" target=\"_blank\"><\/p>\n<p>Suite \u00e0 la nomination de S\u00e9bastien Lecornu \u00e0 la t\u00eate du gouvernement, l\u2019UNAM a poursuivre la logique de pragmatisme et de dialogue qui a pr\u00e9valu jusqu\u2019ici dans le secteur.<\/p>\n<p><\/a><\/p>\n<p>\t<a href=\"http:\/\/www.lyonpoleimmo.com\/2025\/09\/08\/92059\/grigny-sur-rhone-debut-des-travaux-de-reamenagement-du-coeur-de-ville\/\" rel=\"bookmark noopener\" title=\"Lien Permanent vers Grigny-sur-Rh\u00f4ne : d\u00e9but des travaux de r\u00e9am\u00e9nagement du c\u0153ur de ville\" target=\"_blank\">Grigny-sur-Rh\u00f4ne : d\u00e9but des travaux de r\u00e9am\u00e9nagement du c\u0153ur de ville<\/a><\/p>\n<p>\t<a href=\"http:\/\/www.lyonpoleimmo.com\/2025\/09\/08\/92059\/grigny-sur-rhone-debut-des-travaux-de-reamenagement-du-coeur-de-ville\/\" rel=\"bookmark noopener\" title=\"Lien Permanent vers Grigny-sur-Rh\u00f4ne : d\u00e9but des travaux de r\u00e9am\u00e9nagement du c\u0153ur de ville\" target=\"_blank\"><\/p>\n<p><img decoding=\"async\" src=\"https:\/\/www.europesays.com\/fr\/wp-content\/uploads\/2025\/09\/grigny-reamenagement1.jpg\" alt=\"null\" \/>La M\u00e9tropole de Lyon r\u00e9alise \u00e0 partir de mi-septembre le r\u00e9am\u00e9nagement de la centralit\u00e9 historique, la place Jean Jaur\u00e8s. Une r\u00e9union publique de pr\u00e9sentation des travaux est organis\u00e9e ce mercredi.<\/p>\n<p><\/a><\/p>\n<p>\t<a href=\"http:\/\/www.lyonpoleimmo.com\/2025\/09\/04\/92012\/lenquete-publique-du-scot-demarre-le-15-septembre\/\" rel=\"bookmark noopener\" title=\"Lien Permanent vers L\u2019enqu\u00eate publique du SCOT d\u00e9marre le 15 septembre\" target=\"_blank\">L\u2019enqu\u00eate publique du SCOT d\u00e9marre le 15 septembre<\/a><\/p>\n<p>\t<a href=\"http:\/\/www.lyonpoleimmo.com\/2025\/09\/04\/92012\/lenquete-publique-du-scot-demarre-le-15-septembre\/\" rel=\"bookmark noopener\" title=\"Lien Permanent vers L\u2019enqu\u00eate publique du SCOT d\u00e9marre le 15 septembre\" target=\"_blank\"><\/p>\n<p>Les habitants de l\u2019agglom\u00e9ration lyonnaise sont invit\u00e9s \u00e0 participer \u00e0 l\u2019enqu\u00eate publique sur le projet de r\u00e9vision du sch\u00e9ma de coh\u00e9rence territoriale (SCOT) port\u00e9 par le SEPAL.<\/p>\n<p><\/a><\/p>\n<p>\t<a href=\"http:\/\/www.lyonpoleimmo.com\/2025\/08\/28\/91912\/thierry-bussy-devient-president-de-la-fnsafer\/\" rel=\"bookmark noopener\" title=\"Lien Permanent vers Thierry Bussy devient pr\u00e9sident de la FNSAFER\" target=\"_blank\">Thierry Bussy devient pr\u00e9sident de la FNSAFER<\/a><\/p>\n<p>\t<a href=\"http:\/\/www.lyonpoleimmo.com\/2025\/08\/28\/91912\/thierry-bussy-devient-president-de-la-fnsafer\/\" rel=\"bookmark noopener\" title=\"Lien Permanent vers Thierry Bussy devient pr\u00e9sident de la FNSAFER\" target=\"_blank\"><\/p>\n<p>Le conseil d\u2019administration de l\u2019organisation a \u00e9lu son nouveau pr\u00e9sident. Gilles Flandin, pr\u00e9sident de la SAFER AuRA, a \u00e9t\u00e9 d\u00e9sign\u00e9 secr\u00e9taire g\u00e9n\u00e9ral.<\/p>\n<p><\/a><\/p>\n<p>\t<a href=\"http:\/\/www.lyonpoleimmo.com\/2025\/08\/24\/91874\/lyon-8-un-nouveau-plan-de-circulation-mis-en-place-des-le-30-aout\/\" rel=\"bookmark noopener\" title=\"Lien Permanent vers Lyon 8 : un nouveau plan de circulation mis en place d\u00e8s le 30 ao\u00fbt\" target=\"_blank\">Lyon 8 : un nouveau plan de circulation mis en place d\u00e8s le 30 ao\u00fbt<\/a><\/p>\n<p>\t<a href=\"http:\/\/www.lyonpoleimmo.com\/2025\/08\/24\/91874\/lyon-8-un-nouveau-plan-de-circulation-mis-en-place-des-le-30-aout\/\" rel=\"bookmark noopener\" title=\"Lien Permanent vers Lyon 8 : un nouveau plan de circulation mis en place d\u00e8s le 30 ao\u00fbt\" target=\"_blank\"><\/p>\n<p><img decoding=\"async\" src=\"https:\/\/www.europesays.com\/fr\/wp-content\/uploads\/2025\/08\/plan-circulation-Lyon8.jpg\" \/>La premi\u00e8re phase d\u2019am\u00e9nagement de la rue du Premier Film et de l\u2019avenue des Fr\u00e8res Lumi\u00e8re entre la place Ambroise Courtois et la rue Saint-Maurice sera termin\u00e9e \u00e0 la fin du mois d\u2019ao\u00fbt.<\/p>\n<p><\/a><\/p>\n","protected":false},"excerpt":{"rendered":"La place des martyrs de la R\u00e9sistance (SdH\/LPI) La r\u00e9novation de la place des Martyrs de la R\u00e9sistance,&hellip;\n","protected":false},"author":2,"featured_media":541496,"comment_status":"","ping_status":"","sticky":false,"template":"","format":"standard","meta":{"footnotes":""},"categories":[1889],"tags":[5265,1111,11,2430,1777,674,1011,27,2428,12,25,1352],"class_list":{"0":"post-541495","1":"post","2":"type-post","3":"status-publish","4":"format-standard","5":"has-post-thumbnail","7":"category-lyon","8":"tag-abonnes","9":"tag-actu","10":"tag-actualites","11":"tag-auvergne-rhone-alpes","12":"tag-eu","13":"tag-europe","14":"tag-fr","15":"tag-france","16":"tag-lyon","17":"tag-news","18":"tag-republique-francaise","19":"tag-urbanisme"},"share_on_mastodon":{"url":"https:\/\/pubeurope.com\/@fr\/115568204938265112","error":""},"_links":{"self":[{"href":"https:\/\/www.europesays.com\/fr\/wp-json\/wp\/v2\/posts\/541495","targetHints":{"allow":["GET"]}}],"collection":[{"href":"https:\/\/www.europesays.com\/fr\/wp-json\/wp\/v2\/posts"}],"about":[{"href":"https:\/\/www.europesays.com\/fr\/wp-json\/wp\/v2\/types\/post"}],"author":[{"embeddable":true,"href":"https:\/\/www.europesays.com\/fr\/wp-json\/wp\/v2\/users\/2"}],"replies":[{"embeddable":true,"href":"https:\/\/www.europesays.com\/fr\/wp-json\/wp\/v2\/comments?post=541495"}],"version-history":[{"count":0,"href":"https:\/\/www.europesays.com\/fr\/wp-json\/wp\/v2\/posts\/541495\/revisions"}],"wp:featuredmedia":[{"embeddable":true,"href":"https:\/\/www.europesays.com\/fr\/wp-json\/wp\/v2\/media\/541496"}],"wp:attachment":[{"href":"https:\/\/www.europesays.com\/fr\/wp-json\/wp\/v2\/media?parent=541495"}],"wp:term":[{"taxonomy":"category","embeddable":true,"href":"https:\/\/www.europesays.com\/fr\/wp-json\/wp\/v2\/categories?post=541495"},{"taxonomy":"post_tag","embeddable":true,"href":"https:\/\/www.europesays.com\/fr\/wp-json\/wp\/v2\/tags?post=541495"}],"curies":[{"name":"wp","href":"https:\/\/api.w.org\/{rel}","templated":true}]}}