{"id":541501,"date":"2025-11-18T01:57:12","date_gmt":"2025-11-18T01:57:12","guid":{"rendered":"https:\/\/www.europesays.com\/fr\/541501\/"},"modified":"2025-11-18T01:57:12","modified_gmt":"2025-11-18T01:57:12","slug":"263me-contre-440me-les-sommes-folles-dans-le-bras-de-fer-aux-prudhommes","status":"publish","type":"post","link":"https:\/\/www.europesays.com\/fr\/541501\/","title":{"rendered":"263M\u20ac contre 440M\u20ac, les sommes folles dans le bras de fer aux Prud\u2019hommes"},"content":{"rendered":"<p>\n    L\u2019attaquant et le club ont camp\u00e9 sur leurs positions ce lundi, devant le conseil des Prud\u2019hommes de Paris.<\/p>\n<p class=\"fig-paragraph\">Le Paris-SG a r\u00e9clam\u00e9 lundi un total de 440 millions d\u2019euros \u00e0 Kylian Mbapp\u00e9 pour solder le litige qui l\u2019oppose \u00e0 son ex-joueur, selon des chiffres pr\u00e9cis\u00e9s par les deux parties \u00e0 l\u2019issue de l\u2019audience devant les prud\u2019hommes de Paris. De son c\u00f4t\u00e9, le capitaine des Bleus a demand\u00e9 par la voix de ses avocats quelque 263 millions d\u2019euros \u00e0 son ancien club, selon l\u2019entourage de l\u2019attaquant fran\u00e7ais. La d\u00e9cision du conseil de prud\u2019hommes sera prononc\u00e9e le 16 d\u00e9cembre.<\/p>\n<p class=\"fig-paragraph\">Tr\u00e8s attendue,\u00a0<a href=\"http:\/\/www.lefigaro.fr\/sports\/football\/ligue-1\/conflit-mbappe-psg-l-heure-de-la-grande-explication-aux-prud-hommes-20251117\" data-fig-type=\"NewsFlash\" data-gtm-custom-categorie=\"navigation\" data-gtm-custom-action=\"crossclick\" data-gtm-custom-label=\"Contextuel\" data-gtm-event=\"customEventSPE\" data-fig-domain=\"LEFIGARO\" rel=\"nofollow noopener\" target=\"_blank\">cette audience opposant le club champion d\u2019Europe et la star du Real Madrid<\/a>\u00a0a donn\u00e9 lieu \u00e0 l\u2019\u00e9num\u00e9ration de sommes folles dans la salle du conseil de prud\u2019hommes de la capitale, peu habitu\u00e9e \u00e0 des dossiers aussi m\u00e9diatiques. Au point que la confusion s\u2019est invit\u00e9e dans les rangs du public comme de la presse.<\/p>\n<p>                                    <a class=\"fig-a11y-skip a11y-hidden\" href=\"#fig-a11y-skip-main-inarticle\"><br \/>\n        Passer la publicit\u00e9<br \/>\n    <\/a><\/p>\n<p>400 millions d\u2019euros, pas 240<\/p>\n<p class=\"fig-paragraph\">\u00abC\u2019est bien 440 millions que l\u2019on demande\u00bb, a pr\u00e9cis\u00e9 \u00e0 l\u2019AFP en sortant de l\u2019audience Me Renaud Semerdjian, l\u2019un des sept conseils du club parisien, alors que le chiffre de 240 millions \u00e9tait annonc\u00e9 un peu plus t\u00f4t. \u00abVingt millions de pr\u00e9judice \u00e0 l\u2019image, 60 millions pour mauvaise foi dans l\u2019ex\u00e9cution d\u2019un accord dat\u00e9 d\u2019ao\u00fbt 2023, 180 millions pour la dissimulation de cet accord et 180 millions de perte de chance pour transf\u00e9rer le joueur\u00bb, a-t-il d\u00e9taill\u00e9, soit un total de 440 millions d\u2019euros demand\u00e9s par le club de la capitale \u00e0 son ancien salari\u00e9.<\/p>\n<p class=\"fig-paragraph\">L\u2019\u00e9norme marge de 200 millions s\u2019explique notamment par le caract\u00e8re cumulatif des deux sommes de 180 millions r\u00e9clam\u00e9es par le club. Au sein m\u00eame du PSG, certaines sources avan\u00e7aient un peu plus t\u00f4t que ces deux sommes ne pouvaient s\u2019additionner. Me Fr\u00e9d\u00e9ric Cassereau, l\u2019un des cinq avocats de Kylian Mbapp\u00e9, a confirm\u00e9 que le PSG r\u00e9clamait bien 440 millions d\u2019euros.<\/p>\n<p>Mise \u00e0 l\u2019\u00e9cart&#8230; et r\u00e9int\u00e9gration<\/p>\n<p class=\"fig-paragraph\">Le litige empoisonne depuis longtemps les relations entre la star et son ancien club.\u00a0<a href=\"http:\/\/www.lefigaro.fr\/sports\/football\/transferts\/psg-non-convoque-pour-la-tournee-au-japon-mbappe-est-a-vendre-20230721\" data-fig-type=\"NewsFlash\" data-gtm-custom-categorie=\"navigation\" data-gtm-custom-action=\"crossclick\" data-gtm-custom-label=\"Contextuel\" data-gtm-event=\"customEventSPE\" data-fig-domain=\"LEFIGARO\" rel=\"nofollow noopener\" target=\"_blank\">L\u2019attaquant avait \u00e9t\u00e9 mis \u00e0 l\u2019\u00e9cart du groupe professionnel au d\u00e9but de la saison 2023-24<\/a>\u00a0par le PSG car il voulait aller au terme de son contrat &#8211; qui arrivait \u00e0 \u00e9ch\u00e9ance \u00e0 l\u2019\u00e9t\u00e9 2024 &#8211; sans le prolonger. Un choix qui privait le club parisien d\u2019une juteuse indemnit\u00e9 de transfert.\u00a0<a href=\"http:\/\/www.lefigaro.fr\/sports\/football\/ligue-1\/psg-tete-a-tete-projet-investisseurs-mbappe-recit-d-un-revirement-spectaculaire-20230814\" data-fig-type=\"NewsFlash\" data-gtm-custom-categorie=\"navigation\" data-gtm-custom-action=\"crossclick\" data-gtm-custom-label=\"Contextuel\" data-gtm-event=\"customEventSPE\" data-fig-domain=\"LEFIGARO\" rel=\"nofollow noopener\" target=\"_blank\">Mbapp\u00e9 avait finalement \u00e9t\u00e9 r\u00e9int\u00e9gr\u00e9 apr\u00e8s la premi\u00e8re journ\u00e9e du championnat<\/a>. Le PSG assure que cette r\u00e9int\u00e9gration s\u2019est faite au terme d\u2019un accord entre les deux parties stipulant que le joueur devait abandonner une partie des sommes dues \u00e0 la fin de son contrat pour pr\u00e9server la sant\u00e9 financi\u00e8re du club. Un \u00abfantasme\u00bb, selon le camp Mbapp\u00e9.<\/p>\n<p class=\"fig-paragraph\">Le capitaine des Bleus, qui a finalement rejoint libre le Real \u00e0 l\u2019\u00e9t\u00e9 2024, affirme, lui, qu\u2019aucun accord pour renoncer \u00e0 ses salaires n\u2019a exist\u00e9 entre lui et le club, selon son entourage. Et voil\u00e0 plus d\u2019un an que le buteur des Bleus r\u00e9clame les sommes dues selon lui par son ancien club.<\/p>\n<p>Requalification de son contrat et harc\u00e8lement moral<\/p>\n<p class=\"fig-paragraph\">Un total que\u00a0<a href=\"http:\/\/www.lefigaro.fr\/sports\/football\/ligue-1\/conflit-mbappe-psg-salaires-et-conges-harcelement-licenciement-le-detail-des-263-m-reclames-par-le-joueur-20251117\" data-fig-type=\"NewsFlash\" data-gtm-custom-categorie=\"navigation\" data-gtm-custom-action=\"crossclick\" data-gtm-custom-label=\"Contextuel\" data-gtm-event=\"customEventSPE\" data-fig-domain=\"LEFIGARO\" rel=\"nofollow noopener\" target=\"_blank\">ses conseils ont chiffr\u00e9 lundi \u00e0 263 millions d\u2019euros<\/a>, correspondant notamment \u00e0 la requalification de son contrat de CDD en CDI, \u00e0 la reconnaissance du harc\u00e8lement moral qu\u2019il estime avoir subi \u00e0 la fin de son contrat ou encore \u00e0 des rappels de salaires et de cong\u00e9s pour les mois d\u2019avril \u00e0 juin 2024.<\/p>\n<p>                                    <a class=\"fig-a11y-skip a11y-hidden\" href=\"#fig-a11y-skip-main-inarticle_mtf\"><br \/>\n        Passer la publicit\u00e9<br \/>\n    <\/a><\/p>\n<p class=\"fig-paragraph\"><strong>\u00c0 VOIR AUSSI &#8211; <\/strong>Buts, troph\u00e9es remport\u00e9s&#8230; Les chiffres marquants du passage de Mbapp\u00e9 au PSG (2017-24)<\/p>\n","protected":false},"excerpt":{"rendered":"L\u2019attaquant et le club ont camp\u00e9 sur leurs positions ce lundi, devant le conseil des Prud\u2019hommes de Paris.&hellip;\n","protected":false},"author":2,"featured_media":541502,"comment_status":"","ping_status":"","sticky":false,"template":"","format":"standard","meta":{"footnotes":""},"categories":[1888],"tags":[1111,1928,11,1927,1777,674,1011,27,6477,11486,12,1926,626,1925,93,25],"class_list":{"0":"post-541501","1":"post","2":"type-post","3":"status-publish","4":"format-standard","5":"has-post-thumbnail","7":"category-paris","8":"tag-actu","9":"tag-actu-paris","10":"tag-actualites","11":"tag-actualites-paris","12":"tag-eu","13":"tag-europe","14":"tag-fr","15":"tag-france","16":"tag-kylian-mbappe","17":"tag-nasser-al-khelaifi","18":"tag-news","19":"tag-news-paris","20":"tag-paris","21":"tag-paris-news","22":"tag-psg","23":"tag-republique-francaise"},"share_on_mastodon":{"url":"https:\/\/pubeurope.com\/@fr\/115568223395882799","error":""},"_links":{"self":[{"href":"https:\/\/www.europesays.com\/fr\/wp-json\/wp\/v2\/posts\/541501","targetHints":{"allow":["GET"]}}],"collection":[{"href":"https:\/\/www.europesays.com\/fr\/wp-json\/wp\/v2\/posts"}],"about":[{"href":"https:\/\/www.europesays.com\/fr\/wp-json\/wp\/v2\/types\/post"}],"author":[{"embeddable":true,"href":"https:\/\/www.europesays.com\/fr\/wp-json\/wp\/v2\/users\/2"}],"replies":[{"embeddable":true,"href":"https:\/\/www.europesays.com\/fr\/wp-json\/wp\/v2\/comments?post=541501"}],"version-history":[{"count":0,"href":"https:\/\/www.europesays.com\/fr\/wp-json\/wp\/v2\/posts\/541501\/revisions"}],"wp:featuredmedia":[{"embeddable":true,"href":"https:\/\/www.europesays.com\/fr\/wp-json\/wp\/v2\/media\/541502"}],"wp:attachment":[{"href":"https:\/\/www.europesays.com\/fr\/wp-json\/wp\/v2\/media?parent=541501"}],"wp:term":[{"taxonomy":"category","embeddable":true,"href":"https:\/\/www.europesays.com\/fr\/wp-json\/wp\/v2\/categories?post=541501"},{"taxonomy":"post_tag","embeddable":true,"href":"https:\/\/www.europesays.com\/fr\/wp-json\/wp\/v2\/tags?post=541501"}],"curies":[{"name":"wp","href":"https:\/\/api.w.org\/{rel}","templated":true}]}}