{"id":541505,"date":"2025-11-18T01:59:15","date_gmt":"2025-11-18T01:59:15","guid":{"rendered":"https:\/\/www.europesays.com\/fr\/541505\/"},"modified":"2025-11-18T01:59:15","modified_gmt":"2025-11-18T01:59:15","slug":"11-400-m%c2%b2-de-magie","status":"publish","type":"post","link":"https:\/\/www.europesays.com\/fr\/541505\/","title":{"rendered":"11 400 m\u00b2 de magie"},"content":{"rendered":"<p>\t\t\t\t\t\t\t\t\t\t\t\t\t\t\t\t\t\t\t\t\t\t<img loading=\"lazy\" decoding=\"async\" src=\"data:image\/svg+xml,%3Csvg%20xmlns=\" http:=\"\" class=\"img-fluid\" alt=\"retour du Festival du Merveilleux Mus\u00e9e des Arts Forains Paris 2025 2026 dates\" width=\"1024\" height=\"683\" data-lazy-src=\"https:\/\/www.europesays.com\/fr\/wp-content\/uploads\/2025\/11\/COUV-ARTICLES-1620x1080-24-1024x683.jpg\"\/><\/p>\n<p>    Save<\/p>\n<p class=\"p1\">Dans la ville Lumi\u00e8re, il existe un mus\u00e9e-spectacle \u00e0 la splendeur \u00e0 nul autre pareil : <a href=\"https:\/\/parissecret.com\/musee-des-arts-forains-paris-insolite\/\" rel=\"follow noopener\" target=\"_self\" class=\"shortcode-outbound-link\" data-has-ga=\"true\" data-ga-type=\"click\" data-label=\"https:\/\/parissecret.com\/musee-des-arts-forains-paris-insolite\/\" data-action=\"text_cta_0\" data-category=\"click_internal\"><strong>Le Mus\u00e9e des Arts Forains<\/strong><\/a>. Un Mus\u00e9e<strong> <a href=\"https:\/\/parissecret.com\/illuminations-noel-champs-elysees-paris-spectacle-son-et-lumiere\/\" rel=\"follow noopener\" target=\"_self\" class=\"shortcode-outbound-link\" data-has-ga=\"true\" data-ga-type=\"click\" data-label=\"https:\/\/parissecret.com\/illuminations-noel-champs-elysees-paris-spectacle-son-et-lumiere\/\" data-action=\"text_cta_1\" data-category=\"click_internal\">illumin\u00e9<\/a><\/strong> <strong>de 11 400 m2<\/strong>, qui plonge litt\u00e9ralement les visiteurs dans une<strong> f\u00eate foraine fa\u00e7on Belle \u00c9poque,<\/strong> faisant de lui l\u2019un des plus beaux mus\u00e9es du monde. Ici, petits et grands peuvent m\u00eame d\u00e9couvrir des attractions centenaires et un <strong>authentique man\u00e8ge v\u00e9locip\u00e8de de 1897,<\/strong> encore en \u00e9tat de marche. Et l\u2019un des \u00e9v\u00e8nements annuels incontournables du Mus\u00e9e des Arts Forains \u2013 Les Pavillons de Bercy est bien-s\u00fbr <strong>le Festival du Merveilleux,<\/strong> pr\u00eat \u00e0 enchanter nos ch\u00e8res t\u00eates blondes \u00e0 l\u2019or\u00e9e des f\u00eates de fin d\u2019ann\u00e9e. Mais que nous r\u00e9serve cette nouvelle \u00e9dition ?<\/p>\n<p> <strong>Le Festival du Merveilleux : 10 jours de f\u00e9\u00e9rie en plein coeur de Paris<\/strong> <\/p>\n<p><img fetchpriority=\"high\" decoding=\"async\" class=\"aligncenter size-large wp-image-215172\" src=\"data:image\/svg+xml,%3Csvg%20xmlns=\" http:=\"\" alt=\"retour du Festival du Merveilleux Mus\u00e9e des Arts Forains Paris 2025 2026\" width=\"1024\" height=\"683\" data-lazy- data-lazy- data-lazy-src=\"https:\/\/www.europesays.com\/fr\/wp-content\/uploads\/2025\/11\/COUV-ARTICLES-1620x1080-25-1024x683.jpg\"\/><\/p>\n<p class=\"p1\"><strong>Le Festival du Merveilleux<\/strong>, c\u2019est l\u2019\u00e9v\u00e8nement qui m\u00e9tamorphose le Mus\u00e9e des Arts Forains en un v\u00e9ritable <strong>th\u00e9\u00e2tre des merveilles pour No\u00ebl.<\/strong> Depuis 2009, ce festival f\u00e9\u00e9rique attire les foules, des amoureux d\u2019insolite aux amateurs de spectacles vivants. Automates, man\u00e8ges anciens, d\u00e9corations lumineuses\u2026 Tout est pens\u00e9 pour vivre une parenth\u00e8se extraordinaire, du jardin po\u00e9tique au th\u00e9\u00e2tre, <strong>jusqu\u2019aux Salons V\u00e9nitiens.<\/strong><\/p>\n<p> <strong>\u00c0 quoi s\u2019attendre cette ann\u00e9e ?<\/strong> <\/p>\n<p><img loading=\"lazy\" decoding=\"async\" class=\"aligncenter size-large wp-image-215174\" src=\"data:image\/svg+xml,%3Csvg%20xmlns=\" http:=\"\" alt=\"retour du Festival du Merveilleux Mus\u00e9e des Arts Forains Paris 2025 2026\" width=\"1024\" height=\"683\" data-lazy- data-lazy- data-lazy-src=\"https:\/\/www.europesays.com\/fr\/wp-content\/uploads\/2025\/11\/3-5-1024x683.jpg\"\/><\/p>\n<p class=\"p1\">Le Mus\u00e9e des Art Forains est d\u00e9j\u00e0 un mus\u00e9e hors-norme \u00e0 lui tout seul. Et \u00e0 l\u2019occasion du Festival du Merveilleux, <strong>toutes les salles du mus\u00e9e seront accessibles sans visite guid\u00e9e,<\/strong> pendant une dizaine de jours. Petits et grands pourront d\u00e9ambuler librement dans les pi\u00e8ces, se laisser surprendre \u00e0 chaque recoin et vivre la f\u00e9\u00e9rie de No\u00ebl \u00e0 leur rythme. Cette ann\u00e9e encore, de nombreux spectacles feront vivre le festival, en pr\u00e9sence de <strong>conteurs, de danseurs a\u00e9riens, d\u2019acrobates, de musiciens ou de marionnettistes.<\/strong><\/p>\n<p class=\"p1\">Le jardin du Mus\u00e9e se parera aussi de ses splendides d\u00e9corations et illuminations de No\u00ebl, pour prolonger la magie en ext\u00e9rieur. Un v\u00e9ritable<strong> jardin d\u2019Eden illumin\u00e9<\/strong>, o\u00f9 se restaurer avec des d\u00e9lices qui r\u00e9chauffent les coeurs\u2026 et m\u00eame s\u2019offrir une barbe \u00e0 papa rose bonbon pour retomber en enfance. Le plus ? Les visiteurs pourront aussi <strong>monter \u00e0 bord de man\u00e8ges anciens<\/strong>, ouverts sp\u00e9cialement pour l\u2019occasion. Chevaux de bois, man\u00e8ge de gondole, course de chevaux\u2026 Le plus dur sera sans doute de faire votre choix.<\/p>\n<p class=\"p1\"><strong>En bref :<\/strong> un doux m\u00e9lange de magie de No\u00ebl, de nostalgie et d\u2019\u00e9merveillement, sur 11 400 m2. Une balade familiale id\u00e9ale \u00e0 l\u2019aube des f\u00eates de fin d\u2019ann\u00e9e.<\/p>\n<p class=\"p1\"><strong>Informations pratiques :<\/strong><\/p>\n<ul class=\"ul1\">\n<li class=\"li3\">\ud83d\udcc5 <b>Dates<\/b> : Du 26 d\u00e9cembre 2025 au 4 janvier 2026<\/li>\n<li class=\"li3\">\ud83d\udd59 <b>Horaires<\/b> : De 10h00 \u00e0 18h00 (derni\u00e8re entr\u00e9e 17h30) Pr\u00e9voir au minimum 1h30 sur place.<\/li>\n<li class=\"li3\">\ud83d\udccd <b>Adresse<\/b> : 53 avenue des Terroirs de France, 75012 Paris<\/li>\n<li class=\"li3\">\ud83d\udcb6 <b>Tarifs<\/b> : Adultes 22 \u20ac, jeunes (12\u201117 ans \/ \u00e9tudiants) 18 \u20ac, enfants 3\u201111 ans 14 \u20ac, gratuit moins de 3 ans <\/li>\n<li class=\"li3\">\ud83c\udf9f\ufe0f <b>Billetterie<\/b> : <a href=\"https:\/\/arts-forains.tickeasy.com\/fr-FR\/produits\" rel=\"nofollow noopener\" target=\"_blank\" class=\"shortcode-outbound-link\" data-has-ga=\"true\" data-ga-type=\"click\" data-label=\"https:\/\/arts-forains.tickeasy.com\/fr-FR\/produits\" data-action=\"text_cta_2\" data-category=\"click_non_sales\"><strong>R\u00e9servation en ligne<\/strong><\/a><\/li>\n<\/ul>\n","protected":false},"excerpt":{"rendered":"Save Dans la ville Lumi\u00e8re, il existe un mus\u00e9e-spectacle \u00e0 la splendeur \u00e0 nul autre pareil : Le&hellip;\n","protected":false},"author":2,"featured_media":541506,"comment_status":"","ping_status":"","sticky":false,"template":"","format":"standard","meta":{"footnotes":""},"categories":[1888],"tags":[11,1777,674,1011,27,12,15830,39117,626,25],"class_list":{"0":"post-541505","1":"post","2":"type-post","3":"status-publish","4":"format-standard","5":"has-post-thumbnail","7":"category-paris","8":"tag-actualites","9":"tag-eu","10":"tag-europe","11":"tag-fr","12":"tag-france","13":"tag-news","14":"tag-noel","15":"tag-nouvel-an","16":"tag-paris","17":"tag-republique-francaise"},"share_on_mastodon":{"url":"https:\/\/pubeurope.com\/@fr\/115568231347984738","error":""},"_links":{"self":[{"href":"https:\/\/www.europesays.com\/fr\/wp-json\/wp\/v2\/posts\/541505","targetHints":{"allow":["GET"]}}],"collection":[{"href":"https:\/\/www.europesays.com\/fr\/wp-json\/wp\/v2\/posts"}],"about":[{"href":"https:\/\/www.europesays.com\/fr\/wp-json\/wp\/v2\/types\/post"}],"author":[{"embeddable":true,"href":"https:\/\/www.europesays.com\/fr\/wp-json\/wp\/v2\/users\/2"}],"replies":[{"embeddable":true,"href":"https:\/\/www.europesays.com\/fr\/wp-json\/wp\/v2\/comments?post=541505"}],"version-history":[{"count":0,"href":"https:\/\/www.europesays.com\/fr\/wp-json\/wp\/v2\/posts\/541505\/revisions"}],"wp:featuredmedia":[{"embeddable":true,"href":"https:\/\/www.europesays.com\/fr\/wp-json\/wp\/v2\/media\/541506"}],"wp:attachment":[{"href":"https:\/\/www.europesays.com\/fr\/wp-json\/wp\/v2\/media?parent=541505"}],"wp:term":[{"taxonomy":"category","embeddable":true,"href":"https:\/\/www.europesays.com\/fr\/wp-json\/wp\/v2\/categories?post=541505"},{"taxonomy":"post_tag","embeddable":true,"href":"https:\/\/www.europesays.com\/fr\/wp-json\/wp\/v2\/tags?post=541505"}],"curies":[{"name":"wp","href":"https:\/\/api.w.org\/{rel}","templated":true}]}}