{"id":541509,"date":"2025-11-18T02:02:12","date_gmt":"2025-11-18T02:02:12","guid":{"rendered":"https:\/\/www.europesays.com\/fr\/541509\/"},"modified":"2025-11-18T02:02:12","modified_gmt":"2025-11-18T02:02:12","slug":"le-rude-parcours-dun-nord-coreen-envoye-au-travail-sur-un-chantier-russe-avant-de-fuir-en-coree-du-sud","status":"publish","type":"post","link":"https:\/\/www.europesays.com\/fr\/541509\/","title":{"rendered":"Le rude parcours d&rsquo;un Nord-Cor\u00e9en, envoy\u00e9 au travail sur un chantier russe avant de fuir en Cor\u00e9e du Sud"},"content":{"rendered":"<p>\n                                                La Russie fait de plus en plus appel aux travailleurs nord-cor\u00e9ens. Depuis plusieurs ann\u00e9es, et notamment depuis le d\u00e9but de la guerre en Ukraine, le r\u00e9gime nord-cor\u00e9en envoie ses bras travailler de l&rsquo;autre c\u00f4t\u00e9 de sa fronti\u00e8re, en Russie, pour financer son programme nucl\u00e9aire. Un travail dans des conditions extr\u00eamement difficiles, comme le racontent les Nord-Cor\u00e9ens qui se sont \u00e9chapp\u00e9s des chantiers russes.                    <\/p>\n<p>De notre correspondant en Cor\u00e9e du Sud,<\/p>\n<p>Ses mains ab\u00eem\u00e9es par le travail trahissent ses ann\u00e9es pass\u00e9es sur les chantiers moscovites. Militaire du programme nucl\u00e9aire nord-cor\u00e9en, Lee Eun-pyeong, a \u00e9t\u00e9 envoy\u00e9 travailler en <a href=\"https:\/\/www.rfi.fr\/fr\/tag\/russie\/\" target=\"_self\" rel=\"nofollow noopener\"><strong>Russie<\/strong><\/a> avant de faire d\u00e9fection vers la <a href=\"https:\/\/www.rfi.fr\/fr\/tag\/cor\u00e9e-du-sud\/\" target=\"_self\" rel=\"nofollow noopener\"><strong>Cor\u00e9e du Sud<\/strong><\/a>, d&rsquo;o\u00f9 il partage son histoire.<\/p>\n<p>\u00ab\u00a0Le r\u00e9gime manquait d&rsquo;argent, alors il a d\u00e9cid\u00e9 d&rsquo;envoyer des soldats \u00e0 l&rsquo;\u00e9tranger, d\u00e9guis\u00e9s en travailleurs civils, pour gagner de l&rsquo;argent et financer la construction nucl\u00e9aire. J&rsquo;ai \u00e9t\u00e9 choisi d\u00e8s 2014 pour ma loyaut\u00e9 et mes ant\u00e9c\u00e9dents familiaux. J&rsquo;ai ensuite \u00e9t\u00e9 form\u00e9 et je ne suis arriv\u00e9 en Russie qu&rsquo;en 2017\u00a0\u00bb, explique Lee Eun-pyeong.<\/p>\n<p>Envoy\u00e9 depuis la <strong><a href=\"https:\/\/www.rfi.fr\/fr\/tag\/cor\u00e9e-du-nord\/\" target=\"_self\" rel=\"nofollow noopener\">Cor\u00e9e du Nord<\/a><\/strong> en tant que militaire, puis sous couvert d&rsquo;un faux visa \u00e9tudiant, Lee Eun-pyeong travaillait \u00e0 un rythme stakhanoviste sur des chantiers en banlieue de Moscou. \u00ab\u00a0R\u00e9veil \u00e0 7h, travail de 8h \u00e0 minuit, parfois jusqu&rsquo;\u00e0 2 ou 3h du matin si le quota n&rsquo;\u00e9tait pas rempli. Impossible de dormir si les t\u00e2ches n&rsquo;\u00e9taient pas accomplies. Nous dormions et mangions dans des conteneurs. Pas d&rsquo;eau chaude pour se laver, seulement de l&rsquo;eau glac\u00e9e dans le climat russe\u00a0\u00bb, poursuit-il.<\/p>\n<p class=\"a-read-more\">\u00c0 lire aussi<a href=\"https:\/\/www.rfi.fr\/fr\/monde\/20250209-des-milliers-de-travailleurs-nord-cor\u00e9ens-envoy\u00e9s-en-russie-en-violation-des-sanctions-de-l-onu\" target=\"_self\" class=\"a-read-more__link\" rel=\"nofollow noopener\">Des milliers de travailleurs nord-cor\u00e9ens envoy\u00e9s en Russie, en violation des sanctions de l&rsquo;ONU<\/a><\/p>\n<p>Si les ouvriers nord-cor\u00e9ens sont bien pay\u00e9s\u00a0\u2013\u00a01\u00a0650\u20ac en moyenne, soit\u00a0bien plus que les autres travailleurs \u00e9trangers en Russie\u00a0\u2013, le r\u00e9gime confisque la quasi-int\u00e9gralit\u00e9 de leur salaire pour financer son programme militaire. Conditions difficiles, maigre salaire&#8230; C&rsquo;est au contact d&rsquo;autres travailleurs, venus du <a href=\"https:\/\/www.rfi.fr\/fr\/tag\/kazakhstan\/\" target=\"_self\" rel=\"nofollow noopener\"><strong>Kazakhstan<\/strong><\/a> ou d&rsquo;<a href=\"https:\/\/www.rfi.fr\/fr\/tag\/ouzb\u00e9kistan\/\" target=\"_self\" rel=\"nofollow noopener\"><strong>Ouzb\u00e9kistan<\/strong><\/a>, que Lee Eun-pyeong prend une d\u00e9cision radicale.<\/p>\n<p>\u00ab\u00a0Avec le temps, j&rsquo;ai d\u00e9couvert une autre r\u00e9alit\u00e9 gr\u00e2ce aux t\u00e9l\u00e9phones portables que des \u00e9trangers nous montraient. J&rsquo;ai vu des voitures sud-cor\u00e9ennes, des t\u00e9l\u00e9phones sud-cor\u00e9ens, et surtout, des vid\u00e9os et t\u00e9moignages sur internet. Tout contredisait l&rsquo;image n\u00e9gative de la Cor\u00e9e du Sud qu&rsquo;on m&rsquo;avait inculqu\u00e9e. J&rsquo;ai compris que j&rsquo;avais \u00e9t\u00e9 tromp\u00e9, que la libert\u00e9 existait ailleurs\u00a0\u00bb, affirme-t-il.<\/p>\n<p>Une \u00e9vasion des chantiers russes difficile et dangereuse. Il nous raconte son p\u00e9riple\u00a0: \u00ab\u00a0La s\u00e9curit\u00e9 nord-cor\u00e9enne a lanc\u00e9 une traque\u00a0: des agents du minist\u00e8re de la S\u00e9curit\u00e9 d&rsquo;\u00c9tat et m\u00eame la mafia russe nous cherchaient. J&rsquo;ai \u00e9t\u00e9 captur\u00e9, menac\u00e9 avec un couteau, mais j&rsquo;ai r\u00e9ussi \u00e0 m&rsquo;en sortir. Finalement, un pasteur sud-cor\u00e9en en Russie m&rsquo;a cach\u00e9 dans une \u00e9glise pendant plusieurs mois. En mars 2021, apr\u00e8s neuf mois de fuite et de cachettes, j&rsquo;ai pu entrer en Cor\u00e9e du Sud.\u00a0\u00bb<\/p>\n<p>Aujourd&rsquo;hui, au moins 15\u00a0000 Nord-Cor\u00e9ens travailleraient en Russie. Un nombre qui devrait augmenter \u00e0 mesure que les deux pays se rapprochent au travers de leur alliance militaire sign\u00e9e en 2024.<\/p>\n","protected":false},"excerpt":{"rendered":"La Russie fait de plus en plus appel aux travailleurs nord-cor\u00e9ens. Depuis plusieurs ann\u00e9es, et notamment depuis le&hellip;\n","protected":false},"author":2,"featured_media":541510,"comment_status":"","ping_status":"","sticky":false,"template":"","format":"standard","meta":{"footnotes":""},"categories":[1591],"tags":[11,1328,13987,5640,1887,12,2436,1885,1886,132],"class_list":{"0":"post-541509","1":"post","2":"type-post","3":"status-publish","4":"format-standard","5":"has-post-thumbnail","7":"category-russie","8":"tag-actualites","9":"tag-asie-pacifique","10":"tag-coree-du-nord","11":"tag-coree-du-sud","12":"tag-federation-de-russie","13":"tag-news","14":"tag-reportage-international","15":"tag-russia","16":"tag-russian-federation","17":"tag-russie"},"share_on_mastodon":{"url":"https:\/\/pubeurope.com\/@fr\/115568243339623124","error":""},"_links":{"self":[{"href":"https:\/\/www.europesays.com\/fr\/wp-json\/wp\/v2\/posts\/541509","targetHints":{"allow":["GET"]}}],"collection":[{"href":"https:\/\/www.europesays.com\/fr\/wp-json\/wp\/v2\/posts"}],"about":[{"href":"https:\/\/www.europesays.com\/fr\/wp-json\/wp\/v2\/types\/post"}],"author":[{"embeddable":true,"href":"https:\/\/www.europesays.com\/fr\/wp-json\/wp\/v2\/users\/2"}],"replies":[{"embeddable":true,"href":"https:\/\/www.europesays.com\/fr\/wp-json\/wp\/v2\/comments?post=541509"}],"version-history":[{"count":0,"href":"https:\/\/www.europesays.com\/fr\/wp-json\/wp\/v2\/posts\/541509\/revisions"}],"wp:featuredmedia":[{"embeddable":true,"href":"https:\/\/www.europesays.com\/fr\/wp-json\/wp\/v2\/media\/541510"}],"wp:attachment":[{"href":"https:\/\/www.europesays.com\/fr\/wp-json\/wp\/v2\/media?parent=541509"}],"wp:term":[{"taxonomy":"category","embeddable":true,"href":"https:\/\/www.europesays.com\/fr\/wp-json\/wp\/v2\/categories?post=541509"},{"taxonomy":"post_tag","embeddable":true,"href":"https:\/\/www.europesays.com\/fr\/wp-json\/wp\/v2\/tags?post=541509"}],"curies":[{"name":"wp","href":"https:\/\/api.w.org\/{rel}","templated":true}]}}