{"id":541511,"date":"2025-11-18T02:03:22","date_gmt":"2025-11-18T02:03:22","guid":{"rendered":"https:\/\/www.europesays.com\/fr\/541511\/"},"modified":"2025-11-18T02:03:22","modified_gmt":"2025-11-18T02:03:22","slug":"a-paris-volodymyr-zelensky-et-emmanuel-macron-signent-un-accord-darmement-historique-liberation","status":"publish","type":"post","link":"https:\/\/www.europesays.com\/fr\/541511\/","title":{"rendered":"\u00e0 Paris, Volodymyr Zelensky et Emmanuel Macron signent un accord d\u2019armement \u00abhistorique\u00bb \u2013 Lib\u00e9ration"},"content":{"rendered":"<p class=\"sc-cPiKLX AiZTS text-element\">Pour la neuvi\u00e8me fois <a href=\"https:\/\/www.liberation.fr\/dossier\/ukraine-la-crise\/\" target=\"_blank\" rel=\"noreferrer noopener\" title=\"https:\/\/www.liberation.fr\/dossier\/ukraine-la-crise\/\">depuis le d\u00e9but de la guerre<\/a> \u00e0 grande \u00e9chelle en <a href=\"https:\/\/www.liberation.fr\/tags\/ukraine\/\" target=\"_blank\" rel=\"noreferrer noopener\" title=\"https:\/\/www.liberation.fr\/tags\/ukraine\/\">Ukraine<\/a>, le drapeau jaune et bleu s\u2019est invit\u00e9 ce lundi 17 novembre dans les salons dor\u00e9s de l\u2019Elys\u00e9e. A l\u2019aube d\u2019un quatri\u00e8me hiver de lutte, <a href=\"https:\/\/www.liberation.fr\/tags\/volodymyr-zelensky\/\" target=\"_blank\" rel=\"noreferrer noopener\" title=\"https:\/\/www.liberation.fr\/tags\/volodymyr-zelensky\/\">Volodymyr Zelensky<\/a> et <a href=\"https:\/\/www.liberation.fr\/tags\/emmanuel-macron\/\" target=\"_blank\" rel=\"noreferrer noopener\" title=\"https:\/\/www.liberation.fr\/tags\/emmanuel-macron\/\">Emmanuel Macron<\/a> ont tent\u00e9 de recoudre, fil par fil et promesse par promesse, la perspective d\u2019une paix robuste et durable que Moscou s\u2019emploie \u00e0 d\u00e9chirer. C\u2019est autour d\u2019un <a href=\"https:\/\/www.liberation.fr\/international\/europe\/macron-et-zelensky-signent-un-accord-pour-lachat-futur-de-100-rafale-20251117_XC475M4FLVC3RD2CQBLD6AIJ4I\/?redirected=1\" target=\"_blank\" rel=\"noopener\" title=\"https:\/\/www.liberation.fr\/international\/europe\/macron-et-zelensky-signent-un-accord-pour-lachat-futur-de-100-rafale-20251117_XC475M4FLVC3RD2CQBLD6AIJ4I\/?redirected=1\">accord d\u2019armement \u00abhistorique\u00bb<\/a> que les deux dirigeants ont rappel\u00e9 leur collaboration bilat\u00e9rale : l\u2019ach<\/p>\n","protected":false},"excerpt":{"rendered":"Pour la neuvi\u00e8me fois depuis le d\u00e9but de la guerre \u00e0 grande \u00e9chelle en Ukraine, le drapeau jaune&hellip;\n","protected":false},"author":2,"featured_media":541512,"comment_status":"","ping_status":"","sticky":false,"template":"","format":"standard","meta":{"footnotes":""},"categories":[1590],"tags":[11,554,1073,1777,674,12,220,297,134],"class_list":{"0":"post-541511","1":"post","2":"type-post","3":"status-publish","4":"format-standard","5":"has-post-thumbnail","7":"category-ukraine","8":"tag-actualites","9":"tag-defense","10":"tag-emmanuel-macron","11":"tag-eu","12":"tag-europe","13":"tag-news","14":"tag-ukraine","15":"tag-ukraine-la-crise","16":"tag-volodymyr-zelensky"},"share_on_mastodon":{"url":"https:\/\/pubeurope.com\/@fr\/115568247252443157","error":""},"_links":{"self":[{"href":"https:\/\/www.europesays.com\/fr\/wp-json\/wp\/v2\/posts\/541511","targetHints":{"allow":["GET"]}}],"collection":[{"href":"https:\/\/www.europesays.com\/fr\/wp-json\/wp\/v2\/posts"}],"about":[{"href":"https:\/\/www.europesays.com\/fr\/wp-json\/wp\/v2\/types\/post"}],"author":[{"embeddable":true,"href":"https:\/\/www.europesays.com\/fr\/wp-json\/wp\/v2\/users\/2"}],"replies":[{"embeddable":true,"href":"https:\/\/www.europesays.com\/fr\/wp-json\/wp\/v2\/comments?post=541511"}],"version-history":[{"count":0,"href":"https:\/\/www.europesays.com\/fr\/wp-json\/wp\/v2\/posts\/541511\/revisions"}],"wp:featuredmedia":[{"embeddable":true,"href":"https:\/\/www.europesays.com\/fr\/wp-json\/wp\/v2\/media\/541512"}],"wp:attachment":[{"href":"https:\/\/www.europesays.com\/fr\/wp-json\/wp\/v2\/media?parent=541511"}],"wp:term":[{"taxonomy":"category","embeddable":true,"href":"https:\/\/www.europesays.com\/fr\/wp-json\/wp\/v2\/categories?post=541511"},{"taxonomy":"post_tag","embeddable":true,"href":"https:\/\/www.europesays.com\/fr\/wp-json\/wp\/v2\/tags?post=541511"}],"curies":[{"name":"wp","href":"https:\/\/api.w.org\/{rel}","templated":true}]}}