{"id":541513,"date":"2025-11-18T02:04:11","date_gmt":"2025-11-18T02:04:11","guid":{"rendered":"https:\/\/www.europesays.com\/fr\/541513\/"},"modified":"2025-11-18T02:04:11","modified_gmt":"2025-11-18T02:04:11","slug":"trump-entretient-le-flou-sur-une-possible-intervention-et-menace-de-frapper-le-mexique","status":"publish","type":"post","link":"https:\/\/www.europesays.com\/fr\/541513\/","title":{"rendered":"Trump entretient le flou sur une possible intervention et menace de frapper le Mexique"},"content":{"rendered":"<p>Les <a href=\"https:\/\/www.20minutes.fr\/monde\/etats-unis\/\" target=\"_blank\" class=\"c-link c-link--is-underlined\" rel=\"noopener\">Etats-Unis<\/a> entretiennent le flou strat\u00e9gique autour du <a href=\"https:\/\/www.20minutes.fr\/monde\/venezuela\/\" target=\"_blank\" class=\"c-link c-link--is-underlined\" rel=\"noopener\">Venezuela<\/a> alors que la pr\u00e9sence militaire am\u00e9ricaine dans les Cara\u00efbes s\u2019intensifie. Lundi, Donald Trump a raviv\u00e9 les tensions r\u00e9gionales en confirmant qu\u2019il parlerait \u00ab\u00a0\u00e0 un moment donn\u00e9\u00a0\u00bb avec le pr\u00e9sident v\u00e9n\u00e9zu\u00e9lien <a href=\"https:\/\/www.20minutes.fr\/dossier\/nicolas_maduro\" target=\"_blank\" class=\"c-link c-link--is-underlined\" rel=\"noopener\">Nicol\u00e1s Maduro<\/a>, tout en soulignant que ce dernier \u00ab\u00a0n\u2019a pas \u00e9t\u00e9 bon pour les Etats-Unis\u00a0\u00bb. Cette ouverture diplomatique intervient alors que Washington multiplie les signaux militaires autour du Venezuela, nourrissant les inqui\u00e9tudes \u00e0 Caracas et dans les pays voisins.<\/p>\n<p>Interrog\u00e9 sur une \u00e9ventuelle intervention de l\u2019<a href=\"https:\/\/www.20minutes.fr\/dossier\/armee_americaine\" target=\"_blank\" class=\"c-link c-link--is-underlined\" rel=\"noopener\">arm\u00e9e am\u00e9ricaine<\/a> au Venezuela, le pr\u00e9sident a assur\u00e9 \u00ab\u00a0ne rien exclure\u00a0\u00bb. Il a justifi\u00e9 la fermet\u00e9 de <a href=\"https:\/\/www.20minutes.fr\/dossier\/washington\" target=\"_blank\" class=\"c-link c-link--is-underlined\" rel=\"noopener\">Washington<\/a> en accusant le gouvernement v\u00e9n\u00e9zu\u00e9lien d\u2019avoir \u00ab\u00a0d\u00e9vers\u00e9 des centaines de milliers de personnes issues des prisons\u00a0\u00bb sur le territoire am\u00e9ricain. Apr\u00e8s ces d\u00e9clarations, Nicol\u00e1s Maduro a affirm\u00e9 qu\u2019il \u00e9tait pr\u00eat \u00e0 discuter \u00ab\u00a0en t\u00eate-\u00e0-t\u00eate\u00a0\u00bb. \u00ab\u00a0Celui qui veut parler avec le Venezuela (on) parlera (avec lui). Sans aucun probl\u00e8me. Ce qu\u2019on ne peut pas permettre [\u2026] c\u2019est que le peuple chr\u00e9tien du Venezuela soit bombard\u00e9 et massacr\u00e9\u00a0\u00bb, a-t-il affirm\u00e9 lors de son \u00e9mission hebdomadaire \u00e0 la t\u00e9l\u00e9vision publique v\u00e9n\u00e9zu\u00e9lienne.<\/p>\n<p>Campagne militaire am\u00e9ricaine dans les Cara\u00efbes<\/p>\n<p>Cette mont\u00e9e de ton intervient alors que les Etats-Unis m\u00e8nent une campagne militaire en mer des Cara\u00efbes et dans le Pacifique, officiellement destin\u00e9e \u00e0 contrer le trafic de drogue. Washington affirme avoir r\u00e9alis\u00e9 une vingtaine de frappes contre des embarcations suspect\u00e9es de transporter des stup\u00e9fiants, causant au moins 83 morts. Le d\u00e9ploiement s\u2019est encore renforc\u00e9 avec l\u2019arriv\u00e9e du porte-avions Gerald Ford, le plus grand au monde. Caracas accuse les Etats-Unis d\u2019utiliser le pr\u00e9texte antidrogue \u00ab\u00a0pour imposer un changement de r\u00e9gime\u00a0\u00bb et prendre la main sur ses ressources p\u00e9troli\u00e8res.<\/p>\n<\/p>\n<p>Outre le Venezuela, Donald Trump s\u2019est \u00e9galement dit pr\u00eat \u00e0 envisager des frappes contre des cibles au Mexique afin de lutter contre les cartels. \u00ab\u00a0Est-ce que je lancerais des frappes au Mexique pour mettre fin au trafic de drogue\u00a0? \u00c7a ne me pose aucun probl\u00e8me\u00a0\u00bb, a lanc\u00e9 Donald Trump \u00e0 des journalistes dans le Bureau ovale. Le Mexique n&rsquo;a pour l&rsquo;instant pas r\u00e9pondu aux affirmations du pr\u00e9sident.<\/p>\n<p>Pas d\u2019attaques depuis Trinit\u00e9-et-Tobago<\/p>\n<p>Dans la r\u00e9gion, ces op\u00e9rations alimentent les inqui\u00e9tudes. La Premi\u00e8re ministre de <a href=\"https:\/\/www.20minutes.fr\/monde\/etats-unis\/4181620-20251026-etats-unis-arrivee-navire-guerre-americain-trinite-tobago-face-venezuela\" target=\"_blank\" class=\"c-link c-link--is-underlined\" rel=\"noopener\">Trinit\u00e9-et-Tobago<\/a>, Kamla Persad-Bissessar, alli\u00e9e de Washington, a pr\u00e9cis\u00e9 que les Etats-Unis \u00ab\u00a0n\u2019avaient jamais demand\u00e9\u00a0\u00bb \u00e0 utiliser son territoire comme base d\u2019attaque contre le Venezuela, alors qu\u2019un contingent de Marines m\u00e8ne des exercices \u00e0 quelques kilom\u00e8tres des c\u00f4tes v\u00e9n\u00e9zu\u00e9liennes. Elle a assur\u00e9 que l\u2019archipel \u00ab\u00a0ne participera \u00e0 aucun acte qui pourrait nuire au peuple v\u00e9n\u00e9zu\u00e9lien\u00a0\u00bb et que son territoire \u00ab\u00a0ne sera PAS utilis\u00e9 pour lancer des attaques\u00a0\u00bb. Kamla Persad-Bissessar a \u00e9galement soutenu l\u2019id\u00e9e de discussions directes entre Donald Trump et Nicol\u00e1s Maduro, affirmant que \u00ab\u00a0la meilleure fa\u00e7on de r\u00e9soudre les probl\u00e8mes, c\u2019est par le dialogue\u00a0\u00bb.<\/p>\n<p><a href=\"https:\/\/www.20minutes.fr\/monde\/venezuela\/\" target=\"_blank\" class=\"c-link c-btn c-btn--primary\" rel=\"noopener\">Notre dossier sur le Venezuela<\/a><\/p>\n<p>Face \u00e0 ces signaux contradictoires entre ouverture <a href=\"https:\/\/www.20minutes.fr\/dossier\/diplomatie\" target=\"_blank\" class=\"c-link c-link--is-underlined\" rel=\"noopener\">diplomatique<\/a> et d\u00e9monstration de force, Caracas d\u00e9nonce des man\u0153uvres \u00ab\u00a0irresponsables\u00a0\u00bb et une \u00ab\u00a0menace\u00a0\u00bb pour sa s\u00e9curit\u00e9 nationale. Washington, de son c\u00f4t\u00e9, maintient une forte pr\u00e9sence militaire \u00e9tendue depuis ao\u00fbt, avec plusieurs navires de guerre mobilis\u00e9s contre les r\u00e9seaux de <a href=\"https:\/\/www.20minutes.fr\/dossier\/narcotrafiquants\" target=\"_blank\" class=\"c-link c-link--is-underlined\" rel=\"noopener\">narcotrafic<\/a>, tandis que des responsables am\u00e9ricains comme le secr\u00e9taire d\u2019Etat Marco Rubio continuent d\u2019adopter une ligne dure avec le r\u00e9gime de Nicol\u00e1s Maduro.<\/p>\n","protected":false},"excerpt":{"rendered":"Les Etats-Unis entretiennent le flou strat\u00e9gique autour du Venezuela alors que la pr\u00e9sence militaire am\u00e9ricaine dans les Cara\u00efbes&hellip;\n","protected":false},"author":2,"featured_media":541514,"comment_status":"","ping_status":"","sticky":false,"template":"","format":"standard","meta":{"footnotes":""},"categories":[1589],"tags":[47,11,17274,75,73,1866,33159,5697,74,12,338,1864,1865,1863,308,337],"class_list":{"0":"post-541513","1":"post","2":"type-post","3":"status-publish","4":"format-standard","5":"has-post-thumbnail","7":"category-etats-unis","8":"tag-actualite","9":"tag-actualites","10":"tag-armee-americaine","11":"tag-donald-trump","12":"tag-etats-unis","13":"tag-etats-unis-damerique","14":"tag-frappes-aeriennes","15":"tag-mexique","16":"tag-monde","17":"tag-news","18":"tag-nicolas-maduro","19":"tag-united-states","20":"tag-united-states-of-america","21":"tag-us","22":"tag-usa","23":"tag-venezuela"},"share_on_mastodon":{"url":"https:\/\/pubeurope.com\/@fr\/115568251014691754","error":""},"_links":{"self":[{"href":"https:\/\/www.europesays.com\/fr\/wp-json\/wp\/v2\/posts\/541513","targetHints":{"allow":["GET"]}}],"collection":[{"href":"https:\/\/www.europesays.com\/fr\/wp-json\/wp\/v2\/posts"}],"about":[{"href":"https:\/\/www.europesays.com\/fr\/wp-json\/wp\/v2\/types\/post"}],"author":[{"embeddable":true,"href":"https:\/\/www.europesays.com\/fr\/wp-json\/wp\/v2\/users\/2"}],"replies":[{"embeddable":true,"href":"https:\/\/www.europesays.com\/fr\/wp-json\/wp\/v2\/comments?post=541513"}],"version-history":[{"count":0,"href":"https:\/\/www.europesays.com\/fr\/wp-json\/wp\/v2\/posts\/541513\/revisions"}],"wp:featuredmedia":[{"embeddable":true,"href":"https:\/\/www.europesays.com\/fr\/wp-json\/wp\/v2\/media\/541514"}],"wp:attachment":[{"href":"https:\/\/www.europesays.com\/fr\/wp-json\/wp\/v2\/media?parent=541513"}],"wp:term":[{"taxonomy":"category","embeddable":true,"href":"https:\/\/www.europesays.com\/fr\/wp-json\/wp\/v2\/categories?post=541513"},{"taxonomy":"post_tag","embeddable":true,"href":"https:\/\/www.europesays.com\/fr\/wp-json\/wp\/v2\/tags?post=541513"}],"curies":[{"name":"wp","href":"https:\/\/api.w.org\/{rel}","templated":true}]}}