{"id":541515,"date":"2025-11-18T02:05:15","date_gmt":"2025-11-18T02:05:15","guid":{"rendered":"https:\/\/www.europesays.com\/fr\/541515\/"},"modified":"2025-11-18T02:05:15","modified_gmt":"2025-11-18T02:05:15","slug":"immigration-le-royaume-uni-durcit-drastiquement-le-droit-dasile","status":"publish","type":"post","link":"https:\/\/www.europesays.com\/fr\/541515\/","title":{"rendered":"Immigration : le Royaume-Uni durcit drastiquement le droit d\u2019asile"},"content":{"rendered":"<p>Le gouvernement travailliste britannique a pr\u00e9sent\u00e9 lundi au Parlement une r\u00e9forme pour durcir sa politique d\u2019asile et d\u2019immigration, esp\u00e9rant d\u00e9courager les arriv\u00e9es de migrants sur de petits bateaux qu\u2019il peine \u00e0 endiguer et qui alimentent la mont\u00e9e du vote identitaire dans le pays. Ce qu\u2019illustre le fait que le parti nationaliste Reforme de Nigel Farage caracole loin devant lui dans les sondages, \u00e0 peine un an et demi apr\u00e8s la large victoire du Labour aux l\u00e9gislatives, aid\u00e9 aussi, il est vrai, par l\u2019effondrement spectaculaire du parti Tories, qui semble menac\u00e9 d\u2019extinction apr\u00e8s avoir domin\u00e9 largement durant deux si\u00e8cles la vie du royaume.<\/p>\n<p><strong>La ministre de l\u2019immigration d\u2019origine pakistanaise qui a pr\u00e9sent\u00e9 le plan, s\u2019est d\u00e9fendu de toute x\u00e9nophobie ou calcul politicien mais a fait valoir que la question de l\u2019immigration ill\u00e9gale et du d\u00e9voiement du droit d\u2019asile de la part de gens fuyant des pays o\u00f9 ils ne sont pas en danger et o\u00f9 d\u2019ailleurs ils laissent souvent femme, enfants et parents \u00e2g\u00e9s, \u00e9tait en train de \u00ab\u00a0diviser profond\u00e9ment le pays\u00a0\u00bb<\/strong>.<\/p>\n<p>Cette r\u00e9forme, inspir\u00e9e au demeurant par la politique suivie au Danemark, pourtant \u00e9labor\u00e9e par un parti social-d\u00e9mocrate, o\u00f9 d\u2019ailleurs, pas un hasard, l\u2019extr\u00eame droite p\u00e8se peu dans les urnes, pr\u00e9voit que le statut de r\u00e9fugi\u00e9 devienne temporaire, ce qui para\u00eet tout \u00e0 fait logique\u00a0<strong>; les b\u00e9n\u00e9ficiaires du droit d\u2019asile devront \u00ab\u00a0rentrer dans leur pays d\u2019origine d\u00e8s qu\u2019il sera jug\u00e9 s\u00fbr\u00a0\u00bb<\/strong> et leur situation sera r\u00e9examin\u00e9e tous les 30 mois et non plus, comme aujourd\u2019hui, tous les cinq ans. Ils devront aussi attendre 20 ans, contre cinq actuellement, pour demander un titre de r\u00e9sidence permanente. Les possibilit\u00e9s d\u2019appel en cas de refus d\u2019asile seront r\u00e9duites. En parall\u00e8le, le gouvernement a promis d\u2019ouvrir de nouvelles voies d\u2019immigration l\u00e9gale, sans plus de d\u00e9tail \u00e0 ce stade.<\/p>\n<p><strong>Le gouvernement pr\u00e9voit aussi de supprimer le soutien financier automatique de l\u2019Etat aux demandeurs d\u2019asile<\/strong>. Actuellement, le gouvernement leur verse une allocation hebdomadaire et leur fournit un h\u00e9bergement, mais le recours \u2013 co\u00fbteux \u2013 \u00e0 des h\u00f4tels pour loger les demandeurs d\u2019asile est tr\u00e8s critiqu\u00e9. Les aides sociales seront \u00e9galement supprim\u00e9es \u00ab\u00a0pour ceux qui ont le droit de travailler et qui peuvent subvenir \u00e0 leurs besoins\u00a0\u00bb mais ne le font pas, ou encore pour les personnes condamn\u00e9es pour des crimes, ou d\u00e9lit, ce qui, l\u00e0 encore, semble la moindre des choses.<\/p>\n<p>Le gouvernement n\u2019a pas d\u00e9menti lundi une information du tablo\u00efd The Sun, selon laquelle il envisage de puiser dans les ressources (argents, biens) des personnes demandant l\u2019asile pour financer leur h\u00e9bergement. Enfin, le gouvernement veut modifier l\u2019application au Royaume-Uni de la Convention europ\u00e9enne des droits de l\u2019homme pour faciliter les expulsions. Il s\u2019agit de r\u00e9duire le champ de son article 8 sur le droit au respect de la vie priv\u00e9e et familiale. Seules les personnes ayant des membres de leur famille proche d\u00e9j\u00e0 au Royaume-Uni (enfants, parents) pourront rester dans le pays.<\/p>\n","protected":false},"excerpt":{"rendered":"Le gouvernement travailliste britannique a pr\u00e9sent\u00e9 lundi au Parlement une r\u00e9forme pour durcir sa politique d\u2019asile et d\u2019immigration,&hellip;\n","protected":false},"author":2,"featured_media":541516,"comment_status":"","ping_status":"","sticky":false,"template":"","format":"standard","meta":{"footnotes":""},"categories":[1588],"tags":[11,1777,674,12,473,1853,1851,1850,1852],"class_list":{"0":"post-541515","1":"post","2":"type-post","3":"status-publish","4":"format-standard","5":"has-post-thumbnail","7":"category-royaume-uni","8":"tag-actualites","9":"tag-eu","10":"tag-europe","11":"tag-news","12":"tag-royaume-uni","13":"tag-royaume-uni-de-grande-bretagne-et-dirlande-du-nord","14":"tag-uk","15":"tag-united-kingdom","16":"tag-united-kingdom-of-great-britain-and-northern-ireland"},"share_on_mastodon":{"url":"https:\/\/pubeurope.com\/@fr\/115568254907909832","error":""},"_links":{"self":[{"href":"https:\/\/www.europesays.com\/fr\/wp-json\/wp\/v2\/posts\/541515","targetHints":{"allow":["GET"]}}],"collection":[{"href":"https:\/\/www.europesays.com\/fr\/wp-json\/wp\/v2\/posts"}],"about":[{"href":"https:\/\/www.europesays.com\/fr\/wp-json\/wp\/v2\/types\/post"}],"author":[{"embeddable":true,"href":"https:\/\/www.europesays.com\/fr\/wp-json\/wp\/v2\/users\/2"}],"replies":[{"embeddable":true,"href":"https:\/\/www.europesays.com\/fr\/wp-json\/wp\/v2\/comments?post=541515"}],"version-history":[{"count":0,"href":"https:\/\/www.europesays.com\/fr\/wp-json\/wp\/v2\/posts\/541515\/revisions"}],"wp:featuredmedia":[{"embeddable":true,"href":"https:\/\/www.europesays.com\/fr\/wp-json\/wp\/v2\/media\/541516"}],"wp:attachment":[{"href":"https:\/\/www.europesays.com\/fr\/wp-json\/wp\/v2\/media?parent=541515"}],"wp:term":[{"taxonomy":"category","embeddable":true,"href":"https:\/\/www.europesays.com\/fr\/wp-json\/wp\/v2\/categories?post=541515"},{"taxonomy":"post_tag","embeddable":true,"href":"https:\/\/www.europesays.com\/fr\/wp-json\/wp\/v2\/tags?post=541515"}],"curies":[{"name":"wp","href":"https:\/\/api.w.org\/{rel}","templated":true}]}}