{"id":541517,"date":"2025-11-18T02:06:14","date_gmt":"2025-11-18T02:06:14","guid":{"rendered":"https:\/\/www.europesays.com\/fr\/541517\/"},"modified":"2025-11-18T02:06:14","modified_gmt":"2025-11-18T02:06:14","slug":"la-chine-et-lallemagne-tiennent-leur-quatrieme-dialogue-financier-de-haut-niveau-a-beijing","status":"publish","type":"post","link":"https:\/\/www.europesays.com\/fr\/541517\/","title":{"rendered":"La Chine et l&rsquo;Allemagne tiennent leur quatri\u00e8me dialogue financier de haut niveau \u00e0 Beijing"},"content":{"rendered":"<p>Xinhua  18.11.2025 08h25<\/p>\n<tr>\n<td align=\"center\"><img decoding=\"async\" src=\"https:\/\/www.europesays.com\/fr\/wp-content\/uploads\/2025\/11\/FOREIGN17634255390053JA9EC4M8F.jpg\" alt=\"La Chine et l'Allemagne tiennent leur quatri\u00e8me dialogue financier de haut niveau \u00e0 Beijing\"\/><\/td>\n<\/tr>\n<tr>\n<td class=\"picdesc\" align=\"center\">(Xinhua\/Dai Tianfang)<\/td>\n<\/tr>\n<p>Le vice-Premier ministre chinois He Lifeng a copr\u00e9sid\u00e9 lundi \u00e0 Beijing le quatri\u00e8me Dialogue financier de haut niveau Chine-Allemagne avec le vice-chancelier et ministre f\u00e9d\u00e9ral des Finances de l&rsquo;Allemagne, Lars Klingbeil. Les deux parties sont parvenues \u00e0 un accord sur une s\u00e9rie de r\u00e9sultats mutuellement b\u00e9n\u00e9fiques.<\/p>\n<p>M. He, responsable chinois du dialogue, a d\u00e9clar\u00e9 que la Chine \u00e9tait dispos\u00e9e \u00e0 travailler avec l&rsquo;Allemagne pour mettre en \u0153uvre l&rsquo;important consensus atteint par les dirigeants des deux pays et \u00e0 apporter de nouvelles contributions \u00e0 la stabilit\u00e9 et \u00e0 la croissance de l&rsquo;\u00e9conomie mondiale.<\/p>\n<p>M. Klingbeil, responsable allemand du dialogue, a d\u00e9clar\u00e9 que son pays \u00e9tait dispos\u00e9 \u00e0 mener des \u00e9changes et une coop\u00e9ration \u00e9troits avec la Chine dans le secteur financier et mon\u00e9taire, afin de faire progresser davantage les relations bilat\u00e9rales.<\/p>\n<p>MM. He et Klingbeil ont \u00e9galement particip\u00e9 \u00e0 la deuxi\u00e8me Table ronde financi\u00e8re sino-allemande.<\/p>\n<tr>\n<td align=\"center\"><img decoding=\"async\" src=\"https:\/\/www.europesays.com\/fr\/wp-content\/uploads\/2025\/11\/FOREIGN176342553912084YJZ02FP9.jpg\"\/><\/td>\n<\/tr>\n<tr>\n<td class=\"picdesc\" align=\"center\">(Xinhua\/Dai Tianfang)<\/td>\n<\/tr>\n<p>(Web editor: Ying Xie, Yishuang Liu)<\/p>\n","protected":false},"excerpt":{"rendered":"Xinhua 18.11.2025 08h25 (Xinhua\/Dai Tianfang) Le vice-Premier ministre chinois He Lifeng a copr\u00e9sid\u00e9 lundi \u00e0 Beijing le quatri\u00e8me&hellip;\n","protected":false},"author":2,"featured_media":541518,"comment_status":"","ping_status":"","sticky":false,"template":"","format":"standard","meta":{"footnotes":""},"categories":[1587],"tags":[11,672,1804,65957,1805,1803,1777,674,1801,12,1802],"class_list":{"0":"post-541517","1":"post","2":"type-post","3":"status-publish","4":"format-standard","5":"has-post-thumbnail","7":"category-allemagne","8":"tag-actualites","9":"tag-allemagne","10":"tag-bundesrepublik-deutschland","11":"tag-chine-allemagne","12":"tag-de","13":"tag-deutschland","14":"tag-eu","15":"tag-europe","16":"tag-germany","17":"tag-news","18":"tag-republique-federale-dallemagne"},"share_on_mastodon":{"url":"https:\/\/pubeurope.com\/@fr\/115568259498165906","error":""},"_links":{"self":[{"href":"https:\/\/www.europesays.com\/fr\/wp-json\/wp\/v2\/posts\/541517","targetHints":{"allow":["GET"]}}],"collection":[{"href":"https:\/\/www.europesays.com\/fr\/wp-json\/wp\/v2\/posts"}],"about":[{"href":"https:\/\/www.europesays.com\/fr\/wp-json\/wp\/v2\/types\/post"}],"author":[{"embeddable":true,"href":"https:\/\/www.europesays.com\/fr\/wp-json\/wp\/v2\/users\/2"}],"replies":[{"embeddable":true,"href":"https:\/\/www.europesays.com\/fr\/wp-json\/wp\/v2\/comments?post=541517"}],"version-history":[{"count":0,"href":"https:\/\/www.europesays.com\/fr\/wp-json\/wp\/v2\/posts\/541517\/revisions"}],"wp:featuredmedia":[{"embeddable":true,"href":"https:\/\/www.europesays.com\/fr\/wp-json\/wp\/v2\/media\/541518"}],"wp:attachment":[{"href":"https:\/\/www.europesays.com\/fr\/wp-json\/wp\/v2\/media?parent=541517"}],"wp:term":[{"taxonomy":"category","embeddable":true,"href":"https:\/\/www.europesays.com\/fr\/wp-json\/wp\/v2\/categories?post=541517"},{"taxonomy":"post_tag","embeddable":true,"href":"https:\/\/www.europesays.com\/fr\/wp-json\/wp\/v2\/tags?post=541517"}],"curies":[{"name":"wp","href":"https:\/\/api.w.org\/{rel}","templated":true}]}}