{"id":541529,"date":"2025-11-18T02:14:14","date_gmt":"2025-11-18T02:14:14","guid":{"rendered":"https:\/\/www.europesays.com\/fr\/541529\/"},"modified":"2025-11-18T02:14:14","modified_gmt":"2025-11-18T02:14:14","slug":"top-14-longue-amitie-de-plus-de-16-ans-coequipiers-puis-collegues-a-lus-carcassonne-le-duo-nicolas-nadau-mathieu-cidre-se-reforme-a-lusap","status":"publish","type":"post","link":"https:\/\/www.europesays.com\/fr\/541529\/","title":{"rendered":"Top 14\u00a0: longue amiti\u00e9 de plus de 16 ans, co\u00e9quipiers puis coll\u00e8gues \u00e0 l\u2019US Carcassonne\u2026 Le duo Nicolas Nadau-Mathieu Cidre se reforme \u00e0 l\u2019USAP"},"content":{"rendered":"<p>\n                                                                Huit ans apr\u00e8s leurs derni\u00e8res batailles ensemble, Nicolas Nadau et Mathieu Cidre se retrouvent d\u00e9sormais dans le staff de l\u2019USAP. Pour leur plus grand bonheur.\n                            <\/p>\n<p>Dans l\u2019interview qu\u2019il a accord\u00e9e \u00e0 L\u2019Ind\u00e9pendant, Nicolas Nadau ne cache pas sa joie d\u2019avoir rejoint l\u2019USAP et le nouveau projet de Laurent Labit. D\u2019abord parce qu\u2019il avait envie de travailler avec l\u2019ancien entra\u00eeneur de l\u2019attaque du XV de France. Mais parce qu\u2019il savait aussi qu\u2019il retrouverait Mathieu Cidre, son fr\u00e8re d\u2019armes \u00e0 l\u2019US Carcassonne.<\/p>\n<p class=\"std-elt__inline\">\n        <strong>\u00c0 lire aussi :<\/strong><br \/>\n        <a href=\"https:\/\/www.lindependant.fr\/2025\/11\/17\/top-14-le-public-catalan-ca-a-suscite-quelque-chose-de-fort-en-moi-lusap-cest-un-club-qui-ma-roule-dessus-a-chaque-fois-que-je-lai-joue-nicolas-nadau-13053736.php\" rel=\"nofollow noopener\" target=\"_blank\">Top 14\u00a0&#8211; \u00ab\u00a0Le public catalan, \u00e7a a suscit\u00e9 quelque chose de fort en moi\u00a0\u00bb, \u00ab\u00a0L\u2019USAP, c\u2019est un club qui m\u2019a roul\u00e9 dessus \u00e0 chaque fois que je l\u2019ai jou\u00e9\u00a0\u00bb\u00a0: Nicolas Nadau d\u2019attaque dans son nouveau d\u00e9fi<\/a>\n    <\/p>\n<p>Ils ont jou\u00e9 ensemble de 2009 \u00e0 2010, puis Nadau a entra\u00een\u00e9 Cidre de 2010 \u00e0 2012, avant que les deux hommes n\u2019entra\u00eenent ensemble lors de la saison 2016-2017. \u00ab\u00a0J\u2019ai aussi failli me marier avec, si c\u2019est \u00e7a votre question, en sourit Nicolas Nadau. Effectivement, on a jou\u00e9 ensemble et on a m\u00eame \u00e9t\u00e9 champions de France de F\u00e9d\u00e9rale 1. Puis j\u2019ai bascul\u00e9 entra\u00eeneur, je suis ensuite parti \u00e0 Tarbes. Quatre ans apr\u00e8s, Mathieu \u00e9tait pass\u00e9 coach et je suis revenu pour entra\u00eener avec lui.\u00a0\u00bb<\/p>\n<blockquote>\n<p>Le fait que Mathieu soit l\u00e0 a compt\u00e9 dans mon choix.<\/p>\n<\/blockquote>\n<p>Un respect mutuel entre l\u2019ancien arri\u00e8re et l\u2019ancien talonneur. Ils se connaissent depuis seize ans et le duo est de nouveau reform\u00e9, huit saisons apr\u00e8s \u00e0 Perpignan. \u00ab\u00a0Quand il y a des hommes que tu connais, c\u2019est encore plus facilitant pour s\u2019int\u00e9grer. Et d\u2019autant plus quand c\u2019est Mathieu qui, lui, a une analyse assez pointue des hommes, de la situation, de comment orienter. Quand il t\u2019expose les choses quand tu te questionnes sur le fait de venir ou pas, c\u2019est facilitant, assure Nadau. On est copains et je sais que je ne prendrai pas de coups de couteau dans le dos. Il faut \u00eatre clair et honn\u00eate, le fait qu\u2019il soit l\u00e0 a compt\u00e9 dans mon choix.\u00a0\u00bb<\/p>\n<p>Si le tandem Nadau-Cidre, chapeaut\u00e9 par Laurent Labit et entour\u00e9 de Joe Worsley et Nicolas Mas, pouvait permettre \u00e0 l\u2019USAP de prendre un nouvel \u00e9lan, alors tout le monde en serait ravi. Eux les premiers.<\/p>\n","protected":false},"excerpt":{"rendered":"Huit ans apr\u00e8s leurs derni\u00e8res batailles ensemble, Nicolas Nadau et Mathieu Cidre se retrouvent d\u00e9sormais dans le staff&hellip;\n","protected":false},"author":2,"featured_media":541530,"comment_status":"","ping_status":"","sticky":false,"template":"","format":"standard","meta":{"footnotes":""},"categories":[1416],"tags":[1011,27,479,1468,60],"class_list":{"0":"post-541529","1":"post","2":"type-post","3":"status-publish","4":"format-standard","5":"has-post-thumbnail","7":"category-rugby","8":"tag-fr","9":"tag-france","10":"tag-rugby","11":"tag-rugby-football","12":"tag-sports"},"share_on_mastodon":{"url":"https:\/\/pubeurope.com\/@fr\/115568290322516433","error":""},"_links":{"self":[{"href":"https:\/\/www.europesays.com\/fr\/wp-json\/wp\/v2\/posts\/541529","targetHints":{"allow":["GET"]}}],"collection":[{"href":"https:\/\/www.europesays.com\/fr\/wp-json\/wp\/v2\/posts"}],"about":[{"href":"https:\/\/www.europesays.com\/fr\/wp-json\/wp\/v2\/types\/post"}],"author":[{"embeddable":true,"href":"https:\/\/www.europesays.com\/fr\/wp-json\/wp\/v2\/users\/2"}],"replies":[{"embeddable":true,"href":"https:\/\/www.europesays.com\/fr\/wp-json\/wp\/v2\/comments?post=541529"}],"version-history":[{"count":0,"href":"https:\/\/www.europesays.com\/fr\/wp-json\/wp\/v2\/posts\/541529\/revisions"}],"wp:featuredmedia":[{"embeddable":true,"href":"https:\/\/www.europesays.com\/fr\/wp-json\/wp\/v2\/media\/541530"}],"wp:attachment":[{"href":"https:\/\/www.europesays.com\/fr\/wp-json\/wp\/v2\/media?parent=541529"}],"wp:term":[{"taxonomy":"category","embeddable":true,"href":"https:\/\/www.europesays.com\/fr\/wp-json\/wp\/v2\/categories?post=541529"},{"taxonomy":"post_tag","embeddable":true,"href":"https:\/\/www.europesays.com\/fr\/wp-json\/wp\/v2\/tags?post=541529"}],"curies":[{"name":"wp","href":"https:\/\/api.w.org\/{rel}","templated":true}]}}