{"id":541531,"date":"2025-11-18T02:15:29","date_gmt":"2025-11-18T02:15:29","guid":{"rendered":"https:\/\/www.europesays.com\/fr\/541531\/"},"modified":"2025-11-18T02:15:29","modified_gmt":"2025-11-18T02:15:29","slug":"tennis-simona-waltert-se-revele-et-maintient-la-suisse-a-cordoba","status":"publish","type":"post","link":"https:\/\/www.europesays.com\/fr\/541531\/","title":{"rendered":"Tennis: Simona Waltert se r\u00e9v\u00e8le et maintient la Suisse \u00e0 Cordoba"},"content":{"rendered":"<p>Publi\u00e916. novembre 2025, 21:51<\/p>\n<p>Tennis: Simona Waltert se r\u00e9v\u00e8le et maintient la Suisse \u00e0 Cordoba<\/p>\n<p>Propuls\u00e9e No 1 en l&rsquo;absence de Bencic et Golubic, la Grisonne a port\u00e9 la s\u00e9lection helv\u00e9tique lors du play-off contre la rel\u00e9gation de Billie Jean King Cup.<\/p>\n<p><img decoding=\"async\" alt=\"J\u00e9r\u00e9my Santallo\" src=\"https:\/\/www.europesays.com\/fr\/wp-content\/uploads\/2025\/11\/5804af21-5d9d-4db8-ac17-d0640cb0e2bc.jpeg\" class=\"sc-b1f21c84-1 juVSAe\"\/><img loading=\"lazy\" decoding=\"async\" src=\"https:\/\/www.europesays.com\/fr\/wp-content\/uploads\/2025\/11\/0388a06e-f040-4def-bfbd-4bd2a00541b7.jpg\" alt=\"De gauche \u00e0 droite, Susan Bandecchi, C\u00e9line Naef, le capitaine Heinz G\u00fcnthardt, Valentina Ryser et Simona Waltert.\" title=\"De gauche \u00e0 droite, Susan Bandecchi, C\u00e9line Naef, le capitaine Heinz G\u00fcnthardt, Valentina Ryser et Simona Waltert.\"  width=\"1200\" height=\"800\"\/><\/p>\n<p>De gauche \u00e0 droite, Susan Bandecchi, C\u00e9line Naef, le capitaine Heinz G\u00fcnthardt, Valentina Ryser et Simona Waltert.<\/p>\n<p>Florencia Agullo\/freshfocus<\/p>\n<p>On a peut-\u00eatre assist\u00e9 \u00e0 la naissance d&rsquo;une nouvelle dame dans le tennis suisse f\u00e9minin ce week-end, sur la terre battue de Cordoba, en Argentine. Propuls\u00e9e num\u00e9ro 1 en l&rsquo;absence des leaders Belinda Bencic et Viktorija Golubic pour le play-off de Billie Jean King Cup contre la rel\u00e9gation, Simona Waltert (WTA 86) a port\u00e9 la s\u00e9lection helv\u00e9tique tout le week-end, du haut de ses 24 ans.<\/p>\n<p>Dans la lign\u00e9e d&rsquo;une fin de saison tonitruante qui l&rsquo;a vue fracasser les portes du top 100 pour la premi\u00e8re fois cet automne, la Grisonne de 24 ans a remport\u00e9 ses deux simples lors des rencontres face \u00e0 la Slovaquie samedi puis l&rsquo;Argentine dimanche, \u00e0 chaque fois apr\u00e8s les revers d&rsquo;une d\u00e9butante \u00e0 ce niveau, la Tessinoise Susan Bandecchi. Et Waltert a battu des joueuses mieux class\u00e9es qu&rsquo;elle \u2013 Rebecca Sramkova (74e) 6-4 6-4 et Solana Sierra (66e) 6-3 7-6 (10\/8) \u2013 avant de gagner aussi deux fois en double avec C\u00e9line Naef.<\/p>\n<p>\u00abJe n&rsquo;avais jamais gagn\u00e9 une rencontre de Billie Jean King Cup, alors \u00e7a rend les victoires de ce week-end encore plus sp\u00e9ciales. J&rsquo;ai remport\u00e9 quatre matches!\u00bb, s&rsquo;est-elle exclam\u00e9e dimanche. \u00c0 c\u00f4t\u00e9 d&rsquo;elle, C\u00e9line Naef ne boudait vraiment pas son plaisir. \u00abJe crois que j&rsquo;ai trouv\u00e9 la partenaire parfaite\u00bb, a-t-elle souri.<\/p>\n<p>Devant sa t\u00e9l\u00e9vision, Viktorija Golubic a vibr\u00e9 pour les copines et sans doute que Belinda Bencic et Jil Teichmann ont suivi cela d&rsquo;un \u0153il attentif. La s\u00e9lection du capitaine Heinz G\u00fcnthardt a \u00e9vit\u00e9 la rel\u00e9gation et reste dans le groupe mondial. Et elle le doit pas mal \u00e0 son \u00e9toile montante Simona Waltert.<\/p>\n","protected":false},"excerpt":{"rendered":"Publi\u00e916. novembre 2025, 21:51 Tennis: Simona Waltert se r\u00e9v\u00e8le et maintient la Suisse \u00e0 Cordoba Propuls\u00e9e No 1&hellip;\n","protected":false},"author":2,"featured_media":541532,"comment_status":"","ping_status":"","sticky":false,"template":"","format":"standard","meta":{"footnotes":""},"categories":[1415],"tags":[1011,27,60,1467],"class_list":{"0":"post-541531","1":"post","2":"type-post","3":"status-publish","4":"format-standard","5":"has-post-thumbnail","7":"category-tennis","8":"tag-fr","9":"tag-france","10":"tag-sports","11":"tag-tennis"},"share_on_mastodon":{"url":"https:\/\/pubeurope.com\/@fr\/115568294841062320","error":""},"_links":{"self":[{"href":"https:\/\/www.europesays.com\/fr\/wp-json\/wp\/v2\/posts\/541531","targetHints":{"allow":["GET"]}}],"collection":[{"href":"https:\/\/www.europesays.com\/fr\/wp-json\/wp\/v2\/posts"}],"about":[{"href":"https:\/\/www.europesays.com\/fr\/wp-json\/wp\/v2\/types\/post"}],"author":[{"embeddable":true,"href":"https:\/\/www.europesays.com\/fr\/wp-json\/wp\/v2\/users\/2"}],"replies":[{"embeddable":true,"href":"https:\/\/www.europesays.com\/fr\/wp-json\/wp\/v2\/comments?post=541531"}],"version-history":[{"count":0,"href":"https:\/\/www.europesays.com\/fr\/wp-json\/wp\/v2\/posts\/541531\/revisions"}],"wp:featuredmedia":[{"embeddable":true,"href":"https:\/\/www.europesays.com\/fr\/wp-json\/wp\/v2\/media\/541532"}],"wp:attachment":[{"href":"https:\/\/www.europesays.com\/fr\/wp-json\/wp\/v2\/media?parent=541531"}],"wp:term":[{"taxonomy":"category","embeddable":true,"href":"https:\/\/www.europesays.com\/fr\/wp-json\/wp\/v2\/categories?post=541531"},{"taxonomy":"post_tag","embeddable":true,"href":"https:\/\/www.europesays.com\/fr\/wp-json\/wp\/v2\/tags?post=541531"}],"curies":[{"name":"wp","href":"https:\/\/api.w.org\/{rel}","templated":true}]}}