{"id":541533,"date":"2025-11-18T02:19:14","date_gmt":"2025-11-18T02:19:14","guid":{"rendered":"https:\/\/www.europesays.com\/fr\/541533\/"},"modified":"2025-11-18T02:19:14","modified_gmt":"2025-11-18T02:19:14","slug":"cc-flamanville-la-selection-francaise-actualite","status":"publish","type":"post","link":"https:\/\/www.europesays.com\/fr\/541533\/","title":{"rendered":"CC &#8211; Flamanville : La s\u00e9lection fran\u00e7aise &#8211; Actualit\u00e9"},"content":{"rendered":"<p style=\"text-align: justify;\">Flamanville (Manche) accueillera le 30 novembre prochain la deuxi\u00e8me manche de la Coupe du Monde de cyclo-cross. Retrouvez ci-dessous la s\u00e9lection fran\u00e7aise \u00e9tablie par Fran\u00e7ois Trarieux.<\/p>\n<p><strong>La s\u00e9lection fran\u00e7aise :<\/strong><br \/><strong>Juniors Femmes<br \/><\/strong><a class=\"rider-link mention\" href=\"https:\/\/www.directvelo.com\/coureur\/53312\/lea-aguirre-lavin\" rel=\"external noopener\" data-rider=\"53312\" target=\"_blank\">L\u00e9a AGUIRRE LAVIN<\/a>\u00a0(Laval Cyclisme 53) <br \/><a class=\"rider-link mention\" href=\"https:\/\/www.directvelo.com\/coureur\/52473\/camille-basset\" rel=\"external noopener\" data-rider=\"52473\" target=\"_blank\">Camille BASSET<\/a>\u00a0(VC Pays de Loud\u00e9ac)<br \/><a class=\"rider-link mention\" href=\"https:\/\/www.directvelo.com\/coureur\/52464\/justine-baud\" rel=\"external noopener\" data-rider=\"52464\" target=\"_blank\">Justine BAUD<\/a>\u00a0(VC Cluses-Scionzier)\u00a0<br \/><a class=\"rider-link mention\" href=\"https:\/\/www.directvelo.com\/coureur\/58640\/lucie-elizalde\" rel=\"external noopener\" data-rider=\"58640\" target=\"_blank\">Lucie ELIZALDE<\/a>\u00a0(AS Bike) <br \/><a class=\"rider-link mention\" href=\"https:\/\/www.directvelo.com\/coureur\/57637\/noemie-jurado-roumieux\" rel=\"external noopener\" data-rider=\"57637\" target=\"_blank\">No\u00e9mie JURADO ROUMIEUX<\/a> (Team U LH)\u00a0<br \/><a class=\"rider-link mention\" href=\"https:\/\/www.directvelo.com\/coureur\/52490\/zelie-lambert\" rel=\"external noopener\" data-rider=\"52490\" target=\"_blank\">Z\u00e9lie LAMBERT<\/a>\u00a0(VC Ornans) <br \/><a class=\"rider-link mention\" href=\"https:\/\/www.directvelo.com\/coureur\/57613\/eloane-lebreton\" rel=\"external noopener\" data-rider=\"57613\" target=\"_blank\">Eloane LEBRETON<\/a>\u00a0(VC Pays de Loud\u00e9ac)<br \/><a class=\"rider-link mention\" href=\"https:\/\/www.directvelo.com\/coureur\/58632\/laly-pichon\" rel=\"external noopener\" data-rider=\"58632\" target=\"_blank\">Laly PICHON<\/a>\u00a0(VTT Pays de Vilaine) <br \/><a class=\"rider-link mention\" href=\"https:\/\/www.directvelo.com\/coureur\/46229\/lise-revol\" rel=\"external noopener\" data-rider=\"46229\" target=\"_blank\">Lise REVOL<\/a>\u00a0(AS Bike) <br \/><a class=\"rider-link mention\" href=\"https:\/\/www.directvelo.com\/coureur\/53307\/nolwenn-vaxillaire\" rel=\"external noopener\" data-rider=\"53307\" target=\"_blank\">Nolwenn VAXILLAIRE<\/a>\u00a0(VC Morteau-Montbeno\u00eet)\u00a0<\/p>\n<p>Rempla\u00e7antes<br \/><a class=\"rider-link mention\" href=\"https:\/\/www.directvelo.com\/coureur\/52468\/anais-martinet\" rel=\"external noopener\" data-rider=\"52468\" target=\"_blank\">Ana\u00efs MARTINET<\/a> (Chamb\u00e9ry CC)<br \/><a class=\"rider-link mention\" href=\"https:\/\/www.directvelo.com\/coureur\/52502\/faustine-villar-thiery\" rel=\"external noopener\" data-rider=\"52502\" target=\"_blank\">Faustine VILLAR THIERY<\/a>\u00a0 (EC Ch\u00e2teau-Thierry)<\/p>\n<p><strong>Juniors Hommes<br \/><\/strong><a class=\"rider-link mention\" href=\"https:\/\/www.directvelo.com\/coureur\/58562\/florian-baudouin\" rel=\"external noopener\" data-rider=\"58562\" target=\"_blank\">Florian BAUDOUIN<\/a>\u00a0(US Saint-Pierre-des-Corps)\u00a0<br \/><a class=\"rider-link mention\" href=\"https:\/\/www.directvelo.com\/coureur\/53220\/soren-bruyere-joumard\" rel=\"external noopener\" data-rider=\"53220\" target=\"_blank\">Soren BRUY\u00c8RE JOUMARD<\/a>\u00a0(Cyclisme Seyssinet-Seyssins)<br \/><a class=\"rider-link mention\" href=\"https:\/\/www.directvelo.com\/coureur\/53254\/caliste-chainel\" rel=\"external noopener\" data-rider=\"53254\" target=\"_blank\">Caliste CHAINEL<\/a>\u00a0(Club Cycliste)\u00a0<br \/><a class=\"rider-link mention\" href=\"https:\/\/www.directvelo.com\/coureur\/58871\/antoine-clemente\" rel=\"external noopener\" data-rider=\"58871\" target=\"_blank\">Antoine CL\u00c9MENTE<\/a>\u00a0(AC Cosnac)<br \/><a class=\"rider-link mention\" href=\"https:\/\/www.directvelo.com\/coureur\/58581\/victor-devos\" rel=\"external noopener\" data-rider=\"58581\" target=\"_blank\">Victor DEVOS<\/a>\u00a0(Club neutre Nord-Pas-de-Calais)\u00a0<br \/><a class=\"rider-link mention\" href=\"https:\/\/www.directvelo.com\/coureur\/53243\/pierre-le-bourhis\" rel=\"external noopener\" data-rider=\"53243\" target=\"_blank\">Pierre LE BOURHIS<\/a>\u00a0(VC Pays de Loud\u00e9ac) <br \/><a class=\"rider-link mention\" href=\"https:\/\/www.directvelo.com\/coureur\/53241\/soen-le-pann\" rel=\"external noopener\" data-rider=\"53241\" target=\"_blank\">Soen LE PANN<\/a>\u00a0(EC Plestin Pays du Tr\u00e9gor)\u00a0<br \/><a class=\"rider-link mention\" href=\"https:\/\/www.directvelo.com\/coureur\/58610\/axel-martineau\" rel=\"external noopener\" data-rider=\"58610\" target=\"_blank\">Axel MARTINEAU<\/a>\u00a0(Durtal VS)<br \/><a class=\"rider-link mention\" href=\"https:\/\/www.directvelo.com\/coureur\/58617\/lilian-moriniere\" rel=\"external noopener\" data-rider=\"58617\" target=\"_blank\">Lilian MORINI\u00c8RE<\/a>\u00a0(Centre de Formation CIC U Nantes)<br \/><a class=\"rider-link mention\" href=\"https:\/\/www.directvelo.com\/coureur\/53294\/leo-verrier\" rel=\"external noopener\" data-rider=\"53294\" target=\"_blank\">L\u00e9o VERRIER<\/a>\u00a0(CA Evron)\u00a0<\/p>\n<p>Rempla\u00e7ants<br \/><a class=\"rider-link mention\" href=\"https:\/\/www.directvelo.com\/coureur\/53236\/paul-goux\" rel=\"external noopener\" data-rider=\"53236\" target=\"_blank\">Paul GOUX<\/a>\u00a0(AC Bisontine) <br \/><a class=\"rider-link mention\" href=\"https:\/\/www.directvelo.com\/coureur\/58613\/malo-suire\" rel=\"external noopener\" data-rider=\"58613\" target=\"_blank\">Malo SUIRE<\/a>\u00a0(Centre de Formation CIC U Nantes) <\/p>\n<p><strong>Espoirs Hommes<br \/><\/strong><a class=\"rider-link mention\" href=\"https:\/\/www.directvelo.com\/coureur\/43333\/thomas-courcier\" rel=\"external noopener\" data-rider=\"43333\" target=\"_blank\">Thomas COURCIER<\/a> (Sabl\u00e9 Sarthe Cyclisme)<br \/><a class=\"rider-link mention\" href=\"https:\/\/www.directvelo.com\/coureur\/37796\/alexis-david\" rel=\"external noopener\" data-rider=\"37796\" target=\"_blank\">Alexis DAVID<\/a>\u00a0(AC Bisontine) <br \/><a class=\"rider-link mention\" href=\"https:\/\/www.directvelo.com\/coureur\/37826\/romain-debord\" rel=\"external noopener\" data-rider=\"37826\" target=\"_blank\">Romain DEBORD<\/a>\u00a0(AS Bike Racing-France Literie)\u00a0<br \/><a class=\"rider-link mention\" href=\"https:\/\/www.directvelo.com\/coureur\/36827\/corentin-lequet\" rel=\"external noopener\" data-rider=\"36827\" target=\"_blank\">Corentin LEQUET<\/a>\u00a0(ACT Cycking)\u00a0<br \/><a class=\"rider-link mention\" href=\"https:\/\/www.directvelo.com\/coureur\/43346\/jules-simon\" rel=\"external noopener\" data-rider=\"43346\" target=\"_blank\">Jules SIMON<\/a>\u00a0(AS Bike Racing-France Literie)<br \/><a class=\"rider-link mention\" href=\"https:\/\/www.directvelo.com\/coureur\/43328\/aubin-sparfel\" rel=\"external noopener\" data-rider=\"43328\" target=\"_blank\">Aubin SPARFEL<\/a>\u00a0(Decathlon AG2R La Mondiale DT) <br \/><a class=\"rider-link mention\" href=\"https:\/\/www.directvelo.com\/coureur\/43317\/louis-tanguy\" rel=\"external noopener\" data-rider=\"43317\" target=\"_blank\">Louis TANGUY<\/a>\u00a0(ACT Cycling)<br \/><a class=\"rider-link mention\" href=\"https:\/\/www.directvelo.com\/coureur\/47430\/theophile-vassal\" rel=\"external noopener\" data-rider=\"47430\" target=\"_blank\">Th\u00e9ophile VASSAL<\/a>\u00a0(Jura Cyclisme) <br \/><a class=\"rider-link mention\" href=\"https:\/\/www.directvelo.com\/coureur\/47475\/aubin-villar-thiery\" rel=\"external noopener\" data-rider=\"47475\" target=\"_blank\">Aubin VILLAR THIERY<\/a>\u00a0(EC Ch\u00e2teau-Thierry) <br \/><a class=\"rider-link mention\" href=\"https:\/\/www.directvelo.com\/coureur\/37807\/alexis-vivot\" rel=\"external noopener\" data-rider=\"37807\" target=\"_blank\">Alexis VIVOT<\/a>\u00a0(VC Dolois)<\/p>\n<p>Rempla\u00e7ants<br \/><a class=\"rider-link mention\" href=\"https:\/\/www.directvelo.com\/coureur\/37795\/nathan-dos-reis-graca\" rel=\"external noopener\" data-rider=\"37795\" target=\"_blank\">Nathan DOS REIS GRACA<\/a>\u00a0(Montlu\u00e7on Cyclisme) <br \/><a class=\"rider-link mention\" href=\"https:\/\/www.directvelo.com\/coureur\/43329\/emilien-romain\" rel=\"external noopener\" data-rider=\"43329\" target=\"_blank\">Emilien ROMAIN<\/a>\u00a0(CC Villeneuve Saint-Germain)<\/p>\n","protected":false},"excerpt":{"rendered":"Flamanville (Manche) accueillera le 30 novembre prochain la deuxi\u00e8me manche de la Coupe du Monde de cyclo-cross. Retrouvez&hellip;\n","protected":false},"author":2,"featured_media":541534,"comment_status":"","ping_status":"","sticky":false,"template":"","format":"standard","meta":{"footnotes":""},"categories":[1411],"tags":[834,828,836,829,837,827,83,826,824,823,1154,207,814,817,815,816,822,821,832,211,839,1011,27,820,818,819,835,831,830,833,838,60,212,208,825],"class_list":{"0":"post-541533","1":"post","2":"type-post","3":"status-publish","4":"format-standard","5":"has-post-thumbnail","7":"category-cyclisme","8":"tag-attaque","9":"tag-belgique","10":"tag-braquet","11":"tag-bretagne","12":"tag-chute","13":"tag-competition","14":"tag-coupe-de-france","15":"tag-coureur","16":"tag-course-cyclisme","17":"tag-course-cycliste","18":"tag-cycling","19":"tag-cyclisme","20":"tag-direct","21":"tag-direct-velo","22":"tag-directvelo","23":"tag-directvelo-com","24":"tag-epreuve","25":"tag-epreuve-cycliste","26":"tag-federation-francaise-de-cyclisme","27":"tag-ffc","28":"tag-flandres","29":"tag-fr","30":"tag-france","31":"tag-live","32":"tag-live-course","33":"tag-live-epreuve","34":"tag-peloton","35":"tag-radio-peloton","36":"tag-radio-tour","37":"tag-ravitaillement","38":"tag-relance","39":"tag-sports","40":"tag-uci","41":"tag-velo","42":"tag-velos"},"share_on_mastodon":{"url":"https:\/\/pubeurope.com\/@fr\/115568309958999965","error":""},"_links":{"self":[{"href":"https:\/\/www.europesays.com\/fr\/wp-json\/wp\/v2\/posts\/541533","targetHints":{"allow":["GET"]}}],"collection":[{"href":"https:\/\/www.europesays.com\/fr\/wp-json\/wp\/v2\/posts"}],"about":[{"href":"https:\/\/www.europesays.com\/fr\/wp-json\/wp\/v2\/types\/post"}],"author":[{"embeddable":true,"href":"https:\/\/www.europesays.com\/fr\/wp-json\/wp\/v2\/users\/2"}],"replies":[{"embeddable":true,"href":"https:\/\/www.europesays.com\/fr\/wp-json\/wp\/v2\/comments?post=541533"}],"version-history":[{"count":0,"href":"https:\/\/www.europesays.com\/fr\/wp-json\/wp\/v2\/posts\/541533\/revisions"}],"wp:featuredmedia":[{"embeddable":true,"href":"https:\/\/www.europesays.com\/fr\/wp-json\/wp\/v2\/media\/541534"}],"wp:attachment":[{"href":"https:\/\/www.europesays.com\/fr\/wp-json\/wp\/v2\/media?parent=541533"}],"wp:term":[{"taxonomy":"category","embeddable":true,"href":"https:\/\/www.europesays.com\/fr\/wp-json\/wp\/v2\/categories?post=541533"},{"taxonomy":"post_tag","embeddable":true,"href":"https:\/\/www.europesays.com\/fr\/wp-json\/wp\/v2\/tags?post=541533"}],"curies":[{"name":"wp","href":"https:\/\/api.w.org\/{rel}","templated":true}]}}