{"id":541536,"date":"2025-11-18T02:21:16","date_gmt":"2025-11-18T02:21:16","guid":{"rendered":"https:\/\/www.europesays.com\/fr\/541536\/"},"modified":"2025-11-18T02:21:16","modified_gmt":"2025-11-18T02:21:16","slug":"franck-gastambide-incapable-de-retenir-ses-larmes-nathalie-levy-le-pousse-dans-ses-retranchements-dans-en-aparte","status":"publish","type":"post","link":"https:\/\/www.europesays.com\/fr\/541536\/","title":{"rendered":"Franck Gastambide incapable de retenir ses larmes : Nathalie Levy le pousse dans ses retranchements dans \u00ab\u00a0En apart\u00e9\u00a0\u00bb"},"content":{"rendered":"<p><a href=\"https:\/\/vsd.fr\/90962-franck-gastambide-victime-de-chantage-violences-menaces-apres-la-sortie-de-sa-serie-a-succes\/\" target=\"_blank\" rel=\"noopener\">Entre Franck Gastambide<\/a> et les animaux, c\u2019est une grande histoire d\u2019amour. Notamment parce que gr\u00e2ce \u00e0 nos amis \u00e0 quatre pattes, <a href=\"https:\/\/www.public.fr\/franck-gastambide-est-il-vraiment-plus-intelligent-que-vous\" target=\"_blank\" rel=\"noopener\">le com\u00e9dien de 47 ans<\/a> a pu jouir de la carri\u00e8re que tout le monde lui conna\u00eet aujourd\u2019hui.<\/p>\n<p>En effet, avant d\u2019\u00eatre acteur et r\u00e9alisateur, celui-ci \u00e9tait dresseur de chiens. Une passion pour les animaux qui lui vient \u00e0 l\u2019\u00e2ge de 13 ans et particuli\u00e8rement pour les chiens : \u00ab\u00a0parce que la majorit\u00e9 des animaux que j&rsquo;avais en bas de chez moi, c&rsquo;\u00e9taient des chiens de type molosses\u00a0\u00bb, confiait-il \u00e0 l\u2019AFP. Au fil des ann\u00e9es, il devient un sp\u00e9cialiste du dressage de chiens dangereux, rottweilers ou pitbulls.<\/p>\n<p>C\u2019est finalement \u00e0 l\u2019\u00e2ge de 20 ans qu\u2019il met un pied dans le cin\u00e9ma lorsqu\u2019il se retrouve charg\u00e9 de dresser ceux du film <strong>\u00ab\u00a0Les Rivi\u00e8res pourpres\u00a0\u00bb<\/strong> de Mathieu Kassovitz : \u00ab\u00a0C\u2019est le d\u00e9but de mon arriv\u00e9e dans un nouveau monde qui m&rsquo;\u00e9tait totalement inaccessible, le cin\u00e9ma\u00a0\u00bb. Aujourd\u2019hui, il n\u2019a rien oubli\u00e9 de son pass\u00e9 et de ce qu\u2019il doit \u00e0 animaux.<\/p>\n<p>Franck Gastambide surpris par Nathalie Levy dans \u00ab\u00a0En apart\u00e9\u00a0\u00bb<\/p>\n<p>La preuve, avec sa grande \u00e9motion ce lundi 17 novembre 2025. A l\u2019occasion du lancement de la troisi\u00e8me saison de <strong>Valid\u00e9<\/strong> ce lundi soir, Franck Gastambide est l\u2019invit\u00e9 de Nathalie Levy dans <strong>\u00ab\u00a0En apart\u00e9\u00a0\u00bb<\/strong>, en compagnie des acteurs Sa\u00efdou Camara <a href=\"https:\/\/www.public.fr\/brahim-bouhlel-2-mois-apres-sa-sortie-de-prison-l-acteur-de-valide-tacle-ceux-qui-l-ont-abandonne-dans-une-surprenante-video-youtube\" target=\"_blank\" rel=\"noopener\">et Brahim Bouhlel.<\/a><\/p>\n<p>Assis sur le canap\u00e9 de l\u2019\u00e9mission tous les trois, ces derniers vont faire face \u00e0 une peluche sur une table. <strong>\u00ab\u00a0Mais il a qui ce doudou l\u00e0 ?\u00a0\u00bb,<\/strong> va demander Sa\u00efdou Camara avant que la journaliste ne demande : \u00ab\u00a0Alors, alors est-ce que \u00e7a vous dit quelque chose messieurs ?\u00a0\u00bb. \u00ab\u00a0Ouais, moi \u00e7a me dit quelque chose, bien s\u00fbr. Les animaux. Et un chien en particulier, c&rsquo;est un petit Rottweiler\u00a0\u00bb, va r\u00e9pondre Franck Gastambide. L\u2019occasion pour Nathalie Levy de pr\u00e9ciser : <strong>\u00ab\u00a0Exactement. On pourrait l&rsquo;appeler Bilbo m\u00eame, Franck\u00a0\u00bb.<\/strong> \u00ab\u00a0Oh, mais \u00e0 qui vous avez parl\u00e9, c&rsquo;est pas possible\u2026 <strong>Ah \u00e7a, c&rsquo;est pas gentil.<\/strong>\u00ab\u00a0, va r\u00e9torquer le principal int\u00e9ress\u00e9 surpris et tr\u00e8s \u00e9mu.<\/p>\n<p>Le com\u00e9dien au bord des larmes en \u00e9voquant son rapport aux animaux<\/p>\n<p>En effet, au bord des larmes, le r\u00e9alisateur de Valid\u00e9 va se confier sur son lien particulier avec les chiens. \u00ab\u00a0Bah, en fait, quand on est dernier de la classe, on est en d\u00e9valorisation et puis d&rsquo;un coup on trouve un peu d&rsquo;amour dans le regard des animaux en fait. Il s&rsquo;av\u00e8re qu&rsquo;en bas de chez moi les animaux qui avaient, ils ressemblaient \u00e0 \u00e7a. Ils ressemblaient \u00e0 des Rottweilers, ils ressemblaient \u00e0 des Pitbulls et <strong>eux ne me jugeaient pas<\/strong>. Il n\u2019y avait pas besoin de dipl\u00f4me pour essayer de les comprendre et donc pour les gens qui ne le savent pas, <strong>je rentre dans le cin\u00e9ma en \u00e9tant dresseur d&rsquo;animaux<\/strong>, dresseur de chiens pour le cin\u00e9ma\u00a0\u00bb, va r\u00e9v\u00e9l\u00e9 Franck Gastambide.<\/p>\n<p>Ce dernier va \u00e9galement confier que son rapport aux animaux a chang\u00e9 toute sa vie : \u00ab\u00a0c\u2019est-\u00e0-dire que d&rsquo;un coup je me dis que je vais peut-\u00eatre m&rsquo;int\u00e9resser \u00e0 ces chiens-l\u00e0 et puis je vais finir par les comprendre, je vais comprendre que dresser des animaux en fait, c&rsquo;est communiquer avec eux et puis <strong>je vais le faire tellement bien qu&rsquo;on vient me chercher pour faire des films avec mes animaux<\/strong>\u00ab\u00a0.<\/p>\n<p>Franck Gastambide doit une grande partie de sa vie aux animaux, en particulier aux chiens, et ne le reniera jamais. L\u2019\u00e9pisode complet du nouveau num\u00e9ro de \u00ab\u00a0<strong>En apart\u00e9<\/strong>\u00a0\u00bb est \u00e0 retrouver ce lundi 17 novembre 2025 \u00e0 partir de 20h30 sur Canal+.<\/p>\n<p>\n          Hits &amp; People en continu\n        <\/p>\n<p>\n          Public Radio\n        <\/p>\n<p>      Mentionn\u00e9s dans cet article<\/p>\n<p>      Sur le m\u00eame sujet<\/p>\n","protected":false},"excerpt":{"rendered":"Entre Franck Gastambide et les animaux, c\u2019est une grande histoire d\u2019amour. Notamment parce que gr\u00e2ce \u00e0 nos amis&hellip;\n","protected":false},"author":2,"featured_media":541537,"comment_status":"","ping_status":"","sticky":false,"template":"","format":"standard","meta":{"footnotes":""},"categories":[1359],"tags":[10474,58,6545,59,1011,27,65958,65959,973],"class_list":{"0":"post-541536","1":"post","2":"type-post","3":"status-publish","4":"format-standard","5":"has-post-thumbnail","7":"category-people","8":"tag-canal","9":"tag-divertissement","10":"tag-en-aparte","11":"tag-entertainment","12":"tag-fr","13":"tag-france","14":"tag-franck-gastambide","15":"tag-nathalie-levy","16":"tag-people"},"share_on_mastodon":{"url":"https:\/\/pubeurope.com\/@fr\/115568317779536206","error":""},"_links":{"self":[{"href":"https:\/\/www.europesays.com\/fr\/wp-json\/wp\/v2\/posts\/541536","targetHints":{"allow":["GET"]}}],"collection":[{"href":"https:\/\/www.europesays.com\/fr\/wp-json\/wp\/v2\/posts"}],"about":[{"href":"https:\/\/www.europesays.com\/fr\/wp-json\/wp\/v2\/types\/post"}],"author":[{"embeddable":true,"href":"https:\/\/www.europesays.com\/fr\/wp-json\/wp\/v2\/users\/2"}],"replies":[{"embeddable":true,"href":"https:\/\/www.europesays.com\/fr\/wp-json\/wp\/v2\/comments?post=541536"}],"version-history":[{"count":0,"href":"https:\/\/www.europesays.com\/fr\/wp-json\/wp\/v2\/posts\/541536\/revisions"}],"wp:featuredmedia":[{"embeddable":true,"href":"https:\/\/www.europesays.com\/fr\/wp-json\/wp\/v2\/media\/541537"}],"wp:attachment":[{"href":"https:\/\/www.europesays.com\/fr\/wp-json\/wp\/v2\/media?parent=541536"}],"wp:term":[{"taxonomy":"category","embeddable":true,"href":"https:\/\/www.europesays.com\/fr\/wp-json\/wp\/v2\/categories?post=541536"},{"taxonomy":"post_tag","embeddable":true,"href":"https:\/\/www.europesays.com\/fr\/wp-json\/wp\/v2\/tags?post=541536"}],"curies":[{"name":"wp","href":"https:\/\/api.w.org\/{rel}","templated":true}]}}