{"id":541542,"date":"2025-11-18T02:25:18","date_gmt":"2025-11-18T02:25:18","guid":{"rendered":"https:\/\/www.europesays.com\/fr\/541542\/"},"modified":"2025-11-18T02:25:18","modified_gmt":"2025-11-18T02:25:18","slug":"qui-sont-d2l-et-yadley-les-deux-nouveaux-rappeurs-de-la-saison-3","status":"publish","type":"post","link":"https:\/\/www.europesays.com\/fr\/541542\/","title":{"rendered":"Qui sont D2L et Yadley, les deux nouveaux rappeurs de la saison 3\u00a0?"},"content":{"rendered":"<p>La s\u00e9rie GOAT autour du rap hexagonal revient dans le game\u00a0! Canal+\u00a0diffuse ce lundi \u00e0 21\u00a0heures les deux premiers \u00e9pisodes de la saison 3 de <a href=\"https:\/\/www.20minutes.fr\/arts-stars\/serie\/2744107-20200321-valide-rappeurs-celebres-donnent-credibilite-serie-explique-franck-gastambide\" class=\"c-link c-link--is-underlined\" target=\"_blank\" rel=\"noopener\">Valid\u00e9<\/a>. \u00ab\u00a0Cette fois-ci, j\u2019ai eu envie d\u2019explorer la face cach\u00e9e du milieu\u00a0: les fermes \u00e0 stream, la triche, les guerres fratricides entre labels \u2013 voire entre membres d\u2019un m\u00eame groupe. Des th\u00e9matiques encore in\u00e9dites \u00e0 l\u2019\u00e9cran, mais qui sont une r\u00e9alit\u00e9\u00a0\u00bb, explique Franck Gastambide, le cr\u00e9ateur du show, dans le dossier de presse de la s\u00e9rie.<\/p>\n<p><\/p>\n<p>Dans cette nouvelle salve de huit \u00e9pisodes, Brahim (Brahim Bouhel) et William (Sa\u00efdou Camara), les fondateurs du label Apash Music signent le groupe Cobra, men\u00e9 par Zak et Salif. Ce duo de jeunes rappeurs prometteurs est pr\u00eat \u00e0 tout pour percer, quitte \u00e0 sacrifier l\u2019amiti\u00e9 qui les lie et \u00e0 se livrer une guerre d\u2019ego sans merci.<\/p>\n<p>Deux nouvelles p\u00e9pites incarn\u00e9es par Delil Ozhan, dit \u00ab\u00a0D2L\u00a0\u00bb et Heardley Stinvil, dit \u00ab\u00a0Yadley\u00a0\u00bb. Apr\u00e8s <a href=\"https:\/\/www.20minutes.fr\/arts-stars\/insolite\/4136895-20250203-devrais-etre-urgences-pourquoi-rappeur-hatik-arreter-concert-samedi\" target=\"_blank\" class=\"c-link c-link--is-underlined\" rel=\"noopener\">Hatik<\/a> et Laeti, qui sont ces deux rappeurs qui vont \u00eatre propuls\u00e9s sur le devant de la sc\u00e8ne gr\u00e2ce \u00e0 la s\u00e9rie de <a href=\"https:\/\/www.20minutes.fr\/arts-stars\/medias\/canal_plus\/\" class=\"c-link c-link--is-underlined\" target=\"_blank\" rel=\"noopener\">Canal+<\/a>\u00a0?<\/p>\n<p>D2L incarne un ancien espoir du foot<\/p>\n<p>Dans Valid\u00e9, Delil Ozhan, alias D2L ou L\u2019Enfoir\u00e9 joue Zak, un ancien espoir du football dont la carri\u00e8re a \u00e9t\u00e9 tragiquement bris\u00e9e et qui r\u00eave d\u2019une seconde chance dans le rap.<\/p>\n<p>N\u00e9 le 23\u00a0ao\u00fbt 2005 \u00e0 Orl\u00e9ans, D2L ou a grandi entre sa ville natale et Aubervilliers. \u00ab\u00a0Quand j\u2019\u00e9tais petit, je voulais faire de la musique et je voulais faire du cin\u00e9ma\u00a0\u00bb, explique-t-il \u00e0 <a href=\"https:\/\/www.instagram.com\/reel\/DQr8RfaAkut\/\" target=\"_blank\" class=\"c-link c-link--is-underlined\" rel=\"noopener\">Raplume<\/a>.<\/p>\n<p>C\u2019est \u00e0 l\u2019\u00e2ge de 13 ans, lors d\u2019un atelier d\u2019\u00e9criture en maison de jeunesse que D2L d\u00e9couvre sa passion pour le rap, selon les informations d\u2019<a href=\"https:\/\/www.instagram.com\/p\/DD1yj75MAUU\/\" target=\"_blank\" class=\"c-link c-link--is-underlined\" rel=\"noopener\">Industry<\/a>. D2L a patient\u00e9 avant de commencer \u00e0 \u00ab\u00a0sortir des sons\u00a0\u00bb, parce que comme il le dit lui-m\u00eame, \u00ab\u00a0dans le rap, il faut \u00eatre bon\u00a0\u00bb.<\/p>\n<p>Encore m\u00e9connu du grand public, le jeune rappeur de 20 ans, qui compte quelque 28,4 K auditeurs mensuels sur <a href=\"https:\/\/www.20minutes.fr\/dossier\/spotify\" class=\"c-link c-link--is-underlined\" target=\"_blank\" rel=\"noopener\">Spotify<\/a>, a sorti son premier projet, un EP de neuf tracks intitul\u00e9 \u00ab\u00a0Vie d\u2019Enflure\u00a0\u00bb en\u00a02025, o\u00f9 il se distingue par son flow pr\u00e9cis, des lyrics ancr\u00e9s dans le quotidien des cit\u00e9s et sa capacit\u00e9 \u00e0 mixer introspection et \u00e9nergie brute. Il s\u2019est fait notamment remarquer des auditeurs de Plan\u00e8te Rap sur Skyrock en mars dernier avec son titre <a href=\"https:\/\/www.youtube.com\/watch?v=Pt6ahkLTehQ\" target=\"_blank\" class=\"c-link c-link--is-underlined\" rel=\"noopener\">Sakin 1<\/a>.<\/p>\n<p>Yadley joue un voyou \u00e0 l\u2019ego d\u00e9mesur\u00e9<\/p>\n<p>Dans Valid\u00e9, Heardley Stinvil, alias Yadley, incarne Salif, un petit voyou pouss\u00e9 par une ambition et un ego d\u00e9mesur\u00e9. Un personnage \u00e0 mille lieues de son interpr\u00e8te. Originaire de Cr\u00e9teil, quartier du Palais, Yadley s\u2019est mis \u00e0 \u00e9couter du rap \u00ab\u00a0assez tard vers 15-16 ans.\u00a0\u00bb et \u00e0 \u00e9crire en\u00a02018.<\/p>\n<p>\u00ab\u00a0A la base, j\u2019avais honte de rapper parce que je me disais\u00a0: \u201cVas-y, je suis un noir, je viens de cit\u00e9, je vais faire du rap\u201d. Genre, je vais r\u00e9unir tous les clich\u00e9s. J\u2019ai des locks, il manquerait plus que je fume de la beuh\u00a0\u00bb, rit-il \u00e0 l\u2019antenne de <a href=\"https:\/\/www.youtube.com\/watch?v=8JqMTiKIvLU\" target=\"_blank\" class=\"c-link c-link--is-underlined\" rel=\"noopener\">Grice TV<\/a>.<\/p>\n<p>\u00ab\u00a0Je peux rapper cru, rapper po\u00e9tique\u00a0\u00bb, raconte celui qui aime prendre \u00ab\u00a0son temps pour \u00e9crire\u00a0\u00bb. Le rappeur a d\u00e9j\u00e0 sorti plusieurs EP dont Comme du vin et Aurum Ferre et compte 29,4 k auditeurs mensuel sur Spotify.<\/p>\n<p>\u00ab\u00a0J\u2019aime avoir le dernier mot sur ce que je fais\u00a0\u00bb, explique le jeune rappeur, qui travaille de mani\u00e8re ind\u00e9pendante sur ses projets. \u00ab\u00a0Je fais attention \u00e0 mes finances\u00a0\u00bb, confie celui qui a \u00e9pargn\u00e9 l\u2019argent gagn\u00e9 gr\u00e2ce \u00e0 des jobs \u00e9tudiants durant ces ann\u00e9es pass\u00e9es sur les bancs de la fac et qui travaille, en dehors de la musique, comme coach de Muay-Tha\u00ef \u00e0 Cr\u00e9teil. Celui qui esp\u00e8re \u00ab\u00a0continuer \u00e0 progresser et \u00e0 prendre de la valeur.\u00a0\u00bb<\/p>\n<p>Son r\u00f4le cl\u00e9 de \u00ab\u00a0\u201cm\u00e9chant\u201d de cette saison \u2013 comme l\u2019\u00e9tait le personnage de Karnage avant lui\u00a0\u00bb, selon <a href=\"https:\/\/www.20minutes.fr\/societe\/4140068-20250221-franck-gastambide-accuse-violences-sexuelles-psychologiques-six-femmes\" target=\"_blank\" class=\"c-link c-link--is-underlined\" rel=\"noopener\">Franck Gastambide<\/a>, dans la nouvelle saison de Valid\u00e9, pourrait bien lui offrir le coup de projecteur qu\u2019il m\u00e9rite.<\/p>\n<p><script async src=\"\/\/www.instagram.com\/embed.js\"><\/script><\/p>\n","protected":false},"excerpt":{"rendered":"La s\u00e9rie GOAT autour du rap hexagonal revient dans le game\u00a0! Canal+\u00a0diffuse ce lundi \u00e0 21\u00a0heures les deux&hellip;\n","protected":false},"author":2,"featured_media":541543,"comment_status":"","ping_status":"","sticky":false,"template":"","format":"standard","meta":{"footnotes":""},"categories":[1355],"tags":[10474,58,59,1011,27,1361,873,3616,6198,521],"class_list":{"0":"post-541542","1":"post","2":"type-post","3":"status-publish","4":"format-standard","5":"has-post-thumbnail","7":"category-musique","8":"tag-canal","9":"tag-divertissement","10":"tag-entertainment","11":"tag-fr","12":"tag-france","13":"tag-music","14":"tag-musique","15":"tag-rap","16":"tag-rappeur","17":"tag-serie"},"share_on_mastodon":{"url":"https:\/\/pubeurope.com\/@fr\/115568333558819803","error":""},"_links":{"self":[{"href":"https:\/\/www.europesays.com\/fr\/wp-json\/wp\/v2\/posts\/541542","targetHints":{"allow":["GET"]}}],"collection":[{"href":"https:\/\/www.europesays.com\/fr\/wp-json\/wp\/v2\/posts"}],"about":[{"href":"https:\/\/www.europesays.com\/fr\/wp-json\/wp\/v2\/types\/post"}],"author":[{"embeddable":true,"href":"https:\/\/www.europesays.com\/fr\/wp-json\/wp\/v2\/users\/2"}],"replies":[{"embeddable":true,"href":"https:\/\/www.europesays.com\/fr\/wp-json\/wp\/v2\/comments?post=541542"}],"version-history":[{"count":0,"href":"https:\/\/www.europesays.com\/fr\/wp-json\/wp\/v2\/posts\/541542\/revisions"}],"wp:featuredmedia":[{"embeddable":true,"href":"https:\/\/www.europesays.com\/fr\/wp-json\/wp\/v2\/media\/541543"}],"wp:attachment":[{"href":"https:\/\/www.europesays.com\/fr\/wp-json\/wp\/v2\/media?parent=541542"}],"wp:term":[{"taxonomy":"category","embeddable":true,"href":"https:\/\/www.europesays.com\/fr\/wp-json\/wp\/v2\/categories?post=541542"},{"taxonomy":"post_tag","embeddable":true,"href":"https:\/\/www.europesays.com\/fr\/wp-json\/wp\/v2\/tags?post=541542"}],"curies":[{"name":"wp","href":"https:\/\/api.w.org\/{rel}","templated":true}]}}