{"id":541548,"date":"2025-11-18T02:28:18","date_gmt":"2025-11-18T02:28:18","guid":{"rendered":"https:\/\/www.europesays.com\/fr\/541548\/"},"modified":"2025-11-18T02:28:18","modified_gmt":"2025-11-18T02:28:18","slug":"booste-a-bloc-lucas-chevalier-va-tout-casser","status":"publish","type":"post","link":"https:\/\/www.europesays.com\/fr\/541548\/","title":{"rendered":"\u00ab Boost\u00e9 \u00e0 bloc \u00bb, Lucas Chevalier va tout casser"},"content":{"rendered":"<p><b>Lucas Chevalier a connu sa premi\u00e8re s\u00e9lection avec l&rsquo;\u00e9quipe de France ce dimanche contre l&rsquo;Azerba\u00efdjan. Le portier tricolore est apparemment gonfl\u00e9 \u00e0 bloc avant de revenir au PSG. <\/b><\/p>\n<p>L&rsquo;\u00e9quipe de France a bien termin\u00e9 son ann\u00e9e 2025 avec un succ\u00e8s sur la pelouse de l&rsquo;Azerba\u00efdjan ce dimanche. Didier Deschamps avait consid\u00e9rablement fait tourner son effectif pour ce match sans enjeux. Lucas Chevalier \u00e9tait notamment titulaire. C&rsquo;\u00e9tait d&rsquo;ailleurs la premi\u00e8re s\u00e9lection pour le portier du <a href=\"https:\/\/www.foot01.com\/transfert-mbappe-mercato\/260me-pour-mbappe-180me-pour-le-psg-cest-la-guerre\" target=\"_self\" rel=\"nofollow noopener\">PSG<\/a>, qui aura encaiss\u00e9 un but en d\u00e9but de rencontre. De quoi n\u00e9anmoins lui redonner un peu confiance ? C&rsquo;est sans doute le cas, alors que l&rsquo;ancien du LOSC ne connait pas forc\u00e9ment la saison souhait\u00e9e sous les couleurs du club de la capitale.Chevalier savoure le moment<\/p>\n<p>Apr\u00e8s la rencontre gagn\u00e9e par les Bleus en Azerba\u00efdjan, Lucas Chevalier a en tout cas envoy\u00e9 un message fort sur Instragram, en \u00e9crivant en post : \u00ab Un moment sp\u00e9cial qui restera grav\u00e9 dans ma m\u00e9moire. Repr\u00e9senter la nation est, et sera toujours, l\u2019une de mes plus grandes fiert\u00e9s personnelles. Retour en club boost\u00e9 \u00e0 bloc \u00bb.\u00a0<\/p>\n<p>Lucas Chevalier sera de nouveau attendu au tournant avec le PSG d\u00e8s samedi prochain lors de la r\u00e9ception du Havre en <a href=\"https:\/\/www.foot01.com\/ligue1\" title=\"Ligue 1\" rel=\"nofollow noopener\" target=\"_blank\">Ligue 1<\/a>, puis celle de Tottenham en Ligue des champions quelques jours plus tard. Les fans et observateurs des champions d&rsquo;Europe attendent bien mieux du natif de Calais. Il devra notamment retrouver de la s\u00e9r\u00e9nit\u00e9 pour continuer \u00e0 progresser avec les pensionnaires du Parc des Princes. La confiance donn\u00e9e par Didier Deschamps en \u00e9quipe de France n&rsquo;est pas anodine et pourrait faire la diff\u00e9rence dans le futur. Lucas Chevalier va en tout cas devoir se tenir pr\u00eat \u00e0 assumer son r\u00f4le de num\u00e9ro 2 pendant la Coupe du monde, sachant qu&rsquo;une blessure \u00e9ventuelle de Mike Maignan pourrait lui donner encore plus de responsabilit\u00e9s.<\/p>\n","protected":false},"excerpt":{"rendered":"Lucas Chevalier a connu sa premi\u00e8re s\u00e9lection avec l&rsquo;\u00e9quipe de France ce dimanche contre l&rsquo;Azerba\u00efdjan. Le portier tricolore&hellip;\n","protected":false},"author":2,"featured_media":541549,"comment_status":"","ping_status":"","sticky":false,"template":"","format":"standard","meta":{"footnotes":""},"categories":[9],"tags":[64,1011,27,66,93,60],"class_list":{"0":"post-541548","1":"post","2":"type-post","3":"status-publish","4":"format-standard","5":"has-post-thumbnail","7":"category-sports","8":"tag-equipe-de-france","9":"tag-fr","10":"tag-france","11":"tag-ligue-1","12":"tag-psg","13":"tag-sports"},"share_on_mastodon":{"url":"https:\/\/pubeurope.com\/@fr\/115568345430224032","error":""},"_links":{"self":[{"href":"https:\/\/www.europesays.com\/fr\/wp-json\/wp\/v2\/posts\/541548","targetHints":{"allow":["GET"]}}],"collection":[{"href":"https:\/\/www.europesays.com\/fr\/wp-json\/wp\/v2\/posts"}],"about":[{"href":"https:\/\/www.europesays.com\/fr\/wp-json\/wp\/v2\/types\/post"}],"author":[{"embeddable":true,"href":"https:\/\/www.europesays.com\/fr\/wp-json\/wp\/v2\/users\/2"}],"replies":[{"embeddable":true,"href":"https:\/\/www.europesays.com\/fr\/wp-json\/wp\/v2\/comments?post=541548"}],"version-history":[{"count":0,"href":"https:\/\/www.europesays.com\/fr\/wp-json\/wp\/v2\/posts\/541548\/revisions"}],"wp:featuredmedia":[{"embeddable":true,"href":"https:\/\/www.europesays.com\/fr\/wp-json\/wp\/v2\/media\/541549"}],"wp:attachment":[{"href":"https:\/\/www.europesays.com\/fr\/wp-json\/wp\/v2\/media?parent=541548"}],"wp:term":[{"taxonomy":"category","embeddable":true,"href":"https:\/\/www.europesays.com\/fr\/wp-json\/wp\/v2\/categories?post=541548"},{"taxonomy":"post_tag","embeddable":true,"href":"https:\/\/www.europesays.com\/fr\/wp-json\/wp\/v2\/tags?post=541548"}],"curies":[{"name":"wp","href":"https:\/\/api.w.org\/{rel}","templated":true}]}}