{"id":541550,"date":"2025-11-18T02:29:11","date_gmt":"2025-11-18T02:29:11","guid":{"rendered":"https:\/\/www.europesays.com\/fr\/541550\/"},"modified":"2025-11-18T02:29:11","modified_gmt":"2025-11-18T02:29:11","slug":"une-solution-qui-garantisse-la-securite-disrael-et-et-la-legitimite-du-peuple-palestinien-le-cri-du-coeur-de-patrick-bruel-dans-quotidien","status":"publish","type":"post","link":"https:\/\/www.europesays.com\/fr\/541550\/","title":{"rendered":"Une solution qui garantisse la s\u00e9curit\u00e9 d&rsquo;Isra\u00ebl et et la l\u00e9gitimit\u00e9 du peuple palestinien\u00a0\u00bb : le cri du c\u0153ur de Patrick Bruel dans \u00ab\u00a0Quotidien"},"content":{"rendered":"<p><a href=\"https:\/\/www.public.fr\/tag\/patrick-bruel\" target=\"_blank\" rel=\"noopener\">Patrick Bruel<\/a> se bat pour la paix et l\u2019a une nouvelle fois prouv\u00e9 ce lundi 17 novembre 2025. Le chanteur, qui excelle en tant que com\u00e9dien depuis plusieurs ann\u00e9es, \u00e9tait l\u2019invit\u00e9 de <a href=\"https:\/\/www.public.fr\/tag\/yann-barthes\" target=\"_blank\" rel=\"noopener\">Yann Barth\u00e8s<\/a> dans Quotidien pour la promotion de <a href=\"https:\/\/www.public.fr\/patrick-bruel-revient-en-comedien-sur-tf1-un-celebre-humoriste-se-moque-ouvertement-de-son-nouveau-role\" target=\"_blank\" rel=\"noopener\">la s\u00e9rie <strong>\u00ab\u00a0Menace imminente\u00a0\u00bb<\/strong><\/a>, qui d\u00e9marre ce lundi soir sur TF1.<\/p>\n<p>Dans cette s\u00e9rie, <a href=\"https:\/\/vsd.fr\/tag\/patrick-bruel\/\" target=\"_blank\" rel=\"noopener\">l\u2019artiste de 66 ans<\/a> interpr\u00e8te une l\u00e9gende du renseignement isra\u00e9lien, Zeev Abadi, rappel\u00e9 dans l&rsquo;urgence pour mettre la main sur le tra\u00eetre qui a d\u00e9rob\u00e9 un logiciel extr\u00eamement dangereux d\u00e9velopp\u00e9 dans le plus grand secret par une branche de l\u2019Arm\u00e9e isra\u00e9lienne. Il va collaborer avec une polici\u00e8re fran\u00e7aise de l\u2019antiterrorisme qui tente d&rsquo;\u00e9lucider une \u00e9trange disparition survenue en plein jour.<\/p>\n<p><a href=\"https:\/\/www.public.fr\/patrick-bruel-sa-grosse-mise-au-point-avant-la-diffusion-sur-tf1-de-menace-imminente\" target=\"_blank\" rel=\"noopener\">Le premier \u00e9pisode de cette s\u00e9rie<\/a> est diffus\u00e9 ce lundi soir et Patrick Bruel a accept\u00e9 d\u2019en faire la promotion chez Yann Barth\u00e8s. Ce dernier a profit\u00e9 de la venue de l\u2019interpr\u00e8te de Casser la voix pour l\u2019interroger sur les attentats du 7 octobre 2023 et donner son avis sur le conflit israelo-palestinien. <strong>L\u2019occasion pour Patrick Bruel de faire part de sa tristesse<\/strong> de voir deux peuples s\u2019affronter depuis si longtemps, alors que, tr\u00e8s souvent selon ses dires, une solution de paix \u00e9tait sur le point d\u2019\u00eatre trouv\u00e9e.<\/p>\n<p>Patrick Bruel garde espoir pour trouver une \u00ab\u00a0solution\u00a0\u00bb<\/p>\n<p>\u00ab\u00a0Une solution \u00e0 deux \u00c9tats, on en est tr\u00e8s loin l\u00e0\u00a0\u00bb, lui fait remarquer Yann Barth\u00e8s apr\u00e8s avoir diffus\u00e9 un extrait de la chanson <strong>Les chaises vides<\/strong> de son invit\u00e9, \u00e9crite un an apr\u00e8s les attentats : \u00ab\u00a0Oui, c&rsquo;est bien que vous mettiez dans cette chanson cette phrase-l\u00e0\u00a0\u00bb. \u00ab\u00a0Bien s\u00fbr, qu&rsquo;il y a des chaises vides de l&rsquo;autre c\u00f4t\u00e9 de la fronti\u00e8re et qu&rsquo;il n&rsquo;y a pas besoin d&rsquo;appartenir \u00e0 un camp ou \u00e0 une religion ou \u00e0 quoi que ce soit pour comprendre la douleur d&rsquo;une chaise vide \u00e0 la table Moi, j&rsquo;ai \u00e9crit cette chanson en hommage aux victimes de ce pogrom et aux otages\u00a0\u00bb, explique le chanteur et com\u00e9dien.\u00a0<\/p>\n<p>Ce dernier rappelle que, m\u00eame si aujourd\u2019hui nous sommes loin de trouver une solution, \u00ab\u00a0on a souvent \u00e9t\u00e9 proche et \u00e0 chaque fois, on s&rsquo;en est \u00e9loign\u00e9\u00a0\u00bb. \u00ab\u00a0<strong>Parce qu&rsquo;\u00e0 chaque fois, les artisans de la paix ont \u00e9t\u00e9 \u00e9limin\u00e9s<\/strong>, voire assassin\u00e9s, et souvent par des gens de leur propre camp, parce que <strong>la paix n&rsquo;arrange pas certaines personnes<\/strong>. Ce sont des minorit\u00e9s. Mais ceux que \u00e7a n&rsquo;arrange pas, c&rsquo;est ceux-l\u00e0 qu&rsquo;il faut combattre. Ce sont ces artisans de la haine et ce sont ces ennemis de la paix. C&rsquo;est eux qu&rsquo;il faut combattre\u00a0\u00bb, mart\u00e8le Patrick Bruel.<\/p>\n<p>L\u2019artiste de 66 ans se dit persuad\u00e9 qu\u2019il existe une solution et garde beaucoup d\u2019espoir. Pour cela, selon lui, il faut que \u00ab\u00a0les gens se parlent, \u00e9videmment, que les choses s&rsquo;apaisent, ensuite entamer un dialogue et proposer une vraie solution\u00a0\u00bb. Patrick Bruel souhaite <strong>une solution qui \u00ab\u00a0garantisse \u00e9videmment la s\u00e9curit\u00e9 d&rsquo;Isra\u00ebl et qui garantisse la l\u00e9gitimit\u00e9 du peuple palestinien<\/strong>, bien s\u00fbr\u00a0\u00bb.<\/p>\n<p>Le chanteur regrette les amalgames et l&rsquo;importation du conflit<\/p>\n<p>Ce que d\u00e9plore \u00e9galement Patrick Bruel, outre les morts beaucoup trop nombreux dans les deux camps depuis des ann\u00e9es, c\u2019est <strong>l&rsquo;importation de ce conflit et les amalgames<\/strong> qui en d\u00e9coulent qu\u2019il juge \u00ab\u00a0\u00e9pouvantables\u00a0\u00bb.<\/p>\n<p>\u00ab\u00a0On a toujours lutt\u00e9 contre les amalgames, toujours, quels qu&rsquo;ils soient. Et on \u00e9tait les premiers \u00e0 toujours. Moi, j&rsquo;\u00e9tais le premier \u00e0 me lever, \u00e0 toujours proposer des solutions Il faut faire la diff\u00e9rence. Toujours garder cette relation extraordinaire que j&rsquo;avais avec les musulmans, avec mes amis musulmans, de ne <strong>jamais les mettre dans le m\u00eame sac que le terrorisme<\/strong>, donc de pas faire la m\u00eame chose de l&rsquo;autre c\u00f4t\u00e9\u00a0\u00bb, demande le chanteur.<\/p>\n<p>Patrick Bruel a finalement demand\u00e9, avec beaucoup d&rsquo;\u00e9motion : \u00ab\u00a0Pourquoi un petit juif qui est dans une \u00e9cole \u00e0 Montr\u00e9al, \u00e0 Bogota, au Rio ou \u00e0 Paris, qu&rsquo;est-ce qu&rsquo;il a \u00e0 voir avec ce conflit ? <strong>Pourquoi est-ce que des artistes devraient \u00eatre boycott\u00e9s ?<\/strong> Parce que juste en fonction de leur religion, que ce soit d&rsquo;un c\u00f4t\u00e9 comme de l&rsquo;autre, c&rsquo;est impensable, absurde m\u00eame\u00a0\u00bb.<\/p>\n<p>\n          Hits &amp; People en continu\n        <\/p>\n<p>\n          Public Radio\n        <\/p>\n<p>      Mentionn\u00e9s dans cet article<\/p>\n<p>      Sur le m\u00eame sujet<\/p>\n","protected":false},"excerpt":{"rendered":"Patrick Bruel se bat pour la paix et l\u2019a une nouvelle fois prouv\u00e9 ce lundi 17 novembre 2025.&hellip;\n","protected":false},"author":2,"featured_media":541551,"comment_status":"","ping_status":"","sticky":false,"template":"","format":"standard","meta":{"footnotes":""},"categories":[8],"tags":[3259,58,59,1011,27,664,3518,5473,1404,1405],"class_list":{"0":"post-541550","1":"post","2":"type-post","3":"status-publish","4":"format-standard","5":"has-post-thumbnail","7":"category-divertissement","8":"tag-conflit-israelo-palestinien","9":"tag-divertissement","10":"tag-entertainment","11":"tag-fr","12":"tag-france","13":"tag-israel","14":"tag-palestine","15":"tag-patrick-bruel","16":"tag-quotidien","17":"tag-yann-barthes"},"share_on_mastodon":{"url":"https:\/\/pubeurope.com\/@fr\/115568349696610213","error":""},"_links":{"self":[{"href":"https:\/\/www.europesays.com\/fr\/wp-json\/wp\/v2\/posts\/541550","targetHints":{"allow":["GET"]}}],"collection":[{"href":"https:\/\/www.europesays.com\/fr\/wp-json\/wp\/v2\/posts"}],"about":[{"href":"https:\/\/www.europesays.com\/fr\/wp-json\/wp\/v2\/types\/post"}],"author":[{"embeddable":true,"href":"https:\/\/www.europesays.com\/fr\/wp-json\/wp\/v2\/users\/2"}],"replies":[{"embeddable":true,"href":"https:\/\/www.europesays.com\/fr\/wp-json\/wp\/v2\/comments?post=541550"}],"version-history":[{"count":0,"href":"https:\/\/www.europesays.com\/fr\/wp-json\/wp\/v2\/posts\/541550\/revisions"}],"wp:featuredmedia":[{"embeddable":true,"href":"https:\/\/www.europesays.com\/fr\/wp-json\/wp\/v2\/media\/541551"}],"wp:attachment":[{"href":"https:\/\/www.europesays.com\/fr\/wp-json\/wp\/v2\/media?parent=541550"}],"wp:term":[{"taxonomy":"category","embeddable":true,"href":"https:\/\/www.europesays.com\/fr\/wp-json\/wp\/v2\/categories?post=541550"},{"taxonomy":"post_tag","embeddable":true,"href":"https:\/\/www.europesays.com\/fr\/wp-json\/wp\/v2\/tags?post=541550"}],"curies":[{"name":"wp","href":"https:\/\/api.w.org\/{rel}","templated":true}]}}