{"id":541553,"date":"2025-11-18T02:32:16","date_gmt":"2025-11-18T02:32:16","guid":{"rendered":"https:\/\/www.europesays.com\/fr\/541553\/"},"modified":"2025-11-18T02:32:16","modified_gmt":"2025-11-18T02:32:16","slug":"voici-le-budget-cadeaux-des-francais-et-il-a-bien-change-enfants-petits-enfants-tout-le-monde-a-la-meme-chose","status":"publish","type":"post","link":"https:\/\/www.europesays.com\/fr\/541553\/","title":{"rendered":"voici le budget cadeaux des Fran\u00e7ais et il a bien chang\u00e9, \u00ab\u00a0Enfants, petits-enfants, tout le monde a la m\u00eame chose\u00a0\u00bb"},"content":{"rendered":"<p>Le budget consacr\u00e9 aux f\u00eates de fin d\u2019ann\u00e9e devrait encore<br \/>\ndiminuer cette ann\u00e9e en Mayenne et dans les Pays de la Loire. Selon<br \/>\nl\u2019\u00e9tude Ankorstore 2025, le \u00ab\u00a0<a href=\"https:\/\/www.mariefrance.fr\/actualite\/societe\/noel-budget-moyen-francais-cadeaux-2025-en-baisse-1216101.html\" rel=\"nofollow noopener\" target=\"_blank\">budget<br \/>\nNo\u00ebl<\/a>\u00a0\u00bb r\u00e9gional figure parmi les plus bas de France, <strong>en<br \/>\nrecul de 10 %<\/strong> par rapport \u00e0 2024. Une tendance confirm\u00e9e<br \/>\nsur le terrain, o\u00f9 l\u2019incertitude \u00e9conomique influence fortement les<br \/>\nd\u00e9cisions d\u2019achat des habitants.<\/p>\n<p>\u00c0 l\u2019approche des f\u00eates, l\u2019esprit de No\u00ebl s\u2019installe<br \/>\nprogressivement, mais dans un climat \u00e9conomique toujours tendu.<br \/>\nL\u2019\u00e9tude r\u00e9v\u00e8le que les foyers mayennais pr\u00e9voient <strong>en<br \/>\nmoyenne 384 euros pour No\u00ebl<\/strong>, un montant inf\u00e9rieur \u00e0 la<br \/>\nplupart des autres r\u00e9gions fran\u00e7aises. Dans ce budget, 71 %<br \/>\nseraient allou\u00e9s aux cadeaux et 21 % au repas. Les huit pourcents<br \/>\nrestants concerneraient divers achats li\u00e9s aux festivit\u00e9s.<\/p>\n<p>Voici le budget cadeaux de ces Fran\u00e7ais \u00e0 l&rsquo;approche de No\u00ebl et<br \/>\ndes f\u00eates de fin d&rsquo;ann\u00e9es<\/p>\n<p>Sur <a href=\"https:\/\/www.mariefrance.fr\/evasion\/plus-beaux-europe-marche-de-noel-suisse-neige-hiver-1220259.html\" rel=\"nofollow noopener\" target=\"_blank\"><br \/>\nle march\u00e9 de No\u00ebl<\/a> de La Ro\u00eb, organis\u00e9 les 15 et 16 novembre,<br \/>\nles visiteurs composent avec ces contraintes financi\u00e8res. Thibault<br \/>\nrepart ainsi avec un bracelet \u00ab\u00a0pour ma s\u0153ur. Je n&rsquo;ai pas<br \/>\nbeaucoup de budget cette ann\u00e9e.\u00a0\u00bb, a-t-il \u00e9voqu\u00e9 dans les<br \/>\ncolonnes d&rsquo;<a href=\"https:\/\/www.francebleu.fr\/infos\/economie-social\/c-est-trente-euros-par-personne-le-budget-cadeaux-de-noel-en-baisse-cette-annee-en-mayenne-et-les-pays-de-la-loire-4346772\" target=\"_blank\" rel=\"nofollow noopener\">Ici La Ro\u00eb<\/a>. Au<br \/>\nd\u00e9tour des stands artisanaux, Marie-Agn\u00e8s confirme cette prudence :<br \/>\n\u00ab\u00a0le budget de No\u00ebl, c&rsquo;est trente euros par personne.<br \/>\n<strong>Enfants, petits-enfants, tout le monde a la m\u00eame<br \/>\nchose<\/strong>.\u00a0\u00bb<\/p>\n<p>Face \u00e0 la hausse g\u00e9n\u00e9rale des prix, beaucoup se tournent vers la<br \/>\nseconde main, devenue un v\u00e9ritable r\u00e9flexe \u00e9conomique. La bourse<br \/>\naux jouets de Ch\u00e2teau-Gontier-sur-Mayenne a d\u2019ailleurs enregistr\u00e9<br \/>\nune affluence massive. Plus de <strong>6 000 objets<br \/>\nd\u2019occasion<\/strong> \u00e9taient propos\u00e9s, et \u00ab\u00a0en quelques heures<br \/>\nplus la moiti\u00e9 ont \u00e9t\u00e9 vendus\u00a0\u00bb, observe Fran\u00e7oise Bonsergent,<br \/>\npr\u00e9sidente de Planet\u2019M\u00f4mes 53. Manon s\u2019y prom\u00e8ne \u00ab\u00a0avec la liste<br \/>\nde (sa) fille\u00a0\u00bb, tout en respectant un budget pr\u00e9cis : \u00ab\u00a0130<br \/>\neuros pour ma fille, et environ 25 euros pour les neveux et<br \/>\nni\u00e8ces\u00a0\u00bb.<\/p>\n<p><img loading=\"lazy\" decoding=\"async\" aria-describedby=\"caption-attachment-1217711\" itemprop=\"thumbnailUrl\" class=\"size-full wp-image-1217711 img-responsive\" src=\"https:\/\/www.europesays.com\/fr\/wp-content\/uploads\/2025\/11\/1763433135_418_illu-2025-11-06t142347.306.jpg\" alt=\"March\u00e9 de No\u00ebl\" width=\"1280\" height=\"720\"\/> \u00a9<br \/>\nshutterstock<\/p>\n<p id=\"caption-attachment-1217711\" class=\"wp-caption-text\">Les<br \/>\nFran\u00e7ais se tournent vers les march\u00e9s de No\u00ebl artisaux ou les<br \/>\nventes de seconde main.<\/p>\n<p>Budget No\u00ebl 2025 : de combien a-t-il<br \/>\nbaiss\u00e9 ?<\/p>\n<p>Pour d\u2019autres visiteurs, la seconde main reste incontournable<br \/>\npour pr\u00e9server le plaisir d\u2019offrir sans d\u00e9passer les limites.<br \/>\n\u00ab\u00a0Je vois des habitu\u00e9s, des papis, mamies, qui repartent avec<br \/>\ndes chariots pleins pour No\u00ebl et les anniversaires\u00a0\u00bb, explique<br \/>\nencore Fran\u00e7oise Bonsergent. Certains jouets neufs figuraient m\u00eame<br \/>\nexceptionnellement sur les tables : \u00ab\u00a0Exceptionnellement, le<br \/>\n<a href=\"https:\/\/www.mariefrance.fr\/mise-en-avant\/diaporama-accueil\/intermarche-ferme-portes-supermarches-28-magasins-casino-pourraient-disparaitre-1131462.html\" rel=\"nofollow noopener\" target=\"_blank\"><br \/>\nmagasin Intermarch\u00e9<\/a> de Ch\u00e2teau-Gontier nous a <strong>offert<br \/>\ndes jeux qu&rsquo;on a vendus \u00e0 -50%\u00a0\u00bb.<\/strong><\/p>\n<p><img loading=\"lazy\" decoding=\"async\" aria-describedby=\"caption-attachment-1113126\" class=\"size-full wp-image-1113126 img-responsive\" src=\"https:\/\/www.europesays.com\/fr\/wp-content\/uploads\/2025\/11\/1-286.jpg\" alt=\"No\u00ebl\" width=\"1280\" height=\"720\"\/> \u00a9<br \/>\nShutterstock<\/p>\n<p id=\"caption-attachment-1113126\" class=\"wp-caption-text\">\n\u00a0Sous le sapin en 2025, peut \u00eatre moins de cadeaux, mais<br \/>\ntoujours autant de joie et de moments de bonheur partag\u00e9s.<\/p>\n<p>Les b\u00e9n\u00e9fices issus de cette bourse permettent \u00e9galement de<br \/>\nsoutenir une initiative solidaire. Soixante-dix pour cent du prix<br \/>\nde vente reviennent aux anciens propri\u00e9taires, tandis que le reste<br \/>\nest revers\u00e9 \u00e0 une association engag\u00e9e dans la protection de<br \/>\nl\u2019enfance. Une mani\u00e8re de conjuguer <strong>\u00e9conomies, \u00e9cologie et<br \/>\nsolidarit\u00e9<\/strong>\u2026 tout en pr\u00e9parant No\u00ebl autrement.<\/p>\n","protected":false},"excerpt":{"rendered":"Le budget consacr\u00e9 aux f\u00eates de fin d\u2019ann\u00e9e devrait encore diminuer cette ann\u00e9e en Mayenne et dans les&hellip;\n","protected":false},"author":2,"featured_media":541554,"comment_status":"","ping_status":"","sticky":false,"template":"","format":"standard","meta":{"footnotes":""},"categories":[6],"tags":[35,33,34,1011,27],"class_list":{"0":"post-541553","1":"post","2":"type-post","3":"status-publish","4":"format-standard","5":"has-post-thumbnail","7":"category-economie","8":"tag-business","9":"tag-economie","10":"tag-economy","11":"tag-fr","12":"tag-france"},"share_on_mastodon":{"url":"https:\/\/pubeurope.com\/@fr\/115568361949234753","error":""},"_links":{"self":[{"href":"https:\/\/www.europesays.com\/fr\/wp-json\/wp\/v2\/posts\/541553","targetHints":{"allow":["GET"]}}],"collection":[{"href":"https:\/\/www.europesays.com\/fr\/wp-json\/wp\/v2\/posts"}],"about":[{"href":"https:\/\/www.europesays.com\/fr\/wp-json\/wp\/v2\/types\/post"}],"author":[{"embeddable":true,"href":"https:\/\/www.europesays.com\/fr\/wp-json\/wp\/v2\/users\/2"}],"replies":[{"embeddable":true,"href":"https:\/\/www.europesays.com\/fr\/wp-json\/wp\/v2\/comments?post=541553"}],"version-history":[{"count":0,"href":"https:\/\/www.europesays.com\/fr\/wp-json\/wp\/v2\/posts\/541553\/revisions"}],"wp:featuredmedia":[{"embeddable":true,"href":"https:\/\/www.europesays.com\/fr\/wp-json\/wp\/v2\/media\/541554"}],"wp:attachment":[{"href":"https:\/\/www.europesays.com\/fr\/wp-json\/wp\/v2\/media?parent=541553"}],"wp:term":[{"taxonomy":"category","embeddable":true,"href":"https:\/\/www.europesays.com\/fr\/wp-json\/wp\/v2\/categories?post=541553"},{"taxonomy":"post_tag","embeddable":true,"href":"https:\/\/www.europesays.com\/fr\/wp-json\/wp\/v2\/tags?post=541553"}],"curies":[{"name":"wp","href":"https:\/\/api.w.org\/{rel}","templated":true}]}}