{"id":541561,"date":"2025-11-18T02:38:13","date_gmt":"2025-11-18T02:38:13","guid":{"rendered":"https:\/\/www.europesays.com\/fr\/541561\/"},"modified":"2025-11-18T02:38:13","modified_gmt":"2025-11-18T02:38:13","slug":"noel-a-saint-etienne-le-programme-complet-des-festivites-devoile","status":"publish","type":"post","link":"https:\/\/www.europesays.com\/fr\/541561\/","title":{"rendered":"NO\u00cbL \u00c0 SAINT-\u00c9TIENNE : LE PROGRAMME COMPLET DES FESTIVIT\u00c9S D\u00c9VOIL\u00c9"},"content":{"rendered":"<p>                <a href=\"https:\/\/cadenceradio.fr\" target=\"_blank\" aria-label=\"Banni\u00e8re Cadence 2025\" rel=\"noopener\"><img loading=\"lazy\" decoding=\"async\" src=\"https:\/\/www.europesays.com\/fr\/wp-content\/uploads\/2025\/07\/Banniere-Cadence-2025-scaled.jpg\" alt=\"\"   width=\"2560\" height=\"738\"\/><\/a><\/p>\n<p><strong>Le Village de No\u00ebl<\/strong>\u00a0prendra place sur la place de l\u2019H\u00f4tel-de-Ville avec pr\u00e8s de 50 chalets d\u2019artisans, de cr\u00e9ateurs et de producteurs r\u00e9gionaux. Du 21 novembre au 31 d\u00e9cembre.<\/p>\n<p><strong>La Grande Roue<\/strong>\u00a0sera \u00e9galement de retour \u00e0 partir du 21 novembre jusqu\u2019au 31 d\u00e9cembre.<\/p>\n<p><strong>L\u2019Espace Gourmand<\/strong>\u00a0proposera vins chauds, bretzels et autres produits sucr\u00e9s et sal\u00e9s du 21 novembre au 31 d\u00e9cembre.<\/p>\n<p>Les Afterworks de No\u00ebl<\/p>\n<p>Les vendredis 5, 12 et 19 d\u00e9cembre, des \u00ab\u00a0Afterworks de No\u00ebl\u00a0\u00bb animeront l\u2019Espace Gourmand, place de l\u2019H\u00f4tel de Ville, entre 18h et 20h. Au programme : concerts de jazz, pop, soul et classiques de No\u00ebl.<\/p>\n<p>Les animations pour les enfants<\/p>\n<p><strong>L\u2019atelier du P\u00e8re No\u00ebl<\/strong>\u00a0s\u2019installera place Dorian du 23 novembre au 23 d\u00e9cembre. L\u2019occasion pour les enfants de rencontrer le P\u00e8re No\u00ebl et de repartir avec une photo souvenir.<\/p>\n<p><strong>Le sapin merveilleux<\/strong>, un arbre d\u00e9cor\u00e9 de huit boules multicolores, sera install\u00e9 place Jean-Jaur\u00e8s du 21 novembre au 31 d\u00e9cembre.<\/p>\n<p><strong>La descente de luge<\/strong>, \u00e9galement place Jean-Jaur\u00e8s, sera accessible du 21 novembre au 31 d\u00e9cembre.<\/p>\n<p>La Sainte-Barbe c\u00e9l\u00e9br\u00e9e le 6 d\u00e9cembre<\/p>\n<p>La Ville de Saint-\u00c9tienne perp\u00e9tuera la tradition de la Sainte-Barbe le samedi 6 d\u00e9cembre, avec un d\u00e9part place Jean-Jaur\u00e8s et une arriv\u00e9e au Mus\u00e9e de la Mine.<\/p>\n<p><strong>Programme de la soir\u00e9e :<\/strong><\/p>\n<p><strong>18h45<\/strong>\u00a0: Rassemblement sur le parvis de la Cath\u00e9drale Saint-Charles, vente de lumignons au profit du T\u00e9l\u00e9thon<\/p>\n<p><strong>19h15<\/strong>\u00a0: Mise en lumi\u00e8re de la Cath\u00e9drale, du Grand Sapin et de la place Jean-Jaur\u00e8s<\/p>\n<p><strong>19h30<\/strong>\u00a0: D\u00e9part du d\u00e9fil\u00e9 en direction du Puits Couriot \u2013 Mus\u00e9e de la Mine<\/p>\n<p><strong>20h<\/strong>\u00a0: Spectacle pyrotechnique en musique tir\u00e9 depuis le Chevalement<\/p>\n<p><strong>20h30<\/strong>\u00a0: Brioches, vin blanc ou chaud offerts<\/p>\n<p>Un programme complet pour c\u00e9l\u00e9brer les f\u00eates de fin d\u2019ann\u00e9e dans la tradition st\u00e9phanoise, m\u00ealant festivit\u00e9s populaires et hommage au patrimoine minier local. Le programme complet <a href=\"https:\/\/www.saint-etienne.fr\/noel2025\" target=\"_blank\" rel=\"noopener\" title=\"\">ICI<\/a>.<\/p>\n","protected":false},"excerpt":{"rendered":"Le Village de No\u00ebl\u00a0prendra place sur la place de l\u2019H\u00f4tel-de-Ville avec pr\u00e8s de 50 chalets d\u2019artisans, de cr\u00e9ateurs&hellip;\n","protected":false},"author":2,"featured_media":541562,"comment_status":"","ping_status":"","sticky":false,"template":"","format":"standard","meta":{"footnotes":""},"categories":[9653],"tags":[328,1111,11,2430,1777,674,1011,27,3367,12,15830,25,4001],"class_list":{"0":"post-541561","1":"post","2":"type-post","3":"status-publish","4":"format-standard","5":"has-post-thumbnail","7":"category-saint-etienne","8":"tag-a-la-une","9":"tag-actu","10":"tag-actualites","11":"tag-auvergne-rhone-alpes","12":"tag-eu","13":"tag-europe","14":"tag-fr","15":"tag-france","16":"tag-loire","17":"tag-news","18":"tag-noel","19":"tag-republique-francaise","20":"tag-saint-etienne"},"share_on_mastodon":{"url":"https:\/\/pubeurope.com\/@fr\/115568385890053873","error":""},"_links":{"self":[{"href":"https:\/\/www.europesays.com\/fr\/wp-json\/wp\/v2\/posts\/541561","targetHints":{"allow":["GET"]}}],"collection":[{"href":"https:\/\/www.europesays.com\/fr\/wp-json\/wp\/v2\/posts"}],"about":[{"href":"https:\/\/www.europesays.com\/fr\/wp-json\/wp\/v2\/types\/post"}],"author":[{"embeddable":true,"href":"https:\/\/www.europesays.com\/fr\/wp-json\/wp\/v2\/users\/2"}],"replies":[{"embeddable":true,"href":"https:\/\/www.europesays.com\/fr\/wp-json\/wp\/v2\/comments?post=541561"}],"version-history":[{"count":0,"href":"https:\/\/www.europesays.com\/fr\/wp-json\/wp\/v2\/posts\/541561\/revisions"}],"wp:featuredmedia":[{"embeddable":true,"href":"https:\/\/www.europesays.com\/fr\/wp-json\/wp\/v2\/media\/541562"}],"wp:attachment":[{"href":"https:\/\/www.europesays.com\/fr\/wp-json\/wp\/v2\/media?parent=541561"}],"wp:term":[{"taxonomy":"category","embeddable":true,"href":"https:\/\/www.europesays.com\/fr\/wp-json\/wp\/v2\/categories?post=541561"},{"taxonomy":"post_tag","embeddable":true,"href":"https:\/\/www.europesays.com\/fr\/wp-json\/wp\/v2\/tags?post=541561"}],"curies":[{"name":"wp","href":"https:\/\/api.w.org\/{rel}","templated":true}]}}