{"id":541565,"date":"2025-11-18T02:41:25","date_gmt":"2025-11-18T02:41:25","guid":{"rendered":"https:\/\/www.europesays.com\/fr\/541565\/"},"modified":"2025-11-18T02:41:25","modified_gmt":"2025-11-18T02:41:25","slug":"une-conductrice-de-72-ans-dans-un-etat-grave-apres-avoir-percute-un-arbre","status":"publish","type":"post","link":"https:\/\/www.europesays.com\/fr\/541565\/","title":{"rendered":"une conductrice de 72 ans dans un \u00e9tat grave apr\u00e8s avoir percut\u00e9 un arbre"},"content":{"rendered":"<p>                    Par<br \/>\n        <strong><br \/>\n            <a href=\"https:\/\/actu.fr\/auteur\/pierre-emile-bouchy-actu-fr\" title=\"Consulter tous les articles de Paul-Emile Bouchy\" target=\"_blank\" rel=\"noopener\">Paul-Emile Bouchy<\/a><br \/>\n                    <\/strong><\/p>\n<p>        Publi\u00e9 le<\/p>\n<p>            17 nov. 2025 \u00e0 18h39        <\/p>\n<p>Alors qu\u2019<a href=\"https:\/\/actu.fr\/grand-est\/lemainville_54309\/lorraine-en-rentrant-du-travail-un-homme-de-27-ans-percute-violemment-un-arbre-avec-sa-camionnette_63448344.html\" target=\"_blank\" rel=\"noopener\">un homme de 27\u00a0ans a percut\u00e9 un arbre avec sa camionnette<\/a> samedi matin, un nouvel accident impliquant un seul v\u00e9hicule a eu lieu ce lundi en <a href=\"https:\/\/actu.fr\/grand-est\/meurthe-et-moselle_54\" target=\"_blank\" rel=\"noopener\">Meurthe-et-Moselle<\/a>.<\/p>\n<p class=\" wall-content\">Vers 12h45, sur le secteur de Lant\u00e9fontaine, pr\u00e8s de Val de Briey, <strong>une femme de 72\u00a0ans a percut\u00e9 un arbre avec sa voiture<\/strong>. Gravement bless\u00e9e, elle a \u00e9t\u00e9 <strong>h\u00e9liport\u00e9e<\/strong> vers le <a href=\"https:\/\/actu.fr\/tag\/chru-de-nancy\" target=\"_blank\" rel=\"noopener\">CHRU de Nancy<\/a>.<\/p>\n<p>Son pronostic vital engag\u00e9 au moment de son h\u00e9liportage<\/p>\n<p class=\" wall-content\">Sur place, les <a href=\"https:\/\/actu.fr\/tag\/pompiers\" target=\"_blank\" rel=\"noopener\">pompiers<\/a> ont d\u00e9couvert <strong>un C4 Picasso qui avait fini sa course contre un arbre dans le bas-c\u00f4t\u00e9<\/strong> de la RD 906. Incarc\u00e9r\u00e9e dans le v\u00e9hicule, la conductrice a \u00e9t\u00e9 gravement bless\u00e9e.<\/p>\n<p class=\" wall-content\">Selon la <a href=\"https:\/\/actu.fr\/tag\/gendarmerie\" target=\"_blank\" rel=\"noopener\">gendarmerie<\/a>, <strong>son pronostic vital \u00e9tait engag\u00e9 au moment de son h\u00e9liportage<\/strong> vers l\u2019h\u00f4pital nanc\u00e9ien.<\/p>\n<p class=\" wall-content\">Pour le moment, les circonstances de l\u2019accident restent inconnues et une enqu\u00eate a \u00e9t\u00e9 ouverte.<\/p>\n<p class=\" wall-content\">Personnalisez votre actualit\u00e9 en ajoutant vos villes et m\u00e9dias en favori avec <a href=\"https:\/\/moncompte.actu.fr\" title=\"D\u00e9couvez Mon Actu\" rel=\"nofollow noopener\" data-trk=\"{&quot;cta&quot;:{&quot;action&quot;:&quot;https:\\\/\\\/moncompte.actu.fr&quot;,&quot;category&quot;:&quot;mon compte&quot;,&quot;from&quot;:&quot;article footer&quot;,&quot;name&quot;:&quot;Mon actu&quot;,&quot;type&quot;:&quot;cta&quot;}}\" target=\"_blank\">Mon Actu<\/a>.<\/p>\n","protected":false},"excerpt":{"rendered":"Par Paul-Emile Bouchy Publi\u00e9 le 17 nov. 2025 \u00e0 18h39 Alors qu\u2019un homme de 27\u00a0ans a percut\u00e9 un&hellip;\n","protected":false},"author":2,"featured_media":541566,"comment_status":"","ping_status":"","sticky":false,"template":"","format":"standard","meta":{"footnotes":""},"categories":[9635],"tags":[119,1111,11,1777,674,118,1011,27,3381,775,1702,12,1311,25],"class_list":{"0":"post-541565","1":"post","2":"type-post","3":"status-publish","4":"format-standard","5":"has-post-thumbnail","7":"category-nancy","8":"tag-accident","9":"tag-actu","10":"tag-actualites","11":"tag-eu","12":"tag-europe","13":"tag-faits-divers","14":"tag-fr","15":"tag-france","16":"tag-gendarmerie","17":"tag-grand-est","18":"tag-nancy","19":"tag-news","20":"tag-pompiers","21":"tag-republique-francaise"},"share_on_mastodon":{"url":"https:\/\/pubeurope.com\/@fr\/115568396405374865","error":""},"_links":{"self":[{"href":"https:\/\/www.europesays.com\/fr\/wp-json\/wp\/v2\/posts\/541565","targetHints":{"allow":["GET"]}}],"collection":[{"href":"https:\/\/www.europesays.com\/fr\/wp-json\/wp\/v2\/posts"}],"about":[{"href":"https:\/\/www.europesays.com\/fr\/wp-json\/wp\/v2\/types\/post"}],"author":[{"embeddable":true,"href":"https:\/\/www.europesays.com\/fr\/wp-json\/wp\/v2\/users\/2"}],"replies":[{"embeddable":true,"href":"https:\/\/www.europesays.com\/fr\/wp-json\/wp\/v2\/comments?post=541565"}],"version-history":[{"count":0,"href":"https:\/\/www.europesays.com\/fr\/wp-json\/wp\/v2\/posts\/541565\/revisions"}],"wp:featuredmedia":[{"embeddable":true,"href":"https:\/\/www.europesays.com\/fr\/wp-json\/wp\/v2\/media\/541566"}],"wp:attachment":[{"href":"https:\/\/www.europesays.com\/fr\/wp-json\/wp\/v2\/media?parent=541565"}],"wp:term":[{"taxonomy":"category","embeddable":true,"href":"https:\/\/www.europesays.com\/fr\/wp-json\/wp\/v2\/categories?post=541565"},{"taxonomy":"post_tag","embeddable":true,"href":"https:\/\/www.europesays.com\/fr\/wp-json\/wp\/v2\/tags?post=541565"}],"curies":[{"name":"wp","href":"https:\/\/api.w.org\/{rel}","templated":true}]}}