{"id":541567,"date":"2025-11-18T02:43:13","date_gmt":"2025-11-18T02:43:13","guid":{"rendered":"https:\/\/www.europesays.com\/fr\/541567\/"},"modified":"2025-11-18T02:43:13","modified_gmt":"2025-11-18T02:43:13","slug":"le-chancelier-allemand-veut-une-europe-plus-souveraine-et-moins-reglementee","status":"publish","type":"post","link":"https:\/\/www.europesays.com\/fr\/541567\/","title":{"rendered":"Le chancelier allemand veut une Europe plus souveraine et moins r\u00e9glement\u00e9e"},"content":{"rendered":"<p>L\u2019Europe a besoin de plus de souverainet\u00e9 et de moins de bureaucratie et de <a href=\"https:\/\/rennes.maville.com\/actu\/actudet_-tout-numerique-protection-des-donnees...-l-europe-veut-simplifier-la-vie-des-entreprises-_54135-6821820_actu.Htm\" target=\"_blank\" rel=\"noopener\">r\u00e8gles bancaires<\/a> qui la freinent, a plaid\u00e9 lundi 17\u00a0novembre 2025 le chancelier allemand Friedrich Merz, \u00e0 la veille d\u2019un sommet sur le num\u00e9rique \u00e0 Berlin, avec Emmanuel Macron, comme le rapporte l\u2019Agence France-Presse (AFP).<\/p>\n<p>Associer la souverainet\u00e9 \u00e0 l\u2019Europe <strong>\u00ab\u00a0\u00e9tait \u00e0 l\u2019origine une formulation fran\u00e7aise plut\u00f4t qu\u2019allemande\u00a0\u00bb,<\/strong> mais <strong>\u00ab\u00a0je m\u2019en empare aujourd\u2019hui parce que je consid\u00e8re que c\u2019est n\u00e9cessaire\u00a0\u00bb,<\/strong> a d\u00e9clar\u00e9 le dirigeant allemand lors d\u2019un forum \u00e9conomique \u00e0 Berlin organis\u00e9 par le quotidien bavarois S\u00fcddeutsche Zeitung.<\/p>\n<p>Devenir plus souverains et ind\u00e9pendants<\/p>\n<p><strong>\u00ab\u00a0Nous devons devenir plus souverains et ind\u00e9pendants dans de nombreux domaines politiques et \u00e9conomiques\u00a0\u00bb,<\/strong> a d\u00e9clar\u00e9 le chancelier, soulignant que l\u2019Allemagne et l\u2019Europe ne peuvent plus <strong>\u00ab\u00a0se reposer sur le fait que l\u2019Am\u00e9rique nous d\u00e9fend, que la Chine nous fournit les mati\u00e8res premi\u00e8res, ou que la Russie sera un jour garante de la paix\u00a0\u00bb,<\/strong> a-t-il martel\u00e9.<\/p>\n<p><a href=\"https:\/\/rennes.maville.com\/actu\/actudet_-guerre-en-ukraine-crise-energetique-et-tensions-militaires...-le-point-sur-la-nuit-_54135-7059732_actu.Htm\" target=\"_blank\" rel=\"noopener\">La crise \u00e9nerg\u00e9tique n\u00e9e de l\u2019invasion russe de l\u2019Ukraine<\/a>, la p\u00e9nurie de certaines mati\u00e8res premi\u00e8res et la position dominante de la Chine dans les secteurs cl\u00e9s (semi-conducteurs, batteries, terres rares) ont mis en \u00e9vidence la vuln\u00e9rabilit\u00e9 de l\u2019Europe et en particulier du mod\u00e8le industriel allemand.<\/p>\n<p><strong>Lire aussi\u00a0:<\/strong> <a href=\"https:\/\/rennes.maville.com\/actu\/actudet_-le-chancelier-allemand-fera-tout-contre-l-interdiction-des-voitures-thermiques-neuves-en-2035-_54135-7012902_actu.Htm\" target=\"_blank\" rel=\"noopener\">Le chancelier allemand \u00ab\u00a0fera tout\u00a0\u00bb contre l\u2019interdiction des voitures thermiques neuves en 2035<\/a><\/p>\n<p>\u00ab\u00a0Monstre bureaucratique\u00a0\u00bb<\/p>\n<p>Le chancelier a \u00e9galement d\u00e9nonc\u00e9 les lourdeurs administratives qui freinent le march\u00e9 unique europ\u00e9en. Selon lui, le march\u00e9 unique lanc\u00e9 il y plus de quarante ans s\u2019est transform\u00e9 en <strong>\u00ab\u00a0monstre bureaucratique\u00a0\u00bb<\/strong> per\u00e7u par les entreprises comme un frein \u00e0 leurs affaires plus qu\u2019un espace d\u2019opportunit\u00e9s.<\/p>\n<p>Le dirigeant allemand s\u2019est targu\u00e9 \u00e0 cet \u00e9gard d\u2019\u00eatre \u00e0 l\u2019initiative d\u2019un Conseil extraordinaire des dirigeants europ\u00e9ens pr\u00e9vu le 12\u00a0f\u00e9vrier et qui sera consacr\u00e9 \u00e0 la comp\u00e9titivit\u00e9 de l\u2019industrie europ\u00e9enne et la r\u00e9duction de son fardeau bureaucratique.<\/p>\n<p>Friedrich Merz a par ailleurs jug\u00e9 <strong>\u00ab\u00a0trop rigoureuse\u00a0\u00bb<\/strong> la r\u00e9gulation des banques en Europe, lors d\u2019un discours prononc\u00e9 dans l\u2019apr\u00e8s-midi devant un congr\u00e8s bancaire \u00e0 Francfort. Les mesures prises apr\u00e8s la crise financi\u00e8re de 2008-2009 pour renforcer la solidit\u00e9 des bilans bancaires <strong>\u00ab\u00a0restent justes\u00a0\u00bb,<\/strong> mais <strong>\u00ab\u00a0ce que nous voyons actuellement aux \u00c9tats-Unis et dans d\u2019autres r\u00e9gions du monde, y compris dans d\u2019autres parties de l\u2019Europe, offre bien plus de possibilit\u00e9s de financement des entreprises que chez nous\u00a0\u00bb,<\/strong> a-t-il soutenu.<\/p>\n<p>Faciliter l\u2019apport d\u2019argent aux entreprises<\/p>\n<p>Un exemple qu\u2019il aime citer\u00a0: <a href=\"https:\/\/rennes.maville.com\/actu\/actudet_-covid-19-en-allemagne-le-laboratoire-biontech-fait-face-a-la-justice-pour-son-vaccin-_54135-5809366_actu.Htm\" target=\"_blank\" rel=\"noopener\">la soci\u00e9t\u00e9 allemande BioNTech<\/a>, dont la fulgurante ascension est li\u00e9e \u00e0 son vaccin d\u00e9velopp\u00e9 contre le Covid \u00e0 base d\u2019ARN messager, a choisi le Nasdaq \u00e0 New York pour lever des capitaux. Le chancelier ne veut <strong>\u00ab\u00a0plus accepter\u00a0\u00bb<\/strong> que ces entreprises se tournent vers le march\u00e9 am\u00e9ricain pour financer leur croissance, d\u2019o\u00f9 son appel r\u00e9it\u00e9r\u00e9 \u00e0 un <strong>\u00ab\u00a0march\u00e9 financier europ\u00e9en performant et efficace\u00a0\u00bb,<\/strong> incluant une place financi\u00e8re europ\u00e9enne pour concurrencer ses rivales am\u00e9ricaines et asiatiques.<\/p>\n<p>L\u2019Union des capitaux, rebaptis\u00e9e <a href=\"https:\/\/rennes.maville.com\/actu\/actudet_-point-de-vue.-et-si-on-utilisait-notre-epargne-pour-l-europe-_53511-6748127_actu.Htm\" target=\"_blank\" rel=\"noopener\">Union de l\u2019\u00e9pargne et de l\u2019investissement<\/a>, v\u00e9ritable serpent de mer des sommets des 27, pr\u00e9voit d\u2019harmoniser les r\u00e9glementations des diff\u00e9rentes bourses europ\u00e9ennes. L\u2019objectif est de canaliser l\u2019\u00e9pargne europ\u00e9enne vers des investissements qui renforcent la comp\u00e9titivit\u00e9 des entreprises et soutiennent les transitions num\u00e9rique et \u00e9cologique.<\/p>\n<p>\u00a0<\/p>\n","protected":false},"excerpt":{"rendered":"L\u2019Europe a besoin de plus de souverainet\u00e9 et de moins de bureaucratie et de r\u00e8gles bancaires qui la&hellip;\n","protected":false},"author":2,"featured_media":541568,"comment_status":"","ping_status":"","sticky":false,"template":"","format":"standard","meta":{"footnotes":""},"categories":[9619],"tags":[1111,11,8438,13348,1777,674,1011,27,12,882,65962,25,30343,2310],"class_list":{"0":"post-541567","1":"post","2":"type-post","3":"status-publish","4":"format-standard","5":"has-post-thumbnail","7":"category-toulon","8":"tag-actu","9":"tag-actualites","10":"tag-allemand","11":"tag-chancelier","12":"tag-eu","13":"tag-europe","14":"tag-fr","15":"tag-france","16":"tag-news","17":"tag-provence-alpes-cote-dazur","18":"tag-reglementee","19":"tag-republique-francaise","20":"tag-souveraine","21":"tag-toulon"},"share_on_mastodon":{"url":"https:\/\/pubeurope.com\/@fr\/115568404382786204","error":""},"_links":{"self":[{"href":"https:\/\/www.europesays.com\/fr\/wp-json\/wp\/v2\/posts\/541567","targetHints":{"allow":["GET"]}}],"collection":[{"href":"https:\/\/www.europesays.com\/fr\/wp-json\/wp\/v2\/posts"}],"about":[{"href":"https:\/\/www.europesays.com\/fr\/wp-json\/wp\/v2\/types\/post"}],"author":[{"embeddable":true,"href":"https:\/\/www.europesays.com\/fr\/wp-json\/wp\/v2\/users\/2"}],"replies":[{"embeddable":true,"href":"https:\/\/www.europesays.com\/fr\/wp-json\/wp\/v2\/comments?post=541567"}],"version-history":[{"count":0,"href":"https:\/\/www.europesays.com\/fr\/wp-json\/wp\/v2\/posts\/541567\/revisions"}],"wp:featuredmedia":[{"embeddable":true,"href":"https:\/\/www.europesays.com\/fr\/wp-json\/wp\/v2\/media\/541568"}],"wp:attachment":[{"href":"https:\/\/www.europesays.com\/fr\/wp-json\/wp\/v2\/media?parent=541567"}],"wp:term":[{"taxonomy":"category","embeddable":true,"href":"https:\/\/www.europesays.com\/fr\/wp-json\/wp\/v2\/categories?post=541567"},{"taxonomy":"post_tag","embeddable":true,"href":"https:\/\/www.europesays.com\/fr\/wp-json\/wp\/v2\/tags?post=541567"}],"curies":[{"name":"wp","href":"https:\/\/api.w.org\/{rel}","templated":true}]}}