{"id":54157,"date":"2025-04-26T10:31:08","date_gmt":"2025-04-26T10:31:08","guid":{"rendered":"https:\/\/www.europesays.com\/fr\/54157\/"},"modified":"2025-04-26T10:31:08","modified_gmt":"2025-04-26T10:31:08","slug":"le-gouvernement-annule-3-milliards-deuros-de-credits","status":"publish","type":"post","link":"https:\/\/www.europesays.com\/fr\/54157\/","title":{"rendered":"le gouvernement annule 3 milliards d&rsquo;euros de cr\u00e9dits"},"content":{"rendered":"<p>Cette d\u00e9cision, publi\u00e9e dans le Journal officiel, s\u2019inscrit dans le cadre de l\u2019effort suppl\u00e9mentaire de 5 milliards d\u2019euros pour 2025, annonc\u00e9 par Bercy d\u00e9but avril.<\/p>\n<p class=\"fig-paragraph\">Le gouvernement a act\u00e9 samedi\u00a0<a href=\"https:\/\/www.legifrance.gouv.fr\/jorf\/id\/JORFTEXT000051520778\" target=\"_blank\" rel=\"nofollow noopener\" data-gtm-custom-categorie=\"navigation\" data-gtm-custom-action=\"crossclick\" data-gtm-custom-label=\"Contextuel\" data-gtm-event=\"customEventSPE\">dans le Journal officiel<\/a>\u00a0des annulations de cr\u00e9dits \u00e0 hauteur de 3,1 milliards dans le cadre de l&rsquo;effort suppl\u00e9mentaire de\u00a0<a href=\"http:\/\/www.lefigaro.fr\/conjoncture\/guerre-commerciale-le-gouvernement-annonce-5-milliards-d-euros-de-depenses-en-moins-pour-tenir-la-ligne-20250409\" data-fig-type=\"NewsFlash\" data-gtm-custom-categorie=\"navigation\" data-gtm-custom-action=\"crossclick\" data-gtm-custom-label=\"Contextuel\" data-gtm-event=\"customEventSPE\" data-fig-domain=\"LEFIGARO\" target=\"_blank\" rel=\"noopener\">5 milliards d&rsquo;euros pour 2025<\/a>\u00a0d\u00e9j\u00e0 annonc\u00e9 par Bercy d\u00e9but avril. La ministre des Comptes publics Am\u00e9lie de Montchalin avait expliqu\u00e9 alors que ces 5 milliards d&rsquo;euros devaient permettre de tenir les objectifs de\u00a0<a href=\"http:\/\/www.lefigaro.fr\/conjoncture\/deficit-le-retour-sous-les-3-en-2029-deja-sujet-a-caution-20250416\" data-fig-type=\"Article\" data-gtm-custom-categorie=\"navigation\" data-gtm-custom-action=\"crossclick\" data-gtm-custom-label=\"Contextuel\" data-gtm-event=\"customEventSPE\" data-fig-domain=\"LEFIGARO\" target=\"_blank\" rel=\"noopener\">d\u00e9ficit public<\/a>\u00a0pour cette ann\u00e9e dans un contexte de croissance moindre.<\/p>\n<p class=\"fig-paragraph\">\u00abCes 5 milliards d&rsquo;euros que nous allons, soit annuler, soit repousser, soit r\u00e9orienter, c&rsquo;est notre r\u00e9ponse \u00e0 un monde instable. C&rsquo;est la mani\u00e8re de faire face quoi qu&rsquo;il arrive \u00e0 ce monde instable\u00bb, avait-elle d\u00e9clar\u00e9. Une partie de cette somme s&rsquo;est concr\u00e9tis\u00e9e \u00e0 travers le d\u00e9cret publi\u00e9 au Journal officiel. \u00abAfin de pr\u00e9venir une d\u00e9t\u00e9rioration de l&rsquo;\u00e9quilibre budg\u00e9taire sur le budget de l&rsquo;\u00c9tat\u00bb, \u00able pr\u00e9sent d\u00e9cret porte des annulations de cr\u00e9dits \u00e0 hauteur de 3,1 milliards d&rsquo;euros en autorisations d&rsquo;engagement\u00bb, selon le Journal officiel. \u00abCet effort porte essentiellement sur les cr\u00e9dits hors masse salariale, mis en r\u00e9serve en d\u00e9but d&rsquo;ann\u00e9e\u00bb, est-il pr\u00e9cis\u00e9, \u00abces annulations ne devraient ainsi pas remettre en cause de fa\u00e7on significative la capacit\u00e9 d&rsquo;ex\u00e9cution des politiques publiques, selon les termes convenus dans la loi de finances initiale pour 2025\u00bb.<\/p>\n<p class=\"fig-paragraph\">Parmi les annulations de cr\u00e9dits, sont concern\u00e9s la mission \u00ab\u00e9cologie, d\u00e9veloppement et mobilit\u00e9 durable\u00bb (549,6 millions d&rsquo;euros), la mission \u00ab\u00e9conomie\u00bb (517,7 millions d&rsquo;euros), la mission \u00abrecherche et enseignement sup\u00e9rieur\u00bb (493,3 millions d&rsquo;euros) ou encore la mission \u00abagriculture, alimentation et affaires rurales\u00bb (140 millions d&rsquo;euros). \u00abLa d\u00e9gradation r\u00e9cente des perspectives macro\u00e9conomiques conduit \u00e0 anticiper de moindres recettes publiques, en lien notamment avec une r\u00e9vision de la pr\u00e9vision de croissance \u00e0 0,7%. Ces risques sont \u00e9galement renforc\u00e9s par le contexte g\u00e9opolitique incertain\u00bb, souligne le d\u00e9cret. \u00abDans ce cadre, un effort suppl\u00e9mentaire de ma\u00eetrise de la d\u00e9pense est n\u00e9cessaire pour respecter la trajectoire de redressement des comptes publics sur laquelle le gouvernement s&rsquo;est engag\u00e9\u00bb, est-il ajout\u00e9.<\/p>\n","protected":false},"excerpt":{"rendered":"Cette d\u00e9cision, publi\u00e9e dans le Journal officiel, s\u2019inscrit dans le cadre de l\u2019effort suppl\u00e9mentaire de 5 milliards d\u2019euros&hellip;\n","protected":false},"author":2,"featured_media":54158,"comment_status":"","ping_status":"","sticky":false,"template":"","format":"standard","meta":{"footnotes":""},"categories":[6],"tags":[339,14846,340,35,343,345,350,130,344,352,349,7993,33,34,341,313,1011,27,346,342,353,351,347,348,354],"class_list":{"0":"post-54157","1":"post","2":"type-post","3":"status-publish","4":"format-standard","5":"has-post-thumbnail","7":"category-economie","8":"tag-actualite-economique","9":"tag-bercy","10":"tag-bourse","11":"tag-business","12":"tag-cac-40","13":"tag-chef-dentreprise","14":"tag-concurrence","15":"tag-consommation","16":"tag-creation-dentreprise","17":"tag-crise","18":"tag-delocalisations","19":"tag-dette-publique","20":"tag-economie","21":"tag-economy","22":"tag-emploi","23":"tag-entreprises","24":"tag-fr","25":"tag-france","26":"tag-grands-patrons","27":"tag-impots","28":"tag-licenciements","29":"tag-monopole","30":"tag-multinationales","31":"tag-privatisation","32":"tag-unio"},"share_on_mastodon":{"url":"https:\/\/pubeurope.com\/@fr\/114403808659937748","error":""},"_links":{"self":[{"href":"https:\/\/www.europesays.com\/fr\/wp-json\/wp\/v2\/posts\/54157","targetHints":{"allow":["GET"]}}],"collection":[{"href":"https:\/\/www.europesays.com\/fr\/wp-json\/wp\/v2\/posts"}],"about":[{"href":"https:\/\/www.europesays.com\/fr\/wp-json\/wp\/v2\/types\/post"}],"author":[{"embeddable":true,"href":"https:\/\/www.europesays.com\/fr\/wp-json\/wp\/v2\/users\/2"}],"replies":[{"embeddable":true,"href":"https:\/\/www.europesays.com\/fr\/wp-json\/wp\/v2\/comments?post=54157"}],"version-history":[{"count":0,"href":"https:\/\/www.europesays.com\/fr\/wp-json\/wp\/v2\/posts\/54157\/revisions"}],"wp:featuredmedia":[{"embeddable":true,"href":"https:\/\/www.europesays.com\/fr\/wp-json\/wp\/v2\/media\/54158"}],"wp:attachment":[{"href":"https:\/\/www.europesays.com\/fr\/wp-json\/wp\/v2\/media?parent=54157"}],"wp:term":[{"taxonomy":"category","embeddable":true,"href":"https:\/\/www.europesays.com\/fr\/wp-json\/wp\/v2\/categories?post=54157"},{"taxonomy":"post_tag","embeddable":true,"href":"https:\/\/www.europesays.com\/fr\/wp-json\/wp\/v2\/tags?post=54157"}],"curies":[{"name":"wp","href":"https:\/\/api.w.org\/{rel}","templated":true}]}}