{"id":541571,"date":"2025-11-18T02:45:17","date_gmt":"2025-11-18T02:45:17","guid":{"rendered":"https:\/\/www.europesays.com\/fr\/541571\/"},"modified":"2025-11-18T02:45:17","modified_gmt":"2025-11-18T02:45:17","slug":"lusap-ne-sait-pas-encore-si-benjamin-urdapilleta-pourra-jouer-contre-montpellier-explications","status":"publish","type":"post","link":"https:\/\/www.europesays.com\/fr\/541571\/","title":{"rendered":"L\u2019USAP ne sait pas encore si Benjamin Urdapilleta pourra jouer contre Montpellier : Explications !"},"content":{"rendered":"<p data-start=\"297\" data-end=\"518\">C\u2019est officiel : <strong data-start=\"314\" data-end=\"355\">Benjam\u00edn Urdapilleta rejoue en Top 14<\/strong>.<\/p>\n<p data-start=\"297\" data-end=\"518\">L\u2019USAP a confirm\u00e9 ce lundi la signature du l\u00e9gendaire ouvreur argentin, qui s\u2019est engag\u00e9 jusqu\u2019en juin prochain apr\u00e8s avoir pass\u00e9 avec succ\u00e8s sa visite m\u00e9dicale comme l\u2019indique <a href=\"https:\/\/www.lindependant.fr\/2025\/11\/17\/top-14-lusap-officialise-larrivee-de-louvreur-argentin-benjamin-urdapilleta-jusqua-la-fin-de-la-saison-13055773.php\" rel=\"nofollow noopener\" target=\"_blank\">L\u2019Ind\u00e9pendant<\/a>.<\/p>\n<p data-start=\"520\" data-end=\"556\"><strong>\u25aa\ufe0f Un retour surprise \u00e0 39 ans<\/strong><\/p>\n<p data-start=\"557\" data-end=\"840\">\u00c0 39 ans, Urdapilleta avait mis un terme \u00e0 sa carri\u00e8re professionnelle en juin dernier apr\u00e8s deux saisons \u00e0 Clermont. Mais l\u2019USAP cherchait un renfort d\u2019exp\u00e9rience au poste d\u2019ouvreur\u2026 et le meilleur buteur de l\u2019histoire du Top 14 (2 510 points !) s\u2019est av\u00e9r\u00e9 \u00eatre la solution id\u00e9ale.<\/p>\n<p data-start=\"842\" data-end=\"1146\">Depuis son d\u00e9part de France, l\u2019international argentin (19 s\u00e9lections) jouait encore \u00e0 <strong data-start=\"929\" data-end=\"967\">Buenos Aires<\/strong>, ce qui lui a permis de rester en tr\u00e8s bonne forme. Un \u00e9l\u00e9ment d\u00e9terminant pour Laurent Labit, convaincu de son niveau physique et de sa capacit\u00e9 \u00e0 aider imm\u00e9diatement le groupe.<\/p>\n<p data-start=\"1148\" data-end=\"1184\"><strong>\u25aa\ufe0f Arriv\u00e9e express \u00e0 Perpignan<\/strong><\/p>\n<p data-start=\"1185\" data-end=\"1371\">Le joueur a atterri en Catalogne ce dimanche, avant de passer sa visite m\u00e9dicale ce lundi matin. Tout s\u2019est bien d\u00e9roul\u00e9. R\u00e9sultat : l\u2019USAP a pu officialiser sa signature dans la foul\u00e9e.<\/p>\n<p data-start=\"1373\" data-end=\"1607\">Urdapilleta participera \u00e0 son <strong data-start=\"1403\" data-end=\"1437\">premier entra\u00eenement d\u00e8s mardi<\/strong>, au centre de performance. Le club esp\u00e8re m\u00eame pouvoir l\u2019aligner <strong data-start=\"1503\" data-end=\"1536\">d\u00e8s samedi contre Montpellier<\/strong> (16 h 35 \u00e0 B\u00e9ziers)\u2026 \u00e0 condition que la LNR valide sa licence \u00e0 temps.<\/p>\n<p data-start=\"1609\" data-end=\"1664\"><strong>\u25aa\ufe0f Un renfort d\u2019exp\u00e9rience pour un moment crucial<\/strong><\/p>\n<p data-start=\"1665\" data-end=\"1925\">Avec plus de 10 ans de Top 14 dans les jambes, pass\u00e9s notamment \u00e0 Castres (2015-2023) o\u00f9 il a marqu\u00e9 l\u2019histoire du club, Urdapilleta arrive pour apporter sang-froid, pr\u00e9cision et leadership \u00e0 une \u00e9quipe de l\u2019USAP engag\u00e9e dans une phase importante de sa saison.<\/p>\n<blockquote class=\"twitter-tweet\" data-width=\"550\" data-dnt=\"true\">\n<p lang=\"fr\" dir=\"ltr\">\ud835\udddc\ud835\uddf9 \ud835\uddfb\ud835\uddfc\ud835\ude02\ud835\ude00 \ud835\uddff\ud835\uddf2\ud835\uddf7\ud835\uddfc\ud835\uddf6\ud835\uddfb\ud835\ude01 \ud83d\udc4b<\/p>\n<p>L\u2019USAP et son pr\u00e9sident Fran\u00e7ois Rivi\u00e8re sont fiers de vous annoncer la signature de l\u2019international Argentin demi d\u2019ouverture \ud835\uddd5\ud835\uddf2\ud835\uddfb\ud835\uddf7\ud835\uddee\ud835\uddfa\ud835\uddf6\ud835\uddfb \ud835\udde8\ud835\uddff\ud835\uddf1\ud835\uddee\ud835\uddfd\ud835\uddf6\ud835\uddf9\ud835\uddf9\ud835\uddf2\ud835\ude01\ud835\uddee en joueur additionnel jusqu\u2019\u00e0 la fin de la saison \ud83d\udcaa<a href=\"https:\/\/twitter.com\/hashtag\/le5eelement?src=hash&amp;ref_src=twsrc%5Etfw\" rel=\"nofollow noopener\" target=\"_blank\">#le5eelement<\/a> <a href=\"https:\/\/t.co\/sI7EKq8Sd6\" rel=\"nofollow\">pic.twitter.com\/sI7EKq8Sd6<\/a><\/p>\n<p>\u2014 USAP (@usap_officiel) <a href=\"https:\/\/twitter.com\/usap_officiel\/status\/1990426562852770171?ref_src=twsrc%5Etfw\" rel=\"nofollow noopener\" target=\"_blank\">November 17, 2025<\/a><\/p>\n<\/blockquote>\n<p><script async src=\"https:\/\/platform.twitter.com\/widgets.js\" charset=\"utf-8\"><\/script><\/p>\n","protected":false},"excerpt":{"rendered":"C\u2019est officiel : Benjam\u00edn Urdapilleta rejoue en Top 14. L\u2019USAP a confirm\u00e9 ce lundi la signature du l\u00e9gendaire&hellip;\n","protected":false},"author":2,"featured_media":541572,"comment_status":"","ping_status":"","sticky":false,"template":"","format":"standard","meta":{"footnotes":""},"categories":[9599],"tags":[1111,11,1777,674,1011,27,2208,12,2680,25],"class_list":{"0":"post-541571","1":"post","2":"type-post","3":"status-publish","4":"format-standard","5":"has-post-thumbnail","7":"category-montpellier","8":"tag-actu","9":"tag-actualites","10":"tag-eu","11":"tag-europe","12":"tag-fr","13":"tag-france","14":"tag-montpellier","15":"tag-news","16":"tag-occitanie","17":"tag-republique-francaise"},"share_on_mastodon":{"url":"https:\/\/pubeurope.com\/@fr\/115568412154242632","error":""},"_links":{"self":[{"href":"https:\/\/www.europesays.com\/fr\/wp-json\/wp\/v2\/posts\/541571","targetHints":{"allow":["GET"]}}],"collection":[{"href":"https:\/\/www.europesays.com\/fr\/wp-json\/wp\/v2\/posts"}],"about":[{"href":"https:\/\/www.europesays.com\/fr\/wp-json\/wp\/v2\/types\/post"}],"author":[{"embeddable":true,"href":"https:\/\/www.europesays.com\/fr\/wp-json\/wp\/v2\/users\/2"}],"replies":[{"embeddable":true,"href":"https:\/\/www.europesays.com\/fr\/wp-json\/wp\/v2\/comments?post=541571"}],"version-history":[{"count":0,"href":"https:\/\/www.europesays.com\/fr\/wp-json\/wp\/v2\/posts\/541571\/revisions"}],"wp:featuredmedia":[{"embeddable":true,"href":"https:\/\/www.europesays.com\/fr\/wp-json\/wp\/v2\/media\/541572"}],"wp:attachment":[{"href":"https:\/\/www.europesays.com\/fr\/wp-json\/wp\/v2\/media?parent=541571"}],"wp:term":[{"taxonomy":"category","embeddable":true,"href":"https:\/\/www.europesays.com\/fr\/wp-json\/wp\/v2\/categories?post=541571"},{"taxonomy":"post_tag","embeddable":true,"href":"https:\/\/www.europesays.com\/fr\/wp-json\/wp\/v2\/tags?post=541571"}],"curies":[{"name":"wp","href":"https:\/\/api.w.org\/{rel}","templated":true}]}}