{"id":541573,"date":"2025-11-18T02:47:16","date_gmt":"2025-11-18T02:47:16","guid":{"rendered":"https:\/\/www.europesays.com\/fr\/541573\/"},"modified":"2025-11-18T02:47:16","modified_gmt":"2025-11-18T02:47:16","slug":"pollution-des-manifestants-bloquent-une-usine-basf-pres-de-rouen-17-11-2025-a-2013","status":"publish","type":"post","link":"https:\/\/www.europesays.com\/fr\/541573\/","title":{"rendered":"Pollution: des manifestants bloquent une usine BASF pr\u00e8s de Rouen &#8211; 17\/11\/2025 \u00e0 20:13"},"content":{"rendered":"<p>        <img decoding=\"async\" src=\"https:\/\/www.europesays.com\/fr\/wp-content\/uploads\/2025\/11\/4b7022b81c6488173622c2a07cb7abe9-760x507.jpg\" alt=\"Des militants \u00e9cologistes manifestent devant un site BASF \u00e0 Saint-Aubin-Les-Elbeuf, en Seine-Maritime, le 17 novembre 2025 ( AFP \/ LOU BENOIST )\" loading=\"eager\" fetchpriority=\"high\" width=\"760\" height=\"507\" style=\"max-width: 100%!important; height: auto;\"\/><\/p>\n<p class=\"c-image-news__legend\">Des militants \u00e9cologistes manifestent devant un site BASF \u00e0 Saint-Aubin-Les-Elbeuf, en Seine-Maritime, le 17 novembre 2025 ( AFP \/ LOU BENOIST )<\/p>\n<p>\n Plusieurs centaines de manifestants ont bloqu\u00e9 lundi pendant quelques heures l&rsquo;usine BASF de Saint-Aubin-l\u00e8s-Elbeuf, pr\u00e8s de Rouen, pour d\u00e9noncer la production de pesticides et des rejets de polluants \u00e9ternels dans l&rsquo;environnement.\n<\/p>\n<p>\n Entam\u00e9 \u00e0 l&rsquo;aube, le blocage du site a \u00e9t\u00e9 lev\u00e9 peu avant 13h00, a constat\u00e9 un journaliste de l&rsquo;AFP. \u00ab\u00a0L&rsquo;action est lev\u00e9e\u00a0\u00bb, a confirm\u00e9 le syndicat agricole Conf\u00e9d\u00e9ration paysanne, co-organisateur de l&rsquo;op\u00e9ration.\n<\/p>\n<p>\n Quelque 300 personnes ont particip\u00e9 \u00e0 cette action et une soixantaine est parvenue \u00e0 p\u00e9n\u00e9trer \u00e0 l&rsquo;int\u00e9rieur du site en for\u00e7ant l&rsquo;entr\u00e9e \u00e0 l&rsquo;aide de tracteurs agricoles, selon la pr\u00e9fecture de Seine-Maritime. Deux militants ont \u00e9t\u00e9 interpell\u00e9s pour \u00ab\u00a0outrage\u00a0\u00bb et \u00ab\u00a0r\u00e9bellion\u00a0\u00bb, a-t-elle pr\u00e9cis\u00e9.\n<\/p>\n<p>\n Les organisateurs ont affirm\u00e9 avoir r\u00e9uni lundi matin environ 500 agriculteurs et citoyens devant le site BASF accus\u00e9 de fabriquer des produits dangereux pour la sant\u00e9. \u00ab\u00a0Les premiers touch\u00e9s, c&rsquo;est les paysans, les paysannes et les salari\u00e9s agricoles de ce syst\u00e8me agrochimique\u00a0\u00bb, a d\u00e9clar\u00e9 Thomas Gibert de la Conf\u00e9d\u00e9ration paysanne.\n<\/p>\n<p>\n Les PFAS et les pesticides posent un \u00ab\u00a0probl\u00e8me majeur de sant\u00e9 publique\u00a0\u00bb, ont d\u00e9nonc\u00e9 les manifestants, citant notamment la multiplication de \u00ab\u00a0cancers p\u00e9diatriques, maladies neurod\u00e9g\u00e9n\u00e9ratives et troubles hormonaux\u00a0\u00bb, dans un communiqu\u00e9.\n<\/p>\n<\/p>\n<p>\n Arriv\u00e9s vers 07H45, la plupart des militants \u00e9taient v\u00eatus d&rsquo;une combinaison blanche. Ils ont brandi autour de l&rsquo;usine des pancartes comme \u00ab\u00a0BASF multinationale du cancer\u00a0\u00bb, \u00ab\u00a0pesticide tue et pollue\u00a0\u00bb, ou \u00ab\u00a0BASF exportateur de poison\u00a0\u00bb, selon le journaliste de l&rsquo;AFP sur place.\n<\/p>\n<p>\n Ils \u00e9taient plac\u00e9s sous la surveillance d&rsquo;un important dispositif policier.\n<\/p>\n<p>\n Sept tracteurs et des amas de terre ont interdit le passage \u00e0 six poids lourds bloqu\u00e9s devant l&rsquo;entr\u00e9e.\n<\/p>\n<p>\n \u00ab\u00a0Des intrusions, des d\u00e9gradations de mat\u00e9riels, des comportements pouvant porter atteinte \u00e0 la s\u00e9curit\u00e9 du site et des attitudes d&rsquo;intimidation \u00e0 l&rsquo;\u00e9gard des personnels ont \u00e9t\u00e9 constat\u00e9s\u00a0\u00bb, a d\u00e9nonc\u00e9 la direction de BASF France, annon\u00e7ant son intention de d\u00e9poser plainte.\n<\/p>\n<p>        <img decoding=\"async\" src=\"https:\/\/www.europesays.com\/fr\/wp-content\/uploads\/2025\/11\/fd21787afa02cccf4331ad5719c7eb4b-760x507.jpg\" alt=\"Des militants \u00e9cologistes manifestent devant un site BASF \u00e0 Saint-Aubin-Les-Elbeuf, en Seine-Maritime, le 17 novembre 2025 ( AFP \/ Lou BENOIST )\" loading=\"eager\" fetchpriority=\"high\" width=\"760\" height=\"507\" style=\"max-width: 100%!important; height: auto;\"\/><\/p>\n<p class=\"c-image-news__legend\">Des militants \u00e9cologistes manifestent devant un site BASF \u00e0 Saint-Aubin-Les-Elbeuf, en Seine-Maritime, le 17 novembre 2025 ( AFP \/ Lou BENOIST )<\/p>\n<p>\n En janvier, plusieurs associations avaient d\u00e9nonc\u00e9 l&rsquo;impact du site sur l&rsquo;environnement. Elles affirmaient que cette usine d\u00e9tenait le \u00ab\u00a0record fran\u00e7ais, et de tr\u00e8s loin, de rejets de TFA dans la Seine\u00a0\u00bb, un polluant \u00e9ternel de la famille des PFAS.\n<\/p>\n<p>\n BASF a indiqu\u00e9 qu&rsquo;un plan men\u00e9 depuis janvier a permis \u00ab\u00a0une r\u00e9duction de 85% des \u00e9missions de TFA\u00a0\u00bb depuis janvier.\n<\/p>\n<p>\n Plusieurs organisations, la Conf\u00e9d\u00e9ration paysanne, le Collectif de soutien aux victimes des pesticides de l&rsquo;Ouest (CSVPO), Cancer Col\u00e8re, les Faucheurs volontaires et les Soul\u00e8vements de la Terre, ont revendiqu\u00e9 cette op\u00e9ration coup de poing. Ils ont expliqu\u00e9 avoir proc\u00e9d\u00e9 \u00e0 une \u00ab\u00a0inspection des stocks afin de r\u00e9cup\u00e9rer des preuves suppl\u00e9mentaires de la fabrication et du stockage de pesticides interdits, notamment \u00e0 base de Fipronil\u00a0\u00bb.\n<\/p>\n<p>\n \u00ab\u00a0Cette usine produit en immense majorit\u00e9 des pesticides interdits en Europe pour l&rsquo;exportation vers l&rsquo;Am\u00e9rique du Sud, c&rsquo;est totalement ill\u00e9gitime\u00a0\u00bb, a affirm\u00e9 M. Gibert, d\u00e9non\u00e7ant la recherche de profits au d\u00e9triment du bien commun et \u00ab\u00a0l&rsquo;ind\u00e9cence\u00a0\u00bb d&rsquo;entreprises qui, selon lui, \u00ab\u00a0vont profiter aussi des accords de libre-\u00e9change comme le trait\u00e9 du Mercosur\u00a0\u00bb.<\/p>\n","protected":false},"excerpt":{"rendered":"Des militants \u00e9cologistes manifestent devant un site BASF \u00e0 Saint-Aubin-Les-Elbeuf, en Seine-Maritime, le 17 novembre 2025 ( AFP&hellip;\n","protected":false},"author":2,"featured_media":541574,"comment_status":"","ping_status":"","sticky":false,"template":"","format":"standard","meta":{"footnotes":""},"categories":[9587],"tags":[400,1111,11,398,408,405,1777,674,1011,27,403,402,399,404,12,5161,25,9590,401,406,407],"class_list":{"0":"post-541573","1":"post","2":"type-post","3":"status-publish","4":"format-standard","5":"has-post-thumbnail","7":"category-rouen","8":"tag-action-cac-40","9":"tag-actu","10":"tag-actualites","11":"tag-bourse-de-paris","12":"tag-boursorama","13":"tag-cotations","14":"tag-eu","15":"tag-europe","16":"tag-fr","17":"tag-france","18":"tag-indices-devises","19":"tag-investir","20":"tag-investissement","21":"tag-marche-boursier","22":"tag-news","23":"tag-normandie","24":"tag-republique-francaise","25":"tag-rouen","26":"tag-sicav","27":"tag-trackers","28":"tag-warrants"},"share_on_mastodon":{"url":"https:\/\/pubeurope.com\/@fr\/115568420678521213","error":""},"_links":{"self":[{"href":"https:\/\/www.europesays.com\/fr\/wp-json\/wp\/v2\/posts\/541573","targetHints":{"allow":["GET"]}}],"collection":[{"href":"https:\/\/www.europesays.com\/fr\/wp-json\/wp\/v2\/posts"}],"about":[{"href":"https:\/\/www.europesays.com\/fr\/wp-json\/wp\/v2\/types\/post"}],"author":[{"embeddable":true,"href":"https:\/\/www.europesays.com\/fr\/wp-json\/wp\/v2\/users\/2"}],"replies":[{"embeddable":true,"href":"https:\/\/www.europesays.com\/fr\/wp-json\/wp\/v2\/comments?post=541573"}],"version-history":[{"count":0,"href":"https:\/\/www.europesays.com\/fr\/wp-json\/wp\/v2\/posts\/541573\/revisions"}],"wp:featuredmedia":[{"embeddable":true,"href":"https:\/\/www.europesays.com\/fr\/wp-json\/wp\/v2\/media\/541574"}],"wp:attachment":[{"href":"https:\/\/www.europesays.com\/fr\/wp-json\/wp\/v2\/media?parent=541573"}],"wp:term":[{"taxonomy":"category","embeddable":true,"href":"https:\/\/www.europesays.com\/fr\/wp-json\/wp\/v2\/categories?post=541573"},{"taxonomy":"post_tag","embeddable":true,"href":"https:\/\/www.europesays.com\/fr\/wp-json\/wp\/v2\/tags?post=541573"}],"curies":[{"name":"wp","href":"https:\/\/api.w.org\/{rel}","templated":true}]}}