{"id":541577,"date":"2025-11-18T02:51:47","date_gmt":"2025-11-18T02:51:47","guid":{"rendered":"https:\/\/www.europesays.com\/fr\/541577\/"},"modified":"2025-11-18T02:51:47","modified_gmt":"2025-11-18T02:51:47","slug":"entretien-la-semaine-europeenne-cest-bien-mais-est-ce-que-les-personnes-handicapees-maville-com-rennes","status":"publish","type":"post","link":"https:\/\/www.europesays.com\/fr\/541577\/","title":{"rendered":"ENTRETIEN. \u00ab La semaine europ\u00e9enne, c\u2019est bien, mais est-ce que les personnes handicap\u00e9es &#8211; MaVille.com &#8211; Rennes"},"content":{"rendered":"<ol>\n<li><a href=\"https:\/\/news.google.com\/rss\/articles\/CBMiggJBVV95cUxPaTJjTHlnZXhiTDZ6c01YSkZCSWItMWZJc1FVOHZLa1ZPRkxDdldFZ0ZKWnNOU0RrY2ZIUFBHY3hGaGI0Qm5DQ19IVWtjdGo4bTJINGNXMjhYOEFKemtqVzJSMlFVSF9hRF85TG5HUjByNTJhVHdyMGZ1bS1uSjhDT2VENmtuVEt5Rmk5b0I5ZnpEckZ3alZub0hBN3VBeHl0VVd4cV84eVlaS0NidWJSSXZkQkVWM0h6R0h5eEYxbEd0R1lDU2pxMW1FSWtfamJnVVZfOXhfX1ZRalNBNVhDa3VmU1dkSERlMXRYZEs4cVNKeVdGWEF5QW04eWg1dElzSEE?oc=5\" target=\"_blank\" rel=\"noopener\">ENTRETIEN. \u00ab La semaine europ\u00e9enne, c\u2019est bien, mais est-ce que les personnes handicap\u00e9es<\/a>&nbsp;&nbsp;MaVille.com &#8211; Rennes<\/li>\n<li><a href=\"https:\/\/news.google.com\/rss\/articles\/CBMinwJBVV95cUxNVmtodjZwWVVYSGdraGRhTXdnbVgzV2J5YXBkUjdZYVZXZXh5SUI0ZkZrbXZ2eDk2V0pia3VUMlhwcjRLSVNaMDV3bmNWVm1DaDlPenUyNWFLM0pGOGlxQW4wSW91MGo3Y1I0ZkJzSVYyMW9FbFRrMnBSR3hxYlZObzZjbzdMa2tJSDUtSVBKWndJcVN0Z1Q4V3lWSjE1V0JvUHNBc1E3V2hEUW1MMGVaVEpxWFUzallTQ0VOc2Z0czVrYURDQmRWRmpGNUFZMk5rV2FTM2F6R2dkRHd1SEtTd0dyQ1Utemo0eWFfRGpwdEVHUm9yWGgySXF2U3VBeHViaXI3R2NLYkFldnE2bmJ2YWx0aFh5QXl4cWpZMk9NZw?oc=5\" target=\"_blank\" rel=\"noopener\">Airbus, Manitou, Cr\u00e9dit Mutuel\u2026 Au sud de Nantes, un rendez-vous pour l\u2019emploi \u00e0 destination des personnes handicap\u00e9es<\/a>&nbsp;&nbsp;Ouest-France<\/li>\n<li><a href=\"https:\/\/news.google.com\/rss\/articles\/CBMi3wFBVV95cUxNMkZxMkJUVFl2c2I1NHVIeVRub0ZESlBkWkhOZ3NwTlBiV2pLbUJDdTZxa29vZlBHd2lXVVBOcjhWT0hKaEZna2Qxcm1MRWVOTjRGMkRXR3B5RzczZ2JIVmRiZ1piUmV1bkZKdXlNc1AyX25SVGlUa1E0ZWMyQWFrMzBzZHpQMEY5bkw4TUtYN1l0Z20wMDRuUzcxY2pZM2VvY1dSMTdXeVJsRFRWNFQ3OEZ4ZEFIcUFRTFUxOGFsS21VSTUtaVdRZWRTaVNiYU1BbnR2REpZdXYzNE80d0s4?oc=5\" target=\"_blank\" rel=\"noopener\">La semaine europ\u00e9enne de l\u2019emploi des personnes handicap\u00e9es affiche un programme charg\u00e9 en Aveyron<\/a>&nbsp;&nbsp;Midi Libre<\/li>\n<li><a href=\"https:\/\/news.google.com\/rss\/articles\/CBMi6wFBVV95cUxQVDJ6WXBtNGtrTUVLVlVSMnltMXlUSVY1M0kzVFFSU0huSU9SeGpRTUdXSFJFWDRMb1RvaHo5Z2JCMDBWVEMzZkVISWw4Rmx6UnBLem1GejF4ZFEwWjlVSTB3VzhsWW5VQmhKX0wxQ0pKSElRbnUwYjg1M1V3U1ViSXNRX1hIM0RXbDZTa3BYckR2ZWZPcllESmFBaHFxZU1BTHh2azNuT0c1YnF4QndDVUNXY0RXRm13N1RpdXRacjJta0pRTXFhdHo5OUZVazR3SUg5TlpZTlMwZWxuejY0SGo2ZnpiS1NtdUN3?oc=5\" target=\"_blank\" rel=\"noopener\">20 ans apr\u00e8s la loi handicap, faites bouger les lignes de l\u2019inclusion dans le Puy-de-D\u00f4me<\/a>&nbsp;&nbsp;La Montagne<\/li>\n<li><a href=\"https:\/\/news.google.com\/rss\/articles\/CBMivgFBVV95cUxONGtsb0pPblBSMVROLVd2X0RIeEZLZTNpUnAycDNnNTdtVFVGRmdGN19SUFd0c1o3VVFlSG1pbzFCUGhXMU14a0ZjQ05oSGFteVF2YXRoOUVIN0VtVzQ2Y182YXV5VVVEUnJnMTIzcDBsdFl4VEEzdmxpajNhdmo4NlZKeE1wa2xTaVN2UjJ0MER5S05qdGhsT0l3c0VudVdSdF9ZS0pncFZfYTdsMmxVU3paRUs2MU5CRFd5UHVR?oc=5\" target=\"_blank\" rel=\"noopener\">Chalon-sur-Sa\u00f4ne. La Mutualit\u00e9 de Sa\u00f4ne-et-Loire facilite l\u2019inclusion des travailleurs handicap\u00e9s<\/a>&nbsp;&nbsp;Le JSL<\/li>\n<\/ol>\n","protected":false},"excerpt":{"rendered":"ENTRETIEN. \u00ab La semaine europ\u00e9enne, c\u2019est bien, mais est-ce que les personnes handicap\u00e9es&nbsp;&nbsp;MaVille.com &#8211; Rennes Airbus, Manitou, Cr\u00e9dit&hellip;\n","protected":false},"author":2,"featured_media":541578,"comment_status":"","ping_status":"","sticky":false,"template":"","format":"standard","meta":{"footnotes":""},"categories":[2821],"tags":[1111,11,3809,1465,829,1777,674,63,1011,27,1792,1922,12,584,25,479,517,1470],"class_list":{"0":"post-541577","1":"post","2":"type-post","3":"status-publish","4":"format-standard","5":"has-post-thumbnail","7":"category-rennes","8":"tag-actu","9":"tag-actualites","10":"tag-ball","11":"tag-basket","12":"tag-bretagne","13":"tag-eu","14":"tag-europe","15":"tag-football","16":"tag-fr","17":"tag-france","18":"tag-handball","19":"tag-info","20":"tag-news","21":"tag-rennes","22":"tag-republique-francaise","23":"tag-rugby","24":"tag-sport","25":"tag-volley"},"share_on_mastodon":{"url":"https:\/\/pubeurope.com\/@fr\/115568439632640952","error":""},"_links":{"self":[{"href":"https:\/\/www.europesays.com\/fr\/wp-json\/wp\/v2\/posts\/541577","targetHints":{"allow":["GET"]}}],"collection":[{"href":"https:\/\/www.europesays.com\/fr\/wp-json\/wp\/v2\/posts"}],"about":[{"href":"https:\/\/www.europesays.com\/fr\/wp-json\/wp\/v2\/types\/post"}],"author":[{"embeddable":true,"href":"https:\/\/www.europesays.com\/fr\/wp-json\/wp\/v2\/users\/2"}],"replies":[{"embeddable":true,"href":"https:\/\/www.europesays.com\/fr\/wp-json\/wp\/v2\/comments?post=541577"}],"version-history":[{"count":0,"href":"https:\/\/www.europesays.com\/fr\/wp-json\/wp\/v2\/posts\/541577\/revisions"}],"wp:featuredmedia":[{"embeddable":true,"href":"https:\/\/www.europesays.com\/fr\/wp-json\/wp\/v2\/media\/541578"}],"wp:attachment":[{"href":"https:\/\/www.europesays.com\/fr\/wp-json\/wp\/v2\/media?parent=541577"}],"wp:term":[{"taxonomy":"category","embeddable":true,"href":"https:\/\/www.europesays.com\/fr\/wp-json\/wp\/v2\/categories?post=541577"},{"taxonomy":"post_tag","embeddable":true,"href":"https:\/\/www.europesays.com\/fr\/wp-json\/wp\/v2\/tags?post=541577"}],"curies":[{"name":"wp","href":"https:\/\/api.w.org\/{rel}","templated":true}]}}