{"id":541588,"date":"2025-11-18T02:58:20","date_gmt":"2025-11-18T02:58:20","guid":{"rendered":"https:\/\/www.europesays.com\/fr\/541588\/"},"modified":"2025-11-18T02:58:20","modified_gmt":"2025-11-18T02:58:20","slug":"on-sort-son-tricot-et-ses-pelotes-devant-le-grand-ecran-du-cinema-le-concorde-a-nantes-la-2","status":"publish","type":"post","link":"https:\/\/www.europesays.com\/fr\/541588\/","title":{"rendered":"On sort son tricot et ses pelotes devant le grand \u00e9cran du cin\u00e9ma Le Concorde, \u00e0 Nantes\u00a0: la"},"content":{"rendered":"<p>Une paire d\u2019aiguilles sous le bras, quelques pelotes de fils dans les mains. Vous voil\u00e0 par\u00e9s pour faire une petite toile\u00a0! En collaboration avec la recyclerie nantaise Au petit grenier, le cin\u00e9ma <a href=\"https:\/\/nantes.maville.com\/actu\/actudet_-pourquoi-cet-emblematique-cinema-nantais-a-t-il-decide-de-fermer-pendant-la-canicule-_8-6863192_actu.Htm\" target=\"_blank\" rel=\"noopener\">Le Concorde<\/a> organise, mardi 18\u00a0novembre, une s\u00e9ance\u00a0cin\u00e9-maille. Le principe\u00a0? Papoter, tricoter et crocheter, tout en regardant un film sur grand \u00e9cran.<\/p>\n<p>De la laine vendue dans le hall<\/p>\n<p>Pour prolonger la p\u00e9riode d\u2019Halloween, la com\u00e9die dramatique Vampire humaniste cherche suicidaire consentant, de la r\u00e9alisatrice qu\u00e9b\u00e9coise Ariane Louis-Seize,  a \u00e9t\u00e9 choisie pour cette soir\u00e9e culturelle et cr\u00e9ative.  L\u2019histoire de Sasha, une jeune vampire un peu trop altruiste au go\u00fbt de ses parents, qui n\u2019arrive pas \u00e0 se r\u00e9soudre \u00e0 tuer ses victimes pour pouvoir survivre.<\/p>\n<p>Pour ceux qui oublieront d\u2019amener leurs pelotes, un stand de vente de laine sera m\u00eame install\u00e9 dans le hall du cin\u00e9ma.<\/p>\n<p><strong>Mardi 18\u00a0novembre,<\/strong> \u00e0 18\u00a0h\u00a045, cin\u00e9ma Le Concorde, 79, boulevard de l\u2019\u00c9galit\u00e9, \u00e0 Nantes. Tarif\u00a0: 5\u00a0\u20ac\u00a0; moins de 14\u00a0ans 4,50\u00a0\u20ac.<\/p>\n<p>\u00a0<\/p>\n","protected":false},"excerpt":{"rendered":"Une paire d\u2019aiguilles sous le bras, quelques pelotes de fils dans les mains. Vous voil\u00e0 par\u00e9s pour faire&hellip;\n","protected":false},"author":2,"featured_media":541135,"comment_status":"","ping_status":"","sticky":false,"template":"","format":"standard","meta":{"footnotes":""},"categories":[2818],"tags":[1111,11,10809,65932,650,11273,15859,1777,674,1011,27,2515,766,12,2636,65931,14212,25,4102,50221],"class_list":{"0":"post-541588","1":"post","2":"type-post","3":"status-publish","4":"format-standard","5":"has-post-thumbnail","7":"category-nantes","8":"tag-actu","9":"tag-actualites","10":"tag-brignoles","11":"tag-cine-maille","12":"tag-cinema","13":"tag-concorde","14":"tag-ecran","15":"tag-eu","16":"tag-europe","17":"tag-fr","18":"tag-france","19":"tag-grand","20":"tag-nantes","21":"tag-news","22":"tag-pays-de-la-loire","23":"tag-pelotes","24":"tag-recette","25":"tag-republique-francaise","26":"tag-sort","27":"tag-tricot"},"share_on_mastodon":{"url":"https:\/\/pubeurope.com\/@fr\/115568463351040778","error":""},"_links":{"self":[{"href":"https:\/\/www.europesays.com\/fr\/wp-json\/wp\/v2\/posts\/541588","targetHints":{"allow":["GET"]}}],"collection":[{"href":"https:\/\/www.europesays.com\/fr\/wp-json\/wp\/v2\/posts"}],"about":[{"href":"https:\/\/www.europesays.com\/fr\/wp-json\/wp\/v2\/types\/post"}],"author":[{"embeddable":true,"href":"https:\/\/www.europesays.com\/fr\/wp-json\/wp\/v2\/users\/2"}],"replies":[{"embeddable":true,"href":"https:\/\/www.europesays.com\/fr\/wp-json\/wp\/v2\/comments?post=541588"}],"version-history":[{"count":0,"href":"https:\/\/www.europesays.com\/fr\/wp-json\/wp\/v2\/posts\/541588\/revisions"}],"wp:featuredmedia":[{"embeddable":true,"href":"https:\/\/www.europesays.com\/fr\/wp-json\/wp\/v2\/media\/541135"}],"wp:attachment":[{"href":"https:\/\/www.europesays.com\/fr\/wp-json\/wp\/v2\/media?parent=541588"}],"wp:term":[{"taxonomy":"category","embeddable":true,"href":"https:\/\/www.europesays.com\/fr\/wp-json\/wp\/v2\/categories?post=541588"},{"taxonomy":"post_tag","embeddable":true,"href":"https:\/\/www.europesays.com\/fr\/wp-json\/wp\/v2\/tags?post=541588"}],"curies":[{"name":"wp","href":"https:\/\/api.w.org\/{rel}","templated":true}]}}