{"id":541594,"date":"2025-11-18T03:02:16","date_gmt":"2025-11-18T03:02:16","guid":{"rendered":"https:\/\/www.europesays.com\/fr\/541594\/"},"modified":"2025-11-18T03:02:16","modified_gmt":"2025-11-18T03:02:16","slug":"cette-annee-nous-explosons-tous-les-records","status":"publish","type":"post","link":"https:\/\/www.europesays.com\/fr\/541594\/","title":{"rendered":"\u00ab Cette ann\u00e9e, nous explosons tous les records \u00bb"},"content":{"rendered":"<p><strong><a href=\"https:\/\/www.touleco.fr\/Entreprendre-Occitanie-Garonne-Un-nouveau-visage-pour-un-reseau,39829\" class=\"spip_in\" rel=\"nofollow noopener\" target=\"_blank\">C\u00e9cile Thomas<\/a>, pouvez-vous nous pr\u00e9senter \u00ab\u00a0Osez Oser\u00a0\u00bb, un programme qui entre dans sa deuxi\u00e8me ann\u00e9e et qui soutient les projets entrepreneuriaux port\u00e9s par des femmes\u00a0? <\/strong> <br class=\"autobr\"\/><br \/>\nC\u2019est un programme 100\u00a0% local et gratuit, n\u00e9 du constat que, lorsque je suis arriv\u00e9 en 2023, il y avait tr\u00e8s peu de femmes entrepreneures chez nos laur\u00e9ats. Et elles \u00e9taient en couple avec d\u2019autres chefs d\u2019entreprises soutenus. Il fallait absolument agir. Nous avons fait une enqu\u00eate terrain et nous avons identifi\u00e9 des freins qui bloquent les projets entrepreneuriaux des femmes. Elles ont souvent du mal \u00e0 affirmer une ambition. Dans notre r\u00e9seau, nous soutenons des projets qui doivent cr\u00e9er au minimum cinq \u00e0 dix emplois dans les trois \u00e0 cinq ans. Avancer cela, ce n\u2019est pas si \u00e9vident pour elles. L\u00e0 o\u00f9 les hommes surjouent la confiance, elles mettent un peu trop en avant leurs doutes. Nous voulons les aider \u00e0 se pr\u00e9senter de mani\u00e8re plus confiante, notamment face \u00e0 de potentiels investisseurs. Car c\u2019est l\u00e0 la deuxi\u00e8me difficult\u00e9. Il y a une crainte de demander des financements. Nous voulons rendre plus facile, pour elles, le fait d\u2019aller chercher des pr\u00eats d\u2019honneurs, par exemple.<\/p>\n<p><strong>Comment se d\u00e9roule-t-il\u00a0? <\/strong> <br class=\"autobr\"\/><br \/>\n\u00ab\u00a0Osez Oser\u00a0\u00bb est un programme intensif sur trois mois. La premi\u00e8re \u00e9dition num\u00e9ro s\u2019est d\u00e9roul\u00e9e tout d\u00e9but 2025. Nous avons s\u00e9lectionn\u00e9 sept cheffes d\u2019entreprises sur une trentaine de candidatures. Elles ont b\u00e9n\u00e9fici\u00e9 du marrainage de cheffes d\u2019entreprises, d\u2019ateliers pour les faire gagner en confiance d\u2019un point de vue personnel et professionnel ou encore d\u2019\u00e9v\u00e9nements o\u00f9 nos membres ont pu les challenger sur diff\u00e9rents aspects de leurs projets. Cela a \u00e9t\u00e9 un beau succ\u00e8s. Nous avons vu les candidates \u00e9voluer et leurs projets se renforcer. Elles ont toutes rejoint notre parcours classique d\u2019accompagnement des entrepreneurs. <br class=\"autobr\"\/><br \/>\nL\u2019appel \u00e0 candidatures pour la deuxi\u00e8me \u00e9dition est ouvert jusqu\u2019au 30\u00a0novembre. Le 16\u00a0d\u00e9cembre aura lieu une s\u00e9ance de pitchs qui aboutira \u00e0 la s\u00e9lection de huit \u00e0 neuf projets. L\u2019objectif est de les faire monter en puissance pour qu\u2019ils puissent rejoindre, au bout du compte, notre circuit classique d\u2019accompagnement.<\/p>\n<p><strong>Quel bilan commencez-vous \u00e0 tirer de cette ann\u00e9e 2025\u00a0?<\/strong><br class=\"autobr\"\/><br \/>\nCette ann\u00e9e, nous explosons tous les records. D\u00e9but 2025, peu de projets arrivaient jusqu\u2019\u00e0 nous, mais, depuis juin, il y a en a \u00e9norm\u00e9ment. Notre objectif \u00e9tait d\u2019accompagner trente-six entreprises en 2025. Aujourd\u2019hui, on avoisine les cinquante projets accompagn\u00e9s. Nous avons 220 entrepreneurs b\u00e9n\u00e9voles. Il nous faut absolument recruter de nouveaux membres pour faire face, au mieux, \u00e0 cet afflux de projets entrepreneuriaux. Nous sommes une \u00e9quipe de six salari\u00e9s et, si cette dynamique se poursuit, il va nous falloir embaucher.<\/p>\n<p><strong>Comment envisagez-vous l\u2019ann\u00e9e 2026 qui se profile\u00a0?<\/strong><br class=\"autobr\"\/><br \/>\nCela va \u00eatre une ann\u00e9e charni\u00e8re. Il faudra grandir, passer un cap pour bien accompagner tous ces beaux projets de notre territoire. En avril, on aura une assembl\u00e9e g\u00e9n\u00e9rale qui va acter un changement de pr\u00e9sidence. Apr\u00e8s un mandat de trois ans, Christophe Nobilet va devoir c\u00e9der sa place. Il va donc y avoir une nouvelle pr\u00e9sidente ou pr\u00e9sident, avec une feuille de route nouvelle \u00e0 d\u00e9ployer et, tr\u00e8s certainement, de nouveaux projets qui vont voir le jour.<\/p>\n<p><strong>Pouvez-vous nous rappeler quelles sont les conditions pour \u00eatre un b\u00e9n\u00e9vole du R\u00e9seau Entreprendre\u00a0?<\/strong><br class=\"autobr\"\/><br \/>\nPour \u00eatre membre, il faut avoir cr\u00e9\u00e9, d\u00e9velopp\u00e9 ou repris une entreprise. La taille de celle-ci n\u2019a pas d\u2019importance. Nous avons des membres qui ont cinq collaborateurs, d\u2019autres 3000. Nous voulons juste des gens capables de partager une exp\u00e9rience de l\u2019entrepreneuriat avec nos laur\u00e9ats. <br class=\"autobr\"\/><br \/>\nPropos recueillis par Matthias Hardoy<\/p>\n<p>Sur la photo\u00a0: C\u00e9cile Thomas, la directrice g\u00e9n\u00e9rale de R\u00e9seau Entreprendre Occitanie Garonne depuis 2023. Cr\u00e9dit\u00a0: H\u00e9l\u00e8ne Ressayres-Toul\u00c9co.<\/p>\n","protected":false},"excerpt":{"rendered":"C\u00e9cile Thomas, pouvez-vous nous pr\u00e9senter \u00ab\u00a0Osez Oser\u00a0\u00bb, un programme qui entre dans sa deuxi\u00e8me ann\u00e9e et qui soutient&hellip;\n","protected":false},"author":2,"featured_media":541595,"comment_status":"","ping_status":"","sticky":false,"template":"","format":"standard","meta":{"footnotes":""},"categories":[2816],"tags":[1111,11,17936,58916,1777,674,1011,27,12,2680,25,65972,65971,19436,2312],"class_list":{"0":"post-541594","1":"post","2":"type-post","3":"status-publish","4":"format-standard","5":"has-post-thumbnail","7":"category-toulouse","8":"tag-actu","9":"tag-actualites","10":"tag-bpifrance-occitanie","11":"tag-egalite-professionnelle","12":"tag-eu","13":"tag-europe","14":"tag-fr","15":"tag-france","16":"tag-news","17":"tag-occitanie","18":"tag-republique-francaise","19":"tag-reseau-entreprendre-midi-pyrenees","20":"tag-reseau-entreprendre-occitanie","21":"tag-reseaux","22":"tag-toulouse"},"share_on_mastodon":{"url":"https:\/\/pubeurope.com\/@fr\/115568479150872378","error":""},"_links":{"self":[{"href":"https:\/\/www.europesays.com\/fr\/wp-json\/wp\/v2\/posts\/541594","targetHints":{"allow":["GET"]}}],"collection":[{"href":"https:\/\/www.europesays.com\/fr\/wp-json\/wp\/v2\/posts"}],"about":[{"href":"https:\/\/www.europesays.com\/fr\/wp-json\/wp\/v2\/types\/post"}],"author":[{"embeddable":true,"href":"https:\/\/www.europesays.com\/fr\/wp-json\/wp\/v2\/users\/2"}],"replies":[{"embeddable":true,"href":"https:\/\/www.europesays.com\/fr\/wp-json\/wp\/v2\/comments?post=541594"}],"version-history":[{"count":0,"href":"https:\/\/www.europesays.com\/fr\/wp-json\/wp\/v2\/posts\/541594\/revisions"}],"wp:featuredmedia":[{"embeddable":true,"href":"https:\/\/www.europesays.com\/fr\/wp-json\/wp\/v2\/media\/541595"}],"wp:attachment":[{"href":"https:\/\/www.europesays.com\/fr\/wp-json\/wp\/v2\/media?parent=541594"}],"wp:term":[{"taxonomy":"category","embeddable":true,"href":"https:\/\/www.europesays.com\/fr\/wp-json\/wp\/v2\/categories?post=541594"},{"taxonomy":"post_tag","embeddable":true,"href":"https:\/\/www.europesays.com\/fr\/wp-json\/wp\/v2\/tags?post=541594"}],"curies":[{"name":"wp","href":"https:\/\/api.w.org\/{rel}","templated":true}]}}